{"id":10165,"date":"2013-01-16T19:04:07","date_gmt":"2013-01-16T19:04:07","guid":{"rendered":"http:\/\/www.marianagurza.ro\/blog\/?p=10165"},"modified":"2013-01-17T09:45:15","modified_gmt":"2013-01-17T09:45:15","slug":"visand-in-miezul-de-cuvant","status":"publish","type":"post","link":"https:\/\/www.marianagurza.ro\/blog\/2013\/01\/16\/visand-in-miezul-de-cuvant\/","title":{"rendered":"Vis\u00e2nd \u00een miezul de cuv\u00e2nt"},"content":{"rendered":"<p style=\"text-align: center;\"><strong>\u00a0\u00a0\u00a0\u00a0\u00a0\u00a0\u00a0\u00a0\u00a0\u00a0\u00a0\u00a0\u00a0\u00a0\u00a0\u00a0\u00a0\u00a0\u00a0\u00a0\u00a0\u00a0<a href=\"http:\/\/www.marianagurza.ro\/blog\/wp-content\/uploads\/2013\/01\/mariana-gurza2.jpg\"><img loading=\"lazy\" decoding=\"async\" class=\"size-full wp-image-10176\" title=\"mariana gurza\" src=\"http:\/\/www.marianagurza.ro\/blog\/wp-content\/uploads\/2013\/01\/mariana-gurza2.jpg\" alt=\"\" width=\"166\" height=\"193\" \/><\/a><\/strong><\/p>\n<p><strong>\u00a0\u00a0\u00a0\u00a0\u00a0\u00a0\u00a0\u00a0\u00a0\u00a0\u00a0\u00a0\u00a0\u00a0\u00a0 <\/strong><\/p>\n<p><strong><strong>\u00a0\u00a0\u00a0\u00a0\u00a0\u00a0\u00a0\u00a0\u00a0\u00a0\u00a0\u00a0\u00a0\u00a0\u00a0\u00a0\u00a0\u00a0\u00a0\u00a0\u00a0\u00a0 CERUL PL\u00c2NGE \u00ceN INIMA MEA<\/strong><\/strong><\/p>\n<p>&nbsp;<\/p>\n<p>Am crezut c\u0103 travestindu-m\u0103<\/p>\n<p>\u00een lumin\u0103,<\/p>\n<p>\u00een disperare<\/p>\n<p>am s\u0103-\u0163i adorm imagina\u0163ia.<\/p>\n<p>Am reu\u015fit<\/p>\n<p>s\u0103-mi z\u0103resc \u00eengerul<\/p>\n<p>r\u0103t\u0103cit de mine,<\/p>\n<p>c\u0103ut\u00e2ndu-m\u0103<\/p>\n<p>\u00een gestul meu<\/p>\n<p>de umilin\u0163\u0103.<\/p>\n<p>&nbsp;<\/p>\n<p><strong>\u00a0\u00a0\u00a0\u00a0\u00a0\u00a0\u00a0\u00a0\u00a0\u00a0\u00a0\u00a0\u00a0\u00a0\u00a0\u00a0\u00a0 UMILIN\u0162A M\u0102 MISTUIE<\/strong><\/p>\n<p>&nbsp;<\/p>\n<p>Luntrea ostenise.<\/p>\n<p>S-a \u00eentors f\u0103r\u0103 mine<\/p>\n<p>\u015fi f\u0103r\u0103 v\u00e2sla\u015f.<\/p>\n<p>R\u0103m\u0103sese \u00een ea<\/p>\n<p>inima mea r\u0103t\u0103cind \u00eenghe\u0163at\u0103<\/p>\n<p>\u015fi pl\u00e2nsul ca un tunet<\/p>\n<p>c\u0103ut\u00e2ndu-\u015fi<\/p>\n<p>dragostea luat\u0103 de v\u00e2rtej.<\/p>\n<p>&nbsp;<\/p>\n<p><strong>\u00a0\u00a0\u00a0\u00a0\u00a0\u00a0\u00a0\u00a0\u00a0\u00a0\u00a0\u00a0\u00a0\u00a0\u00a0\u00a0\u00a0\u00a0\u00a0\u00a0\u00a0\u00a0\u00a0\u00a0\u00a0\u00a0\u00a0\u00a0\u00a0\u00a0\u00a0\u00a0 TRESTIA LUI PASCAL<\/strong><\/p>\n<p>&nbsp;<\/p>\n<p>Ca trestia m\u0103 \u00eendoiesc<\/p>\n<p>de tot ce v\u0103d.<\/p>\n<p>Dar sufletul meu plimb\u0103 renii<\/p>\n<p>prin de\u015fertul Polului Nord,<\/p>\n<p>&nbsp;<\/p>\n<p>locuit de fantasmele malefice,<\/p>\n<p>f\u0103r\u0103 s\u0103 \u015ftie c\u0103 dincolo de toate<\/p>\n<p>noi suntem noi,<\/p>\n<p>trestiile r\u00e2urilor<\/p>\n<p>cu g\u00e2nd spre izvoare.<\/p>\n<p>&nbsp;<\/p>\n<p>&nbsp;<\/p>\n<p><strong>\u00a0\u00a0\u00a0\u00a0\u00a0\u00a0\u00a0\u00a0\u00a0\u00a0\u00a0\u00a0\u00a0\u00a0\u00a0\u00a0\u00a0\u00a0\u00a0\u00a0\u00a0\u00a0 VIS\u00c2ND \u00ceN MIEZUL DE CUV\u00c2NT<\/strong><\/p>\n<p>&nbsp;<\/p>\n<p>\u00cenc\u0103 un poet ars pe rugul iubirii,<\/p>\n<p>c\u00e2nd \u00eencepusem s\u0103 uit<\/p>\n<p>c\u0103 fiecare avem v\u0103mi de pl\u0103tit,<\/p>\n<p>c\u0103 \u00een fiecare din noi<\/p>\n<p>mai e un ins,<\/p>\n<p>care mereu<\/p>\n<p>r\u0103m\u00e2ne dator<\/p>\n<p>cu o iubire.<\/p>\n<p>&nbsp;<\/p>\n<p>&nbsp;<\/p>\n<p><strong><strong>\u00a0\u00a0\u00a0\u00a0\u00a0\u00a0\u00a0\u00a0\u00a0\u00a0\u00a0\u00a0\u00a0\u00a0\u00a0\u00a0\u00a0\u00a0\u00a0\u00a0\u00a0\u00a0\u00a0\u00a0\u00a0\u00a0\u00a0\u00a0\u00a0\u00a0 S\u0102 O PORT EU \u00ceNS\u0102MI<\/strong><\/strong><\/p>\n<p>&nbsp;<\/p>\n<p>Pentru actul doi<\/p>\n<p>pe care acum \u00eel scrii<\/p>\n<p>\u00ee\u0163i propun s\u0103 devii<\/p>\n<p>bobul de nisip<\/p>\n<p>r\u0103mas pe talpa vremii.<\/p>\n<p>Vei afla,<\/p>\n<p>din unghiul acela,<\/p>\n<p>ce \u00eenseamn\u0103 povara<\/p>\n<p>pe care o port<\/p>\n<p>eu \u00eens\u0103mi<\/p>\n<p>\u00een fiecare zi,<\/p>\n<p>\u00een fiecare anotimp\u2026<\/p>\n<p>&nbsp;<\/p>\n<p><strong>\u00a0\u00a0 \u00a0 \u00a0 \u00a0 \u00a0 \u00a0 \u00a0 \u00a0 \u00a0 \u00a0 \u00a0\u00a0 SFID\u00c2ND&#8230;<\/strong><\/p>\n<p>&nbsp;<\/p>\n<p>&nbsp;<\/p>\n<p>\u015etiu c\u0103 despre asta<\/p>\n<p>s-a mai vorbit;<\/p>\n<p>dar nu pot renun\u0163a s\u0103 vestesc<\/p>\n<p>tr\u0103darea,<\/p>\n<p>cum o fac tr\u00e2mbi\u0163a\u015fii<\/p>\n<p>de poezie,<\/p>\n<p>c\u00e2nd poetul face oul de aur.<\/p>\n<p>Sau m\u0103car s-a chinuit<\/p>\n<p>s\u0103 lustruiasc\u0103<\/p>\n<p>ie\u015firea din tipare<\/p>\n<p>a cuvintelor.<\/p>\n<p>&nbsp;<\/p>\n<p style=\"text-align: left;\"><strong>\u00a0\u00a0\u00a0\u00a0\u00a0\u00a0\u00a0\u00a0\u00a0\u00a0\u00a0\u00a0\u00a0\u00a0 Mariana Gurza<\/strong><\/p>\n<p><strong><br \/>\n<\/strong><\/p>\n","protected":false},"excerpt":{"rendered":"<p>\u00a0\u00a0\u00a0\u00a0\u00a0\u00a0\u00a0\u00a0\u00a0\u00a0\u00a0\u00a0\u00a0\u00a0\u00a0\u00a0\u00a0\u00a0\u00a0\u00a0\u00a0\u00a0 \u00a0\u00a0\u00a0\u00a0\u00a0\u00a0\u00a0\u00a0\u00a0\u00a0\u00a0\u00a0\u00a0\u00a0\u00a0 \u00a0\u00a0\u00a0\u00a0\u00a0\u00a0\u00a0\u00a0\u00a0\u00a0\u00a0\u00a0\u00a0\u00a0\u00a0\u00a0\u00a0\u00a0\u00a0\u00a0\u00a0\u00a0 CERUL PL\u00c2NGE \u00ceN INIMA MEA &nbsp; Am crezut c\u0103 travestindu-m\u0103 \u00een lumin\u0103, \u00een disperare am s\u0103-\u0163i adorm [&#038;hellip<\/p>\n","protected":false},"author":1,"featured_media":0,"comment_status":"closed","ping_status":"closed","sticky":false,"template":"","format":"standard","meta":{"footnotes":""},"categories":[3],"tags":[],"class_list":["post-10165","post","type-post","status-publish","format-standard","hentry","category-articole"],"_links":{"self":[{"href":"https:\/\/www.marianagurza.ro\/blog\/wp-json\/wp\/v2\/posts\/10165","targetHints":{"allow":["GET"]}}],"collection":[{"href":"https:\/\/www.marianagurza.ro\/blog\/wp-json\/wp\/v2\/posts"}],"about":[{"href":"https:\/\/www.marianagurza.ro\/blog\/wp-json\/wp\/v2\/types\/post"}],"author":[{"embeddable":true,"href":"https:\/\/www.marianagurza.ro\/blog\/wp-json\/wp\/v2\/users\/1"}],"replies":[{"embeddable":true,"href":"https:\/\/www.marianagurza.ro\/blog\/wp-json\/wp\/v2\/comments?post=10165"}],"version-history":[{"count":16,"href":"https:\/\/www.marianagurza.ro\/blog\/wp-json\/wp\/v2\/posts\/10165\/revisions"}],"predecessor-version":[{"id":10167,"href":"https:\/\/www.marianagurza.ro\/blog\/wp-json\/wp\/v2\/posts\/10165\/revisions\/10167"}],"wp:attachment":[{"href":"https:\/\/www.marianagurza.ro\/blog\/wp-json\/wp\/v2\/media?parent=10165"}],"wp:term":[{"taxonomy":"category","embeddable":true,"href":"https:\/\/www.marianagurza.ro\/blog\/wp-json\/wp\/v2\/categories?post=10165"},{"taxonomy":"post_tag","embeddable":true,"href":"https:\/\/www.marianagurza.ro\/blog\/wp-json\/wp\/v2\/tags?post=10165"}],"curies":[{"name":"wp","href":"https:\/\/api.w.org\/{rel}","templated":true}]}}