{"id":10219,"date":"2013-01-29T21:50:54","date_gmt":"2013-01-29T21:50:54","guid":{"rendered":"http:\/\/www.marianagurza.ro\/blog\/?p=10219"},"modified":"2013-01-29T22:10:45","modified_gmt":"2013-01-29T22:10:45","slug":"o-%e2%80%9dbucatica%e2%80%9d-de-tara-a-murit-ben-todica-despre-nae-georgescu","status":"publish","type":"post","link":"https:\/\/www.marianagurza.ro\/blog\/2013\/01\/29\/o-%e2%80%9dbucatica%e2%80%9d-de-tara-a-murit-ben-todica-despre-nae-georgescu\/","title":{"rendered":"IN MEMORIAM NAE GEORGESCU: O \u201dbuc\u0103\u021bic\u0103\u201d de \u021bar\u0103 a murit"},"content":{"rendered":"<p style=\"text-align: center;\"><a href=\"http:\/\/melidoniumm.files.wordpress.com\/2013\/01\/ng.jpg\"><img decoding=\"async\" src=\"http:\/\/melidoniumm.files.wordpress.com\/2013\/01\/ng.jpg?w=640\" alt=\"NG\" \/><\/a><\/p>\n<p>&nbsp;<\/p>\n<p style=\"text-align: center;\"><strong>El a tr\u0103it prin noi \u201cvestul\u201d, noi am tr\u0103it prin el \u201cpe acas\u0103\u201d.<\/strong><\/p>\n<p style=\"text-align: justify;\"><em>\u00centr-o comunicare cu\u00a0colegi de liceu, comparam promo\u021bia noastr\u0103 cu un regiment de infanterie din unul din filmele documentare din primul r\u0103zboi modial\u2026 \u00cenaintam pe jos, dispu\u0219i pe o linie orizontal\u0103 c\u0103tre o colin\u0103 unde o mitralier\u0103 inamic\u0103 trage \u00een noi ca la fasole\u2026 Vedem cum un coleg cade \u00een st\u00e2nga, mai t\u00e2rziu, un altul \u00een dreapta\u2026Unul zace pe jos \u00eens\u00e2ngerat \u0219i \u00een chinuri\u2026 Nu avem de fapt nici o \u0219ans\u0103 de a scapa cu via\u021b\u0103\u2026<\/em><\/p>\n<p style=\"text-align: justify;\">Acu dou\u0103 zile m-a rugat prof.\u00a0 George Anca s\u0103-i \u00a0dau adresa domnului Nae Georgescu ca s\u0103-l invite la lansarea c\u0103r\u021bii mele, el fiind singurul care m\u0103 cunoa\u0219te mai \u00a0bine dintre invita\u021bi. A participat \u0219i la lansarea primei mele c\u0103r\u021bi \u0219i profesorul credea c\u0103 s-ar bucura s\u0103 fie prezent \u0219i la aceast\u0103 \u00eent\u00e2lnire literar\u0103. Cum era normal, am dat sfoar\u0103 \u00een tar\u0103 \u0219i m\u0103 trezesc cu urm\u0103torul email:<\/p>\n<p style=\"text-align: justify;\"><em>Mult stimate domnule Todic\u0103,<\/em> \u00eemi scrie domnul Mircea Fr\u00e2nculescu.<\/p>\n<p style=\"text-align: justify;\"><em>Cu mare durere \u00een suflet v\u0103 anun\u021b c\u0103 Nicolae (Nae) Georgescu, pe care \u0219tiu c\u0103 l-a\u021bi pre\u021buit, a trecut \u00een alt\u0103 lume. V\u0103 rog s\u0103 \u00eemi transmite\u021bi adresele de e-mail ale d-lor Cristian Cr\u0103ciun \u0219i Sergiu <\/em><em>Selian , s\u0103 le comunic \u0219i lor trista veste.<\/em><\/p>\n<p style=\"text-align: justify;\">Am r\u0103mas \u0219ocat. Eu voiam s\u0103-l invit la lansarea de la Calderon, mar\u021bi, iar el a fost \u00eengropat mar\u021bi. Asta da lovitur\u0103!<\/p>\n<p style=\"text-align: justify;\">La \u00eenmorm\u00e2ntarea lui Nicolae Georgescu, s-au rostit c\u00e2teva scurte cuv\u00e2nt\u0103ri \u2013lumea pl\u00e2ngea.<\/p>\n<p style=\"text-align: justify;\">Nae a fost r\u0103pus de un atac de inim\u0103, \u00een 24 ianuarie, la 10 diminea\u021ba, la Spitalul Colentina. \u0218ocul a fost pentru noi, to\u021bi admiratorii lui, \u00a0foarte mare. El a tr\u0103it \u00eentr-o lume frumoas\u0103, \u00een mijlocul unor Mari oameni de cultur\u0103, arti\u0219ti, muzicieni, scriitori pe care \u00eei frecventa familia lui: fra\u021bii Ionel \u0219i Al. O. (P\u0103storel) Teodoreanu, rude mai \u00eendep\u0103rtate, Cella Delavrancea, Dinu Pilat, Radu Beligan \u0219i mul\u021bi al\u021bii. Era de o generozitate \u0219i modestie rar\u0103. Iubea omul la maximum.<\/p>\n<p style=\"text-align: justify;\"><em>Soacra mea (Dumnezeu s-o odihneasc\u0103), \u00eemi scrie colegul John Gionea dup\u0103 ce am adus-o \u00een Australia,\u00a0a suferit mult de faptul c\u0103 nu \u00een\u021belegea\u00a0limba englez\u0103\u2026 Asculta cu nesa\u021b cele dou\u0103 emisiuni rom\u00e2ne\u0219ti la radio din Melbourne\u2026 Nae Georgescu era favoritul ei\u2026 Dup\u0103 ce se termina reportajul\u00a0lui din Bucure\u0219ti, mama soacr\u0103 spunea cu entuziasm din suflet:\u00a0 \u201cs\u0103 tr\u0103ie\u0219ti, N\u0103ic\u0103\u2026\u201d\u00a0 Acum poate se vor \u00eent\u00e2lni acolo Sus\u2026<\/em><\/p>\n<p style=\"text-align: justify;\">Nae Geogescu a pus mult suflet \u00een sprijinirea revistelor pe care le conduce domnul Mircea Fr\u00e2nculescu: \u201cLimba \u0219i literatura\u201d (pentru profesori, cercet\u0103tori \u0219i al\u021bi oameni cu o preg\u0103tire superioar\u0103) \u0219i \u201cLimba \u0219i literatura rom\u00e2n\u0103\u201d (pentru elevi), fapt consemnat \u00een caseta tehnic\u0103 a celor dou\u0103 reviste; s\u0103 vede\u021bi c\u0103 nu moare binele pe care \u00eel face un om de-a lungul unei vie\u021bi.<\/p>\n<p style=\"text-align: justify;\">Nicolae (Nae) Georgescu s-a n\u0103scut la 28 iulie, 1938, din tat\u0103 ie\u0219ean \u0219i mama armeanc\u0103, a studiat chimia, \u00eens\u0103 a practicat scrisul \u0219i jurnalistica cu mult\u0103 pasiune. A fost corespondentul programului \u00een limba rom\u00e2n\u0103 al sta\u021biei de radio 3zzz 92,3FM din Melbourne Australia.<\/p>\n<p style=\"text-align: justify;\">\u00cen ultimul reportaj din 2009 el parc\u0103 av\u00e2nd presim\u021birea c\u0103 nu se va mai \u00eent\u00e2lni cu noi niciodat\u0103, \u00ee\u0219i ia la revedere de la to\u021bi prietenii \u0219i colegii lui de \u0219coal\u0103 \u0219i \u00een special al celui mai drag din copil\u0103rie, Cristian Cr\u0103ciun a c\u0103ror n\u0103zb\u00e2tii \u0219i amintiri de pe str\u0103zile Bucure\u0219tilor colorau cu mult\u0103 dragoste dialogurile noastre.<\/p>\n<p style=\"text-align: justify;\">El a d\u0103ruit cu mult\u0103 dragoste journalism adev\u0103rat.<\/p>\n<p style=\"text-align: justify;\">O s\u0103 ne lipse\u0219ti Nae,<\/p>\n<p style=\"text-align: justify;\">Dumnezeu s\u0103-l odihneasc\u0103!<\/p>\n<p style=\"text-align: justify;\">\u00a0\u2014\u2014\u2014\u2014\u2014\u2014\u2014\u2014\u2014\u2014\u2014\u2014\u2014\u2014\u2014\u2014\u2014\u2014\u2014\u2014\u2014\u2014\u2014\u2014\u2013<\/p>\n<p style=\"text-align: justify;\">\n<p style=\"text-align: justify;\">\u00cen urma vizitei sale \u00een Melbourne am scris \u00een Revista \u201dIosif Vulcan\u201d din Australia:<\/p>\n<p style=\"text-align: justify;\"><strong>O \u201cbuc\u0103\u0163ic\u0103\u201d de \u0162AR\u0102<\/strong><\/p>\n<p style=\"text-align: justify;\">\u00a0Odat\u0103 cu sosirea lui Nae \u00een Australia a sosit \u015fi o \u201cbucat\u0103\u201d din p\u0103m\u00e2ntul natal. Mirosea \u015fi radia a Rom\u00e2nie. Acest mesager al ve\u015ftilor a evadat din \u0163ar\u0103, pe calea undelor, ca s\u0103 ni se al\u0103ture nou\u0103, \u00een Diaspora. Bucuria c\u0103 noi am reu\u015fit s\u0103 avem o sta\u021bie radio pentru comunitatea rom\u00e2neasc\u0103 l-a \u0163inut entuziasmat s\u0103pt\u0103m\u00e2n\u0103 de s\u0103pt\u0103m\u00e2n\u0103 \u015fi an de an, m\u00e2ng\u00e2indu-ne cu speran\u0163e, evenimente \u015fi surprize istorice.<\/p>\n<p style=\"text-align: justify;\">\u00a0D\u0103ruirea sufleteasc\u0103 \u015fi spiritual\u0103 a acestui pasionat lupt\u0103tor prin arta vorbirii, pentru adev\u0103r \u015fi dreptate, pentru libertatea expresiei \u015fi a drepturilor civile, prin umor \u015fi acurate\u0163e informativ\u0103, l-au f\u0103cut, pe corespondentul postului de radio \u00een limba rom\u00e2n\u0103 al sta\u0163iei 3ZZZ 92.3FM din Melbourne\u2013Australia, unul dintre cei mai \u00eendr\u0103gi\u0163i mesageri ai cuv\u00e2ntului rom\u00e2nesc. Fiind mai \u00eentodeauna introdus cu superlative ca: mult \u00eendr\u0103gitul, mult talentatul sau mult a\u015fteptatul nostru colaborator, segmentele sale\u00a0 devenind una din piesele de rezisten\u0163\u0103 ale acestei emisiuni.<\/p>\n<p style=\"text-align: justify;\">\u00a0Dup\u0103 \u015fase ani de permanent\u0103 colaborare jurnalistic\u0103, comunitatea rom\u00e2n\u0103 din Melbourne cu a ei generozitate \u015fi credin\u0163\u0103 a pus m\u00e2n\u0103 de la m\u00e2n\u0103 \u015fi a f\u0103cut tot posibilul ca s\u0103-i aib\u0103 pe Nicolae Georgescu \u015fi pe so\u0163ia sa Cornelia, aici \u00een mijlocul lor.<\/p>\n<p style=\"text-align: justify;\">\u00cen timpul celor trei luni de vizit\u0103, decembrie 1998 \u2013\u00a0 februarie 1999, Nae a fost invitat \u00een mijlocul grupurilor diferitelor asocia\u0163ii \u015fi organiza\u0163ii rom\u00e2ne\u015fti oferindu-i-se prilejul s\u0103 guste din continuarea \u015fi uneori fusionarea culturii \u015fi a tradi\u0163iilor rom\u00e2ne\u015fti, despre care el spunea \u00eentr-un interviu prezentat de Radioteleviziunea Comunitar\u0103 Rom\u00e2n\u0103 a canalului 31 din Melbourne c\u0103: \u201c<em>chiar \u015fi aici la 30.000 de kilometri distan\u0163<\/em><em>\u0103 <\/em><em>rom\u00e2nii nu sunt altfel dec\u00e2t rom\u00e2nii de acas\u0103, c<\/em><em>\u0103 <\/em><em>sentimentul de frate, de rud\u0103 apropiat\u0103, de faptul c\u0103 to\u0163i sim\u0163im la fel, nu s-a pierdut\u201d.<\/em><\/p>\n<p style=\"text-align: justify;\">Nae a fost cople\u015fit cu invita\u0163ii s\u0103 viziteze familii de rom\u00e2ni \u015fi locuri turistice, fiecare \u00eencerc\u00e2nd s\u0103-i mul\u0163umeasc\u0103 cu aceea\u015fi pasiune sau moned\u0103, ca s\u0103 zicem a\u015fa, cu care el ne-a ast\u00e2mp\u0103rat setea de a afla ve\u015fti din \u0163ar\u0103 \u015fi de a avea senza\u0163ia, prin intermediul cyber-spa\u0163iului imaginar, c\u0103 suntem acas\u0103.<\/p>\n<p style=\"text-align: justify;\">\u00a0La plecarea de pe aeroportul Tullamarine din Melbourne cu lacrimi \u00een ochine-a spus: <em>\u201cA\u015f vrea ca fiecare rom\u00e2n din \u0163ar\u0103 s\u0103 vin\u0103 aici \u015fi s\u0103 vad\u0103 cu ochii lui \u2013 munce\u015fti, dar \u015fi ai.\u00a0 <\/em><em>Albastrul cerului \u015fi pe rom\u00e2nii-australieni n-am s\u0103-i uit niciodat\u0103.\u201c<\/em><\/p>\n<p style=\"text-align: justify;\">\u00a0Nae va r\u0103m\u00e2ne \u00een continuare mult a\u015fteptatul \u015fi mult \u00eendr\u0103gitul nostru corespondent din Bucure\u015fti.<\/p>\n<p style=\"text-align: justify;\"><strong>\u00a0<\/strong><\/p>\n<p style=\"text-align: justify;\"><strong>BEN TODICA Melbourne Feb. 1999<\/strong><strong>.<\/strong><\/p>\n<p style=\"text-align: justify;\"><strong>\u00a0<\/strong><\/p>\n","protected":false},"excerpt":{"rendered":"<p>&nbsp; El a tr\u0103it prin noi \u201cvestul\u201d, noi am tr\u0103it prin el \u201cpe acas\u0103\u201d. \u00centr-o comunicare cu\u00a0colegi de liceu, comparam [&#038;hellip<\/p>\n","protected":false},"author":1,"featured_media":0,"comment_status":"closed","ping_status":"closed","sticky":false,"template":"","format":"standard","meta":{"footnotes":""},"categories":[3],"tags":[],"class_list":["post-10219","post","type-post","status-publish","format-standard","hentry","category-articole"],"_links":{"self":[{"href":"https:\/\/www.marianagurza.ro\/blog\/wp-json\/wp\/v2\/posts\/10219","targetHints":{"allow":["GET"]}}],"collection":[{"href":"https:\/\/www.marianagurza.ro\/blog\/wp-json\/wp\/v2\/posts"}],"about":[{"href":"https:\/\/www.marianagurza.ro\/blog\/wp-json\/wp\/v2\/types\/post"}],"author":[{"embeddable":true,"href":"https:\/\/www.marianagurza.ro\/blog\/wp-json\/wp\/v2\/users\/1"}],"replies":[{"embeddable":true,"href":"https:\/\/www.marianagurza.ro\/blog\/wp-json\/wp\/v2\/comments?post=10219"}],"version-history":[{"count":4,"href":"https:\/\/www.marianagurza.ro\/blog\/wp-json\/wp\/v2\/posts\/10219\/revisions"}],"predecessor-version":[{"id":10222,"href":"https:\/\/www.marianagurza.ro\/blog\/wp-json\/wp\/v2\/posts\/10219\/revisions\/10222"}],"wp:attachment":[{"href":"https:\/\/www.marianagurza.ro\/blog\/wp-json\/wp\/v2\/media?parent=10219"}],"wp:term":[{"taxonomy":"category","embeddable":true,"href":"https:\/\/www.marianagurza.ro\/blog\/wp-json\/wp\/v2\/categories?post=10219"},{"taxonomy":"post_tag","embeddable":true,"href":"https:\/\/www.marianagurza.ro\/blog\/wp-json\/wp\/v2\/tags?post=10219"}],"curies":[{"name":"wp","href":"https:\/\/api.w.org\/{rel}","templated":true}]}}