{"id":10226,"date":"2013-01-30T05:47:56","date_gmt":"2013-01-30T05:47:56","guid":{"rendered":"http:\/\/www.marianagurza.ro\/blog\/?p=10226"},"modified":"2013-01-30T06:39:21","modified_gmt":"2013-01-30T06:39:21","slug":"editura-musatinia-invitata-la-colocviile-de-marti-amfitrion-george-anca","status":"publish","type":"post","link":"https:\/\/www.marianagurza.ro\/blog\/2013\/01\/30\/editura-musatinia-invitata-la-colocviile-de-marti-amfitrion-george-anca\/","title":{"rendered":"Editura Mu\u015fatinia invitat\u0103 la Colocviile de Mar\u0163i, amfitrion Dr. George Anca"},"content":{"rendered":"<div style=\"text-align: justify;\" align=\"center\">\n<p><strong><a href=\"http:\/\/melidoniumm.files.wordpress.com\/2013\/01\/bt.jpg\"><img decoding=\"async\" class=\"aligncenter\" title=\"cartile australianului Benoni Todica aparute la Editura Musatinia din Roman vor fi lansate la Colocviile de Marti\" src=\"http:\/\/melidoniumm.files.wordpress.com\/2013\/01\/bt.jpg?w=640\" alt=\"\" \/><\/a><\/strong><\/p>\n<p>&nbsp;<\/p>\n<p style=\"text-align: justify;\">Mar\u0163i, 29 Ianuarie 2013, orele 17.00\u00a0 a avut loc eveniment cultural\u00a0<strong>Colocviile de Mar\u0163i\u00a0\u2013\u00a0<em>Eminescu\u00a0<\/em><em>\u0219<\/em><\/strong><em><strong>i Vivekananda<\/strong>\u00a0<\/em><\/p>\n<p style=\"text-align: justify;\">Evenimentul a avuta loc la <em>Centrul pentru Activit\u0103\u0163i Recreative \u015fi Inovare Ocupa\u0163ional\u0103\u00a0<\/em>Str.\u00a0J.L. Calderon nr.39 Bucure\u015fti.<\/p>\n<address>\u00a0<\/address>\n<address>Mihai Eminescu: S\u0103 zicem c\u0103 o sut\u0103 de izvoare, pornind de la aceea\u0219i \u00een\u0103l\u021bime de munte, dator\u00e2nd pozi\u021bia lor primitiv\u0103 aceluia\u0219i capital de energie, cheltuit la o erup\u021biune vulcanic\u0103, \u2013 sunt conduse \u00een ora\u0219. Unele vor fi rep\u0103r\u021bite pentru scopuri utile prin fel de fel de \u021bevi, altele vor m\u00e2na ro\u021bi \u2013 ori alte ma\u0219ini intercalate, unul \u00ee\u0219i va arunca liber apa la cer! Acela e \u00een\u021beleptul.\u00a0<em>Swami Vivekananda:<\/em><em>Each soul is potentially divine.The goal is to manifest this Divinity within by controlling nature, external and internal. Do this either by work, or worship, or mental discipline, or philosophy\u2014by one, or more, or all of these\u2014and be free. This is the whole of religion. Doctrines, or dogmas, or rituals, or books, or temples, or forms, are but secondary details.<\/em>Calendar: Mihai Eminescu 163 (15 ian),<em>Swami Vivekananda 150 (12 ian), Stendhal 230 (23 ian), Richard Nixon 100 (9 ian),\u00a0<\/em>Vladimir V\u00e2so\u021bki 75 (25 ian)<\/address>\n<address>\u00a0<\/address>\n<address>\u00a0<\/address>\n<address><em>Invita\u021bi<\/em>:<\/address>\n<address>Florica Alexandrescu,\u00a0Ion Andrei\u021b\u0103, Vasile Andru, Veronica Anghelescu, Nicolae Baciut,Esha Betelle, Surender Bhutani, Vasile Boji, Adrian Botez, Nicolae Bulz, Aristotel Bunescu, Ionut Caragea, Alexandra-Maria Citirig\u0103, Silvia Codreanu, Florin Costinescu, Petru Costinescu, Nicu Dasc\u0103lu, Pu\u0219i Dinulescu, Dorin Dospinescu, Adina Dumitrescu, Doina Ghi\u021bescu, Monica Grigorescu, Neculai Hilohi, Nicolae Georgescu, Sorana Georgescu-Gorjan, Aureliu Goci, Mariana Gurza, Mircea Gheorghe, Nicolae Gheran, Carmen Hendershot, Petru Ionescu, Elisabeta Isanos, Drago\u0219-Bogdan Iuga, Felicia Iuga, Mani Jain, Rudi Jansma, Chitranjan Kumar, Gela Laz\u0103r, Ion Lazu, Lidia Lazu, Elena Lupa\u0219cu, George Lupa\u0219cu, Deepak Maheshvari, Dan Mateescu, Ion M\u0103rgescu, Vasile Menzel, George Mih\u0103i\u021b\u0103, Bianca Beatrice Michi, C\u0103t\u0103lin Mirea, Ioan Mititelu, Doru Mo\u021boc, Mircea Muntenescu, Gheorghe Neagu, Lucia Negoi\u021b\u0103, Radu Cristian Nema, Rodica Paliga, Sorin Paliga, Petru-Demetru-Popescu, Ion Predescu, Vasile Pupeza, Arghira Ravanis, Mimi Ravanis, Sebastian S\u00e2rbu, Constantin Schifirne\u021b, Shama Shivaramaya, Felix Sima, Florentin Smarandache, Ion Soare, Viorel Speteanu, Mihai Stan, Julieta Str\u00e2mbeanu, Constantin-Dumitru Surdu, Mihai Teodorescu, Ben Todic\u0103, Romeo Tudor, Emilia \u021au\u021buianu, Neagu Udroiu, Tiberiu-Sebastian V\u0103duva, Corneliu Zeana<\/address>\n<address>Amfitrion: Dr. George Anca<\/address>\n<address>\u00a0<\/address>\n<address><em>Interven\u021bii<\/em>:<\/address>\n<address>Bianca Beatrice Michi:\u00a0<em>Kant \u00eentre Platon\u00a0\u0219i Eminescu<\/em><\/address>\n<address>George Anca:\u00a0<em>Mama, Shakti, Nasadya la Eminescu \u0219i Vivekananda<\/em><\/address>\n<address>Constantin Schifirne\u021b:\u00a0<em>Actualitatea lui Eminescu<\/em><\/address>\n<address>Mircea Colo\u0219enco:\u00a0<em>\u0218apte edi\u021bii \u00eentr-una<\/em><\/address>\n<address>Adrian Botez:\u00a0<em>Arcane alchimice<\/em>\u00a0\u00een Mitologicale<\/address>\n<address>Mihai Teodorescu:\u00a0<em>Poezii eminesciene cu implica\u021bie \u00een filosofia \u0219tiin\u021bei<\/em><\/address>\n<address>Sorin Paliga:\u00a0<em>Eminescu la Praga<\/em><\/address>\n<address>Nicolae Bulz:\u00a0<em>Eminescu la Neam\u021b, 1885<\/em><\/address>\n<address>Sebastian S\u00e2rbu:\u00a0<em>Swami Vivekananda \u2013 spiritualitate \u0219i cunoa\u0219tere<\/em><\/address>\n<address>Pusi Dinulescu: Fenomenul ceaiurilor<\/address>\n<address>Aureliu Goci: Sf\u00e2nta Mogo\u0219oaia<\/address>\n<address>\u00a0<\/address>\n<address><em>Lansari<\/em>:<\/address>\n<address>Mihai Eminescu:\u00a0<em>Poesii<\/em>, edi\u021bie de Nicolae Georgescu, 600 p, Editura Academiei, 2013<\/address>\n<address><em>Eminescu doine\u0219te<\/em>, Speteanu, 2012<\/address>\n<address>Constantin Schifirne\u021b:\u00a0<em>Filosofia rom\u00e2neasc\u0103<\/em><em>\u00a0\u00een spa\u021biul public<\/em>,<em>\u00a0<\/em>Tritonic, 2012<\/address>\n<address><strong><em>Ben Todic\u0103 Ambasador onorific al rom\u00e2nismului<\/em>, Editura Musatinia Roman, 2012<\/strong><\/address>\n<address>Nicu Dasc\u0103lu:\u00a0<em>Na\u021bional<\/em>, Ecomondia, 2012<\/address>\n<address>Ionu\u021b Caragea:\u00a0<em>Antologie de Poeme<\/em>, Fides<\/address>\n<address>Silvian Floarea:\u00a0<em>Premiul<\/em><\/address>\n<address>Marin Dumitrescu:\u00a0<em>Muntele<\/em>, Beta, Bucuresti<\/address>\n<address>Ion Lazu:\u00a0<em>Odiseea pl\u0103cilor memoriale<\/em>, Biblioteca Bucure\u0219tilor, 2012<\/address>\n<address>\u00a0<\/address>\n<address>\u00a0<\/address>\n<address><em>Teatru de poezie<\/em><\/address>\n<address>Recital\u00a0<em>George Mih\u0103i\u021b\u0103<\/em><\/address>\n<address>Recital<em>\u00a0<\/em><em>Vasile Menzel<\/em><\/address>\n<address>\u00a0<\/address>\n<address><em>Portrete foto<\/em>: Radu Cristian Nema<\/address>\n<address>\u00a0<\/address>\n<address><em>Ceai cu Pusi Dinulescu<\/em><\/address>\n<address>\u00a0<\/address>\n<div id=\"yui_3_7_2_1_1359524934133_5512\"><a id=\"yui_3_7_2_1_1359524934133_5511\" href=\"http:\/\/b365.realitatea.net\/colovciu-in-cinstea-lui-eminescu-la-centrul-pentru-activitati-recreative-din-sectorul-2_186700.html\" rel=\"nofollow\" target=\"_blank\">http:\/\/b365.realitatea.net\/colovciu-in-cinstea-lui-eminescu-la-centrul-pentru-activitati-recreative-din-sectorul-2_186700.html<\/a><\/div>\n<div id=\"yui_3_7_2_1_1359524934133_5513\"><\/div>\n<div id=\"yui_3_7_2_1_1359524934133_5529\"><a id=\"yui_3_7_2_1_1359524934133_5528\" href=\"http:\/\/www.ultima-ora.ro\/2013\/01\/29\/actualitatea-lui-eminescu-la-colocviile-de-marti\/\" rel=\"nofollow\" target=\"_blank\">http:\/\/www.ultima-ora.ro\/2013\/01\/29\/actualitatea-lui-eminescu-la-colocviile-de-marti\/<\/a><\/div>\n<div id=\"yui_3_7_2_1_1359524934133_5543\"><\/div>\n<div id=\"yui_3_7_2_1_1359524934133_5545\"><a id=\"yui_3_7_2_1_1359524934133_5544\" href=\"http:\/\/melidoniumm.wordpress.com\/2013\/01\/28\/editura-musatinia-invitata-la-colocviile-de-marti-amfitrion-george-anca\/\" rel=\"nofollow\" target=\"_blank\">http:\/\/melidoniumm.wordpress.com\/2013\/01\/28\/editura-musatinia-invitata-la-colocviile-de-marti-amfitrion-george-anca\/<\/a><\/div>\n<div id=\"yui_3_7_2_1_1359524934133_5546\"><\/div>\n<div id=\"yui_3_7_2_1_1359524934133_5548\"><a id=\"yui_3_7_2_1_1359524934133_5547\" href=\"http:\/\/www.google.ro\/search?q=%22George+Anca%22+Eminescu+si+Vivekananda&amp;hl=ro&amp;tbo=u&amp;rls=com.microsoft:ro:IE-Address&amp;tbm=isch&amp;source=univ&amp;sa=X&amp;ei=Ha0IUb2fAoXHswaJjoDIAw&amp;sqi=2&amp;ved=0CFYQsAQ&amp;biw=1280&amp;bih=843\" rel=\"nofollow\" target=\"_blank\">http:\/\/www.google.ro\/search?q=%22George+Anca%22+Eminescu+si+Vivekananda&amp;hl=ro&amp;tbo=u&amp;rls=com.microsoft:ro:IE-Address&amp;tbm=isch&amp;source=univ&amp;sa=X&amp;ei=Ha0IUb2fAoXHswaJjoDIAw&amp;sqi=2&amp;ved=0CFYQsAQ&amp;biw=1280&amp;bih=843<\/a><\/div>\n<\/div>\n","protected":false},"excerpt":{"rendered":"<p>&nbsp; Mar\u0163i, 29 Ianuarie 2013, orele 17.00\u00a0 a avut loc eveniment cultural\u00a0Colocviile de Mar\u0163i\u00a0\u2013\u00a0Eminescu\u00a0\u0219i Vivekananda\u00a0 Evenimentul a avuta loc la [&#038;hellip<\/p>\n","protected":false},"author":1,"featured_media":0,"comment_status":"closed","ping_status":"closed","sticky":false,"template":"","format":"standard","meta":{"footnotes":""},"categories":[3],"tags":[],"class_list":["post-10226","post","type-post","status-publish","format-standard","hentry","category-articole"],"_links":{"self":[{"href":"https:\/\/www.marianagurza.ro\/blog\/wp-json\/wp\/v2\/posts\/10226","targetHints":{"allow":["GET"]}}],"collection":[{"href":"https:\/\/www.marianagurza.ro\/blog\/wp-json\/wp\/v2\/posts"}],"about":[{"href":"https:\/\/www.marianagurza.ro\/blog\/wp-json\/wp\/v2\/types\/post"}],"author":[{"embeddable":true,"href":"https:\/\/www.marianagurza.ro\/blog\/wp-json\/wp\/v2\/users\/1"}],"replies":[{"embeddable":true,"href":"https:\/\/www.marianagurza.ro\/blog\/wp-json\/wp\/v2\/comments?post=10226"}],"version-history":[{"count":4,"href":"https:\/\/www.marianagurza.ro\/blog\/wp-json\/wp\/v2\/posts\/10226\/revisions"}],"predecessor-version":[{"id":10228,"href":"https:\/\/www.marianagurza.ro\/blog\/wp-json\/wp\/v2\/posts\/10226\/revisions\/10228"}],"wp:attachment":[{"href":"https:\/\/www.marianagurza.ro\/blog\/wp-json\/wp\/v2\/media?parent=10226"}],"wp:term":[{"taxonomy":"category","embeddable":true,"href":"https:\/\/www.marianagurza.ro\/blog\/wp-json\/wp\/v2\/categories?post=10226"},{"taxonomy":"post_tag","embeddable":true,"href":"https:\/\/www.marianagurza.ro\/blog\/wp-json\/wp\/v2\/tags?post=10226"}],"curies":[{"name":"wp","href":"https:\/\/api.w.org\/{rel}","templated":true}]}}