{"id":10463,"date":"2013-02-11T11:34:26","date_gmt":"2013-02-11T11:34:26","guid":{"rendered":"http:\/\/www.marianagurza.ro\/blog\/?p=10463"},"modified":"2013-02-11T20:43:29","modified_gmt":"2013-02-11T20:43:29","slug":"vasile-plavan-gazetar-si-publicist-bucovinean","status":"publish","type":"post","link":"https:\/\/www.marianagurza.ro\/blog\/2013\/02\/11\/vasile-plavan-gazetar-si-publicist-bucovinean\/","title":{"rendered":"Vasile Pl\u0103van, gazetar, \u015fi publicist bucovinean"},"content":{"rendered":"<p style=\"text-align: center;\"><a href=\"http:\/\/www.marianagurza.ro\/blog\/wp-content\/uploads\/2013\/02\/11.jpg\"><img loading=\"lazy\" decoding=\"async\" class=\"size-medium wp-image-10472\" title=\"1\" src=\"http:\/\/www.marianagurza.ro\/blog\/wp-content\/uploads\/2013\/02\/11-300x300.jpg\" alt=\"\" width=\"300\" height=\"300\" srcset=\"https:\/\/www.marianagurza.ro\/blog\/wp-content\/uploads\/2013\/02\/11-300x300.jpg 300w, https:\/\/www.marianagurza.ro\/blog\/wp-content\/uploads\/2013\/02\/11-150x150.jpg 150w, https:\/\/www.marianagurza.ro\/blog\/wp-content\/uploads\/2013\/02\/11.jpg 403w\" sizes=\"auto, (max-width: 300px) 100vw, 300px\" \/><\/a><\/p>\n<p style=\"text-align: justify;\"><strong>Vasile Pl\u0103van s-a n\u0103scut la 24 noiembrie 1889 \u00een comuna Cupca, jude\u0163ul Storojine\u0163\u00a0 \u00eent-o familie de \u0163\u0103rani. \u00cenva\u0163\u0103 primele 4 clase primare la \u015fcoala din satul natal. R\u0103m\u00e2ne de timpuriu orfan de mam\u0103; nu va cunoa\u015fte niciodat\u0103 dragostea matern\u0103, va cre\u015fte \u015fi va tr\u0103i numai printre str\u0103ini. Urmez\u0103 cursul secundar la Liceul Nr. 3 de stat din Cern\u0103u\u0163i \u015fi trece bacalaureatul \u00een anul 1910, dup\u0103 care se \u00eenscrie la Facultatea de drept. O adolescen\u0163\u0103 trist\u0103, auster\u0103, evolu\u00e2nd sub imperativul datoriei, al devo\u0163iunii \u015fi al sobriet\u0103\u0163ii \u00ee\u015fi va spune cuv\u00e2ntul toat\u0103 via\u0163a. Rodul educa\u0163iei primite \u00een \u015fcoli, precum \u015fi acela al lecturii care-l pasiona, au contribuit la pl\u0103m\u0103direa celui mai puur ideal care \u00eei anima pe rom\u00e2nii de pretutindeni \u00een prejma primului r\u0103zboi mondial. Evenimentele ce se profilau la orizont \u00eel determin\u0103 s\u0103 treac\u0103 \u00een anul 1914 grani\u0163a \u00een Vechiul Regat. Fiind nevoit s\u0103 se \u00eentre\u0163in\u0103 singur, devine slujba\u015f la c\u0103ile ferate.<\/strong><\/p>\n<p style=\"text-align: justify;\"><strong>Anul 1916 \u00eel surprinde ca elev al \u015ecolii Militare de Infanterie din Boto\u015fani. Ca sublocotenent de rezerv\u0103, f\u0103c\u00e2nd parte din regimentele 10 V\u00e2n\u0103tori, apoi 2 Alba Iulia, particip\u0103 la r\u0103zboiul pentru \u00eentregirea Neamului, fiind decorat cu ,,Medalia Ferdinand I\u201d, ordinul ,,Coroana Rom\u00e2niei\u201c, ,,Crucea Comemorativ\u0103 de r\u0103zboi\u201c, etc.<\/strong><\/p>\n<p style=\"text-align: justify;\"><strong>A f\u0103cut parte p\u00e2n\u0103 la moarte din ,,Asocia\u0163ia voluntarilor bucovineni\u201d.<\/strong><\/p>\n<p style=\"text-align: justify;\"><strong>La 1 dec. 1921 demisioneaz\u0103 din calea ferat\u0103 \u015fi intr\u0103 \u00een gazet\u0103rie.\u00ce\u015fi ia licen\u0163a \u00een drept la Cern\u0103u\u0163i \u00een anul 1923, iar \u00een 1924 se c\u0103s\u0103tore\u015fte cu Vanda n\u0103scut\u0103 Scholz, av\u00e2nd na\u015f pe profesorul Ion Nistor.<\/strong><\/p>\n<p style=\"text-align: center;\"><a href=\"http:\/\/www.marianagurza.ro\/blog\/wp-content\/uploads\/2013\/02\/sotii-plavan-si-georgeta.jpg\"><img loading=\"lazy\" decoding=\"async\" class=\"size-medium wp-image-10475\" title=\"sotii plavan si georgeta\" src=\"http:\/\/www.marianagurza.ro\/blog\/wp-content\/uploads\/2013\/02\/sotii-plavan-si-georgeta-300x300.jpg\" alt=\"\" width=\"300\" height=\"300\" srcset=\"https:\/\/www.marianagurza.ro\/blog\/wp-content\/uploads\/2013\/02\/sotii-plavan-si-georgeta-300x300.jpg 300w, https:\/\/www.marianagurza.ro\/blog\/wp-content\/uploads\/2013\/02\/sotii-plavan-si-georgeta-150x150.jpg 150w, https:\/\/www.marianagurza.ro\/blog\/wp-content\/uploads\/2013\/02\/sotii-plavan-si-georgeta.jpg 403w\" sizes=\"auto, (max-width: 300px) 100vw, 300px\" \/><\/a><\/p>\n<p style=\"text-align: center;\"><em>(Vasile Pl\u0103van, so\u0163ia sa Vanda si fiica Georgeta)<\/em><\/p>\n<p style=\"text-align: justify;\"><strong>Vreme de 13 ani, din 1926 \u015fi p\u00e2n\u0103 \u00een 1939, Vasile Pl\u0103van este redactor \u015fi redactor \u015fef la cotidianul ,,Glasul Bucovinei\u201d din Cern\u0103u\u0163i. Anii de munc\u0103 prestat\u0103 zi \u015fi noapte la acest ziar sunt cea mai frumoas\u0103 mo\u015ftenire pe care el a l\u0103sat-o presei rom\u00e2ne\u015fti din Bucovina. Munca aceasta asidu\u0103 \u00eens\u0103 i-a \u015fubrezit s\u0103n\u0103tatea, av\u00e2nd o constitu\u0163ie fizic\u0103 firav\u0103 \u015fi, \u00een cele din urm\u0103, \u00eei provoac\u0103 o grav\u0103 boal\u0103 \u015fi un sf\u00e2r\u015fit prematur.<\/strong><\/p>\n<p style=\"text-align: center;\"><a href=\"http:\/\/www.marianagurza.ro\/blog\/wp-content\/uploads\/2013\/02\/856378_351651561610368_2060006103_o.jpg\"><img loading=\"lazy\" decoding=\"async\" class=\"size-medium wp-image-10476\" title=\"vasile plavan alaturi de prieteni\" src=\"http:\/\/www.marianagurza.ro\/blog\/wp-content\/uploads\/2013\/02\/856378_351651561610368_2060006103_o-300x212.jpg\" alt=\"\" width=\"300\" height=\"212\" srcset=\"https:\/\/www.marianagurza.ro\/blog\/wp-content\/uploads\/2013\/02\/856378_351651561610368_2060006103_o-300x212.jpg 300w, https:\/\/www.marianagurza.ro\/blog\/wp-content\/uploads\/2013\/02\/856378_351651561610368_2060006103_o-1024x724.jpg 1024w, https:\/\/www.marianagurza.ro\/blog\/wp-content\/uploads\/2013\/02\/856378_351651561610368_2060006103_o.jpg 2048w\" sizes=\"auto, (max-width: 300px) 100vw, 300px\" \/><\/a><\/p>\n<p style=\"text-align: center;\">(VasilePlavan intr-un grup de gazetari la Cernauti 1930)<\/p>\n<p style=\"text-align: center;\"><a href=\"http:\/\/www.marianagurza.ro\/blog\/wp-content\/uploads\/2013\/02\/843044_351647784944079_911569152_o.jpg\"><img loading=\"lazy\" decoding=\"async\" class=\"size-medium wp-image-10477\" title=\"vasile plavan alaturi de colegi\" src=\"http:\/\/www.marianagurza.ro\/blog\/wp-content\/uploads\/2013\/02\/843044_351647784944079_911569152_o-300x212.jpg\" alt=\"\" width=\"300\" height=\"212\" srcset=\"https:\/\/www.marianagurza.ro\/blog\/wp-content\/uploads\/2013\/02\/843044_351647784944079_911569152_o-300x212.jpg 300w, https:\/\/www.marianagurza.ro\/blog\/wp-content\/uploads\/2013\/02\/843044_351647784944079_911569152_o-1024x724.jpg 1024w, https:\/\/www.marianagurza.ro\/blog\/wp-content\/uploads\/2013\/02\/843044_351647784944079_911569152_o.jpg 2048w\" sizes=\"auto, (max-width: 300px) 100vw, 300px\" \/><\/a><\/p>\n<p style=\"text-align: justify;\"><strong>\u00cen aceast\u0103 perioad\u0103 interbelic\u0103, Vasile Pl\u0103van a mai fost: avocat la Casa de asigur\u0103ri sociale \u015fi la sucursala B\u0103ncii Na\u0163ionale din Cern\u0103u\u0163i, membru al Baroului avoca\u0163ilor din Bucovina (din 1928), profesor de Legisla\u0163ie la Cursul profesional pentru ucenici (1935-1936), redactor la ziarul ,,Voluntarul bucovinean\u201d.<\/strong><\/p>\n<p style=\"text-align: center;\"><a href=\"http:\/\/www.marianagurza.ro\/blog\/wp-content\/uploads\/2013\/02\/putna1.jpg\"><img loading=\"lazy\" decoding=\"async\" class=\"size-medium wp-image-10479\" title=\"putna1\" src=\"http:\/\/www.marianagurza.ro\/blog\/wp-content\/uploads\/2013\/02\/putna1-300x212.jpg\" alt=\"\" width=\"300\" height=\"212\" srcset=\"https:\/\/www.marianagurza.ro\/blog\/wp-content\/uploads\/2013\/02\/putna1-300x212.jpg 300w, https:\/\/www.marianagurza.ro\/blog\/wp-content\/uploads\/2013\/02\/putna1-1024x724.jpg 1024w, https:\/\/www.marianagurza.ro\/blog\/wp-content\/uploads\/2013\/02\/putna1.jpg 2048w\" sizes=\"auto, (max-width: 300px) 100vw, 300px\" \/><\/a><\/p>\n<p style=\"text-align: center;\"><a href=\"http:\/\/www.marianagurza.ro\/blog\/wp-content\/uploads\/2013\/02\/putna2.jpg\"><img loading=\"lazy\" decoding=\"async\" class=\"size-medium wp-image-10480\" title=\"putna2\" src=\"http:\/\/www.marianagurza.ro\/blog\/wp-content\/uploads\/2013\/02\/putna2-300x212.jpg\" alt=\"\" width=\"300\" height=\"212\" srcset=\"https:\/\/www.marianagurza.ro\/blog\/wp-content\/uploads\/2013\/02\/putna2-300x212.jpg 300w, https:\/\/www.marianagurza.ro\/blog\/wp-content\/uploads\/2013\/02\/putna2-1024x724.jpg 1024w, https:\/\/www.marianagurza.ro\/blog\/wp-content\/uploads\/2013\/02\/putna2.jpg 2048w\" sizes=\"auto, (max-width: 300px) 100vw, 300px\" \/><\/a><\/p>\n<p style=\"text-align: center;\">\n<p style=\"text-align: center;\"><a href=\"http:\/\/www.marianagurza.ro\/blog\/wp-content\/uploads\/2013\/02\/Voluntari-intelectuali-si-tarani-bucovineni-la-Sf.Manastire-Putna-comemorand-430-de-ani-de-la-moartea-lui-Stefan-cel-Mare.2.jpg\"><img loading=\"lazy\" decoding=\"async\" title=\"Voluntari-intelectuali-si-tarani-bucovineni-la-Sf.Manastire-Putna-comemorand-430-de-ani-de-la-moartea-lui-Stefan-cel-Mare.2\" src=\"http:\/\/www.marianagurza.ro\/blog\/wp-content\/uploads\/2013\/02\/Voluntari-intelectuali-si-tarani-bucovineni-la-Sf.Manastire-Putna-comemorand-430-de-ani-de-la-moartea-lui-Stefan-cel-Mare.2.jpg\" alt=\"\" width=\"320\" height=\"222\" \/><\/a><\/p>\n<p style=\"text-align: center;\">(Vasile Plavan impreuna cu , camarazii voluntari la Putna, in 1934)<\/p>\n<p style=\"text-align: justify;\"><strong>\u00cen 1934 particip\u0103 la manifest\u0103rile \u015fi marea aniversare a Man\u0103stirii Putna, iar \u00een 1935 ia parte la aniversarea de 25 de ani de la bacalaureat, cu care mai \u0163in cuv\u00e2nt\u0103ri o serie de personalit\u0103\u0163i bucovinene.<\/strong><\/p>\n<p style=\"text-align: justify;\"><strong>Vasile Pl\u0103van a fost fondator al breslei \u015fi sindicatului ziari\u015ftilor din Bucovina. Ca publicist, a scris numeroase articole de-a lungul anilor \u015fi \u00een ,,Calendarul Glasul Bucovinei\u201d, referindu-se mai ales la via\u0163a \u0163\u0103ranilor, la reforma agrar\u0103, la \u00eempropreit\u0103riri, la meserii \u015fi comer\u0163. \u00cen c\u0103rticica intitulat\u0103 ,,Boabe de lacrimi\u201d, dedicat\u0103 so\u0163iei lui, \u00eent\u00e2lnim pagini autobiografice \u015fi amintiri ale vremurilor de bejenie din primul r\u0103zboi mondial, precum \u015fi ale vie\u0163ii rom\u00e2ne\u015fti din Bucovina dinainte \u015fi dup\u0103 Marea Unire. Limba frumoas\u0103 \u015fi stilul curat al acestor scrieri dovedesc o deosebit\u0103 \u00eenclina\u0163ie \u015fi \u00eendem\u00e2nare a condeiului s\u0103u.<\/strong><\/p>\n<p style=\"text-align: justify;\"><strong><strong><a href=\"http:\/\/www.marianagurza.ro\/blog\/wp-content\/uploads\/2013\/02\/861083_351651591610365_1371130225_o.jpg\"><img loading=\"lazy\" decoding=\"async\" class=\"alignleft\" title=\"861083_351651591610365_1371130225_o\" src=\"http:\/\/www.marianagurza.ro\/blog\/wp-content\/uploads\/2013\/02\/861083_351651591610365_1371130225_o-300x212.jpg\" alt=\"\" width=\"300\" height=\"212\" \/><\/a><\/strong>Vasile Pl\u0103van a murit la v\u00e2rsta de 49 de ani, \u00een 23 ianuarie 1939, \u00een urma unei grele suferin\u0163e care a durat opt ani. \u00cenmorm\u00e2ntarea a avut loc la cimitirul ora\u015fului Cern\u0103u\u0163i \u00een 25 ianuarie. Onorurile militare au fost date de c\u0103tre un pluton din Regimentul 4 Pionieri, iar carul funebru a fost escortat de voluntari bucovineni. La trista ceremonie a asistat un numeros public, aducand ultimul omagiu celui disp\u0103rut. Cortegiul funebru alc\u0103tuit din membrii familiei decedatului, prieteni personali, ziari\u015fti, magistra\u0163i, avoca\u0163i, personalit\u0103\u0163i ale vie\u0163ii publice bucovinene, pornind din str. Xenopol, a str\u0103b\u0103tut str\u0103zile: Universit\u0103\u0163ii, I. G. Duca, pia\u0163a Unirii \u015fi Regina Maria, p\u00e2n\u0103 la Catedral\u0103, unde s-a oficiat slujba prohodului. <\/strong><\/p>\n<p><strong><a href=\"http:\/\/www.marianagurza.ro\/blog\/wp-content\/uploads\/2013\/02\/5.jpg\"><img loading=\"lazy\" decoding=\"async\" class=\"size-full wp-image-10485 alignright\" title=\"5\" src=\"http:\/\/www.marianagurza.ro\/blog\/wp-content\/uploads\/2013\/02\/5.jpg\" alt=\"\" width=\"133\" height=\"133\" \/><\/a><\/strong><\/p>\n<p>&nbsp;<\/p>\n<p style=\"text-align: justify;\"><strong>De la Catedral\u0103, cortegiul s-a \u00eendreptat spre Cimitirul or\u0103\u015fenesc, trec\u00e2nd prin fa\u0163a ,,Glasului Bucovinei\u201d, unde \u00eentregul personal al ziarului a adus ultimul omagiu fostului colaborator. \u00cen fa\u0163a morm\u00e2ntului deschis, au cuv\u00e2ntat mai multe personalit\u0103\u0163i, printre care: protoereu Iancovschi, director Silvestru Netea \u00een numele ,,Asocia\u0163iei voluntarilor de r\u0103zboi\u201d, Eugen Popovici \u00een numele Sindicatulu ziari\u015ftilor bucovineni, dr. Traian Chelariu din partea ziarului ,,Glasului Bucovinei\u201d, dr. Zeno Herbay \u00een numele baroului, A. Sabin \u00een numele Casei asigur\u0103rilor sociale, \u015etefan Bidnei \u00een numele colegilor de studii \u015fi mul\u0163i-mul\u0163i al\u0163ii, oamagiind rarele calit\u0103\u0163i ale regretatului defunct.<\/strong><\/p>\n<p style=\"text-align: justify;\"><strong><a href=\"http:\/\/www.marianagurza.ro\/blog\/wp-content\/uploads\/2013\/02\/7.jpg\"><img loading=\"lazy\" decoding=\"async\" class=\"alignleft\" title=\"7\" src=\"http:\/\/www.marianagurza.ro\/blog\/wp-content\/uploads\/2013\/02\/7.jpg\" alt=\"\" width=\"133\" height=\"133\" \/><\/a>Vasile Pl\u0103van a fost un ziarist de voca\u0163ie, un entuziast \u015fi un idealist de o aristocratic\u0103 noble\u0163e sufleteasc\u0103, de distinc\u0163ie moral\u0103, de bun\u0103tate \u015fi necuprins\u0103 omenie. A fost un om integru cu o judecat\u0103 cump\u0103nit\u0103, f\u0103r\u0103 patimi, st\u0103p\u00e2nit de imperativul con\u015ftiin\u0163ei, al datoriei \u015fi al onoarei. Conciliant \u015fi blajin, s\u0103rac \u00een bunuri materiale, el a l\u0103sat \u00een urm\u0103 o luminoas\u0103 pild\u0103 de virtute, un nume de o rar\u0103 puritate \u015fi un exemplu de adev\u0103rat rom\u00e2nism.<\/strong><\/p>\n<p style=\"text-align: justify;\"><strong>Morm\u00e2ntul lui Vasile Pl\u0103van p\u0103r\u0103sit vreme de o jum\u0103tate de veac, are din nou ast\u0103zi o cruce la c\u0103p\u0103t\u00e2i.<\/strong><\/p>\n<p style=\"text-align: center;\"><a href=\"http:\/\/www.marianagurza.ro\/blog\/wp-content\/uploads\/2013\/02\/34.jpg\"><img loading=\"lazy\" decoding=\"async\" class=\"size-full wp-image-10484\" title=\"34\" src=\"http:\/\/www.marianagurza.ro\/blog\/wp-content\/uploads\/2013\/02\/34.jpg\" alt=\"\" width=\"133\" height=\"133\" \/><\/a><\/p>\n<p><em><strong>Georgeta Pl\u0103van \u015etef\u0103nescu<\/strong> \u2013 fiica lui Vasile Pl\u0103van<\/em><\/p>\n<p><strong>\u00a0<\/strong><\/p>\n","protected":false},"excerpt":{"rendered":"<p>Vasile Pl\u0103van s-a n\u0103scut la 24 noiembrie 1889 \u00een comuna Cupca, jude\u0163ul Storojine\u0163\u00a0 \u00eent-o familie de \u0163\u0103rani. \u00cenva\u0163\u0103 primele 4 [&#038;hellip<\/p>\n","protected":false},"author":1,"featured_media":0,"comment_status":"closed","ping_status":"closed","sticky":false,"template":"","format":"standard","meta":{"footnotes":""},"categories":[3],"tags":[],"class_list":["post-10463","post","type-post","status-publish","format-standard","hentry","category-articole"],"_links":{"self":[{"href":"https:\/\/www.marianagurza.ro\/blog\/wp-json\/wp\/v2\/posts\/10463","targetHints":{"allow":["GET"]}}],"collection":[{"href":"https:\/\/www.marianagurza.ro\/blog\/wp-json\/wp\/v2\/posts"}],"about":[{"href":"https:\/\/www.marianagurza.ro\/blog\/wp-json\/wp\/v2\/types\/post"}],"author":[{"embeddable":true,"href":"https:\/\/www.marianagurza.ro\/blog\/wp-json\/wp\/v2\/users\/1"}],"replies":[{"embeddable":true,"href":"https:\/\/www.marianagurza.ro\/blog\/wp-json\/wp\/v2\/comments?post=10463"}],"version-history":[{"count":6,"href":"https:\/\/www.marianagurza.ro\/blog\/wp-json\/wp\/v2\/posts\/10463\/revisions"}],"predecessor-version":[{"id":10468,"href":"https:\/\/www.marianagurza.ro\/blog\/wp-json\/wp\/v2\/posts\/10463\/revisions\/10468"}],"wp:attachment":[{"href":"https:\/\/www.marianagurza.ro\/blog\/wp-json\/wp\/v2\/media?parent=10463"}],"wp:term":[{"taxonomy":"category","embeddable":true,"href":"https:\/\/www.marianagurza.ro\/blog\/wp-json\/wp\/v2\/categories?post=10463"},{"taxonomy":"post_tag","embeddable":true,"href":"https:\/\/www.marianagurza.ro\/blog\/wp-json\/wp\/v2\/tags?post=10463"}],"curies":[{"name":"wp","href":"https:\/\/api.w.org\/{rel}","templated":true}]}}