{"id":10764,"date":"2013-02-28T18:35:30","date_gmt":"2013-02-28T18:35:30","guid":{"rendered":"http:\/\/www.marianagurza.ro\/blog\/?p=10764"},"modified":"2013-02-28T18:36:25","modified_gmt":"2013-02-28T18:36:25","slug":"boris-david-in-ajun-de-martie","status":"publish","type":"post","link":"https:\/\/www.marianagurza.ro\/blog\/2013\/02\/28\/boris-david-in-ajun-de-martie\/","title":{"rendered":"Boris David: \u00cen ajun de Martie"},"content":{"rendered":"<p style=\"text-align: center;\"><a href=\"http:\/\/www.marianagurza.ro\/blog\/wp-content\/uploads\/2013\/02\/boris-david.jpg\"><img loading=\"lazy\" decoding=\"async\" class=\"size-full wp-image-10765\" title=\"boris david\" src=\"http:\/\/www.marianagurza.ro\/blog\/wp-content\/uploads\/2013\/02\/boris-david.jpg\" alt=\"\" width=\"300\" height=\"168\" \/><\/a><\/p>\n<p><strong>\u00a0\u00a0\u00a0\u00a0\u00a0\u00a0\u00a0\u00a0\u00a0\u00a0\u00a0\u00a0\u00a0 O lume-ntreag\u0103&#8230;<\/strong><\/p>\n<p>O lume-ntreag\u0103 te serbeaz\u0103<br \/>\nTot ce-i b\u0103rbat se-nchin\u0103-n fa\u0163a ta<br \/>\nCopiii vor s\u0103-\u0163i stea \u00een bra\u0163e<br \/>\n\u015ei toate astea doar din vina ta.<\/p>\n<p>Tu e\u015fti ca floarea de ginga\u015f\u0103<br \/>\nTu \u015ftii oric\u00e2nd s\u0103 rabzi durerea grea<br \/>\nTu \u015ftii s\u0103 m\u00e2ng\u00e2i doar cu-o \u015foapt\u0103<br \/>\nNenorocirea, fie c\u00e2t de rea.<\/p>\n<p>Ascunzi discret o mare for\u0163\u0103<br \/>\nDoar la nevoie tu faci uz de ea<br \/>\n\u015ei generos ne faci s\u0103 credem<br \/>\nC\u0103-i calitatea noastr\u0103 cea mai grea.<\/p>\n<p>Ne faci s\u0103 \u00eenv\u0103\u0163\u0103m credin\u0163a<br \/>\n\u015ei ier\u0163i c\u00e2nd uneori uit\u0103m de ea<br \/>\nTe-nhami s\u0103 procreezi fiin\u0163a<br \/>\nC\u00e2nd \u015ftii c\u0103 suferin\u0163a este grea.<\/p>\n<p>\u00cen ochii t\u0103i se pierde marea &#8211;<br \/>\nCe deseori ne cufund\u0103m \u00een ea!<br \/>\nE\u015fti tot ceea ce na\u015fte versul<br \/>\nDe dragoste, sau moarte, pentru-o stea&#8230;<br \/>\n7 mart.\u201981<br \/>\nBra\u015fov<\/p>\n<p style=\"text-align: center;\">\u00a0<a href=\"http:\/\/www.marianagurza.ro\/blog\/wp-content\/uploads\/2013\/02\/marisor.jpg\"><img loading=\"lazy\" decoding=\"async\" class=\"size-full wp-image-10766\" title=\"marisor\" src=\"http:\/\/www.marianagurza.ro\/blog\/wp-content\/uploads\/2013\/02\/marisor.jpg\" alt=\"\" width=\"234\" height=\"215\" \/><\/a><\/p>\n<p><strong>\u00a0\u00a0\u00a0\u00a0\u00a0\u00a0\u00a0\u00a0\u00a0\u00a0\u00a0\u00a0\u00a0\u00a0\u00a0\u00a0\u00a0\u00a0\u00a0\u00a0\u00a0\u00a0 Martie<\/strong><\/p>\n<p>&nbsp;<\/p>\n<p>Martie e prim\u0103vara &#8211;<br \/>\nNu-i Marte, zeu r\u0103zboinic &#8211;<br \/>\nNu confunda\u0163i ocara,<br \/>\nCu-n anotimp destoinic!<\/p>\n<p>Martie e \u00eenvierea &#8211;<br \/>\nNu-i Marte, zeul blestemat &#8211;<br \/>\nNu confunda\u0163i iubirea<br \/>\nCu cel ce mor\u0163ii, via\u0163\u0103-a dat!<\/p>\n<p>Martie e-a mea fiin\u0163\u0103 &#8211;<br \/>\nNu-i Marte \u00eenc\u0103p\u0103\u0163\u00e2nat &#8211;<br \/>\nNu confunda\u0163i \u015ftiin\u0163a<br \/>\nCu-n mijloc de dezintegrat!<\/p>\n<p>Azi Martie se vrea \u00een pace &#8211;<br \/>\nNu-i timp de-un Marte-nzaliat &#8211;<br \/>\nDe vrem, o \u015ftim, o putem face:<br \/>\nPe zeu, legendei, noi l-am dat!&#8230;<\/p>\n<p>1 mart.\u201983<br \/>\nBucure\u015fti<\/p>\n<h5><\/h5>\n<h5>Boris David<\/h5>\n<p>&nbsp;<\/p>\n","protected":false},"excerpt":{"rendered":"<p>\u00a0\u00a0\u00a0\u00a0\u00a0\u00a0\u00a0\u00a0\u00a0\u00a0\u00a0\u00a0\u00a0 O lume-ntreag\u0103&#8230; O lume-ntreag\u0103 te serbeaz\u0103 Tot ce-i b\u0103rbat se-nchin\u0103-n fa\u0163a ta Copiii vor s\u0103-\u0163i stea \u00een bra\u0163e \u015ei [&#038;hellip<\/p>\n","protected":false},"author":1,"featured_media":0,"comment_status":"closed","ping_status":"closed","sticky":false,"template":"","format":"standard","meta":{"footnotes":""},"categories":[3],"tags":[],"class_list":["post-10764","post","type-post","status-publish","format-standard","hentry","category-articole"],"_links":{"self":[{"href":"https:\/\/www.marianagurza.ro\/blog\/wp-json\/wp\/v2\/posts\/10764","targetHints":{"allow":["GET"]}}],"collection":[{"href":"https:\/\/www.marianagurza.ro\/blog\/wp-json\/wp\/v2\/posts"}],"about":[{"href":"https:\/\/www.marianagurza.ro\/blog\/wp-json\/wp\/v2\/types\/post"}],"author":[{"embeddable":true,"href":"https:\/\/www.marianagurza.ro\/blog\/wp-json\/wp\/v2\/users\/1"}],"replies":[{"embeddable":true,"href":"https:\/\/www.marianagurza.ro\/blog\/wp-json\/wp\/v2\/comments?post=10764"}],"version-history":[{"count":3,"href":"https:\/\/www.marianagurza.ro\/blog\/wp-json\/wp\/v2\/posts\/10764\/revisions"}],"predecessor-version":[{"id":10768,"href":"https:\/\/www.marianagurza.ro\/blog\/wp-json\/wp\/v2\/posts\/10764\/revisions\/10768"}],"wp:attachment":[{"href":"https:\/\/www.marianagurza.ro\/blog\/wp-json\/wp\/v2\/media?parent=10764"}],"wp:term":[{"taxonomy":"category","embeddable":true,"href":"https:\/\/www.marianagurza.ro\/blog\/wp-json\/wp\/v2\/categories?post=10764"},{"taxonomy":"post_tag","embeddable":true,"href":"https:\/\/www.marianagurza.ro\/blog\/wp-json\/wp\/v2\/tags?post=10764"}],"curies":[{"name":"wp","href":"https:\/\/api.w.org\/{rel}","templated":true}]}}