{"id":10790,"date":"2013-03-01T14:39:15","date_gmt":"2013-03-01T14:39:15","guid":{"rendered":"http:\/\/www.marianagurza.ro\/blog\/?p=10790"},"modified":"2013-03-01T14:39:23","modified_gmt":"2013-03-01T14:39:23","slug":"mitropolitul-bartolomeu-%e2%80%9earhieria-adevarata-se-face-pe-branci-nu-de-pe-tron%e2%80%9c","status":"publish","type":"post","link":"https:\/\/www.marianagurza.ro\/blog\/2013\/03\/01\/mitropolitul-bartolomeu-%e2%80%9earhieria-adevarata-se-face-pe-branci-nu-de-pe-tron%e2%80%9c\/","title":{"rendered":"Mitropolitul Bartolomeu: \u201eArhieria adev\u0103rat\u0103 se face pe br\u00e2nci, nu de pe Tron\u201c"},"content":{"rendered":"<p style=\"text-align: justify;\"><strong><strong><strong><img decoding=\"async\" class=\"alignleft\" src=\"http:\/\/t3.gstatic.com\/images?q=tbn:ANd9GcQ-wp1ZLqY8Rb7bhh-Gonxo3Aj9oOK9_zxfFEb08L7-FGu_N7C4\" alt=\"\" name=\"vnDT78QFu5kTAM:\" data-src=\"http:\/\/t3.gstatic.com\/images?q=tbn:ANd9GcQ-wp1ZLqY8Rb7bhh-Gonxo3Aj9oOK9_zxfFEb08L7-FGu_N7C4\" data-sz=\"f\" \/>\u201c\u015etiam c\u0103 Prea Sfin\u0163itul Ioan Mih\u0103l\u0163an \u00een ultima vreme era foarte suferind. \u00cenalt Prea Sfin\u0163itul Andrei m\u0103 \u0163inea la curent telefonic, cu starea s\u0103n\u0103t\u0103\u0163ii Sale, din ce \u00een ce mai precar\u0103, \u015fi \u00eentr-un fel m-a anun\u0163at c\u0103 i se apropie sf\u00e2r\u015fitul. \u015ei, totu\u015fi, c\u00e2nd am aflat c\u0103 \u015fi-a dat duhul \u015fi c\u0103 a trecut \u00een lumea de dincolo, am sim\u0163it o ruptur\u0103 \u00een sufletul meu, de\u015fi, repet, eram preg\u0103tit pentru aceast\u0103 desp\u0103r\u0163ire. (\u2026) A\u015fa se face c\u0103 am c\u0103zut \u00een genunchi \u015fi m-am rugat pentru sufletul s\u0103u, a\u015fa cum \u015fi eu l-am rugat s\u0103 se roage de acolo din ceruri pentru sufletul meu. Pentru c\u0103 , dragii mei, de\u015fi moartea este desp\u0103r\u0163irea prin excelen\u0163\u0103, ea se \u00eempline\u015fte prin comuniunea rug\u0103ciunii.(\u2026) A\u015fa \u00eenc\u00e2t eu m\u0103 despart, un fel de a zice, de Prea Sfin\u0163itul Ioan cu sentimentul c\u0103 nu este o adev\u0103rat\u0103 desp\u0103r\u0163ire \u015fi cu sentimentul c\u0103 sufletul s\u0103u merge \u00eempreun\u0103 cu drep\u0163ii \u00een fa\u0163a Dreptului Judec\u0103tor. Pentru c\u0103 a fost omul care a \u00eenv\u0103\u0163at Evanghelia cea adev\u0103rat\u0103 \u00een calitate de Dasc\u0103l \u015fi a p\u0103storit credincio\u015fii \u00een calitate de P\u0103stor \u015fi a luat \u00een serios Arhieria, pentru c\u0103 Arhiereu nu \u00eenseamn\u0103 Domnie, ci, \u00een primul r\u00e2nd, Slujire \u015fi Smerenie \u015fi Ascultare! Arhieria adev\u0103rat\u0103 se face pe br\u00e2nci, nu de pe Tron, iar el a \u00een\u0163eles acest lucru. De c\u00e2te ori l-am v\u0103zut \u00een Oradea cu diferite prilejuri \u00eemi povestea despre greut\u0103\u0163ile pastora\u0163iei, care at\u00e2rn\u0103 greu pe umerii oric\u0103rui Arhiereu con\u015ftient de misiunea lui. De aceea dragii mei am venit aici \u00eempreun\u0103 cu \u00cenalt Prea Sfin\u0163itul Andrei, care i-a purtat de grij\u0103 p\u00e2n\u0103 \u00een ultima clip\u0103; \u015fi vreau ca, \u00een numele meu \u015fi al nostru, s\u0103 mul\u0163umesc familiei, nepotului s\u0103u, p\u0103rintelui Vasile Mih\u0103l\u0163an, pentru c\u0103 l-a \u00eengrijit cu devotament \u015fi, de asemenea, personalului care l-a \u00eengrijit p\u00e2n\u0103 la ultima suflare .<br \/>\nSuntem \u00eempreun\u0103 cu Prea Sfin\u0163ia Ta , Prea Sfin\u0163ite p\u0103rinte Ioan \u015fi vom r\u0103m\u00e2ne \u00eempreun\u0103 prin rug\u0103ciunile noastre, a\u015fa cum \u015fi Prea Sfin\u0163ia Ta vei r\u0103m\u00e2ne \u00eentre noi, prin acelea\u015fi rug\u0103ciuni! Undeva la poarta cerului rug\u0103ciunile noastre se vor \u00eent\u00e2lni, dac\u0103 nu cumva s-au \u015fi \u00eent\u00e2lnit! Dumnezeu s\u0103-\u0163i odihneasc\u0103 sufletul \u015fi s\u0103-l fericeasc\u0103 \u00een ceata drep\u0163ilor \u015fi nu ne uita nici pe noi cei care r\u0103m\u00e2nem cu toate poverile noastre, dar \u015fi cu luminoasa Ta amintire! Amin!\u201d <\/strong><\/strong><\/strong><\/p>\n<p style=\"text-align: right;\"><strong>Mitropolitul Bartolomeu<\/strong><\/p>\n<p style=\"text-align: right;\">Neamul Romanesc<\/p>\n","protected":false},"excerpt":{"rendered":"<p>\u201c\u015etiam c\u0103 Prea Sfin\u0163itul Ioan Mih\u0103l\u0163an \u00een ultima vreme era foarte suferind. \u00cenalt Prea Sfin\u0163itul Andrei m\u0103 \u0163inea la curent [&#038;hellip<\/p>\n","protected":false},"author":1,"featured_media":0,"comment_status":"closed","ping_status":"closed","sticky":false,"template":"","format":"standard","meta":{"footnotes":""},"categories":[3],"tags":[],"class_list":["post-10790","post","type-post","status-publish","format-standard","hentry","category-articole"],"_links":{"self":[{"href":"https:\/\/www.marianagurza.ro\/blog\/wp-json\/wp\/v2\/posts\/10790","targetHints":{"allow":["GET"]}}],"collection":[{"href":"https:\/\/www.marianagurza.ro\/blog\/wp-json\/wp\/v2\/posts"}],"about":[{"href":"https:\/\/www.marianagurza.ro\/blog\/wp-json\/wp\/v2\/types\/post"}],"author":[{"embeddable":true,"href":"https:\/\/www.marianagurza.ro\/blog\/wp-json\/wp\/v2\/users\/1"}],"replies":[{"embeddable":true,"href":"https:\/\/www.marianagurza.ro\/blog\/wp-json\/wp\/v2\/comments?post=10790"}],"version-history":[{"count":3,"href":"https:\/\/www.marianagurza.ro\/blog\/wp-json\/wp\/v2\/posts\/10790\/revisions"}],"predecessor-version":[{"id":10793,"href":"https:\/\/www.marianagurza.ro\/blog\/wp-json\/wp\/v2\/posts\/10790\/revisions\/10793"}],"wp:attachment":[{"href":"https:\/\/www.marianagurza.ro\/blog\/wp-json\/wp\/v2\/media?parent=10790"}],"wp:term":[{"taxonomy":"category","embeddable":true,"href":"https:\/\/www.marianagurza.ro\/blog\/wp-json\/wp\/v2\/categories?post=10790"},{"taxonomy":"post_tag","embeddable":true,"href":"https:\/\/www.marianagurza.ro\/blog\/wp-json\/wp\/v2\/tags?post=10790"}],"curies":[{"name":"wp","href":"https:\/\/api.w.org\/{rel}","templated":true}]}}