{"id":11385,"date":"2013-03-16T18:15:31","date_gmt":"2013-03-16T18:15:31","guid":{"rendered":"http:\/\/www.marianagurza.ro\/blog\/?p=11385"},"modified":"2013-03-16T18:16:34","modified_gmt":"2013-03-16T18:16:34","slug":"colocviile-de-marti-eveniment-primavara-mama-noastra-recital-viorica-vatamanu","status":"publish","type":"post","link":"https:\/\/www.marianagurza.ro\/blog\/2013\/03\/16\/colocviile-de-marti-eveniment-primavara-mama-noastra-recital-viorica-vatamanu\/","title":{"rendered":"Colocviile de Mar\u021bi: Eveniment: Prim\u0103var\u0103, mama noastr\u0103. Recital Viorica Vatamanu"},"content":{"rendered":"<p style=\"text-align: center;\"><a href=\"http:\/\/www.marianagurza.ro\/blog\/wp-content\/uploads\/2013\/03\/primavara.jpg\"><img loading=\"lazy\" decoding=\"async\" class=\"size-medium wp-image-11386\" title=\"primavara\" src=\"http:\/\/www.marianagurza.ro\/blog\/wp-content\/uploads\/2013\/03\/primavara-300x242.jpg\" alt=\"\" width=\"300\" height=\"242\" srcset=\"https:\/\/www.marianagurza.ro\/blog\/wp-content\/uploads\/2013\/03\/primavara-300x242.jpg 300w, https:\/\/www.marianagurza.ro\/blog\/wp-content\/uploads\/2013\/03\/primavara.jpg 600w\" sizes=\"auto, (max-width: 300px) 100vw, 300px\" \/><\/a><\/p>\n<p style=\"text-align: justify;\"><strong>COLOCVIILE DE MAR\u021aI \/ The Tuesday Colloquiums <\/strong>26 martie 2013, 5 pm, Calderon 39<\/p>\n<p style=\"text-align: justify;\">Anul IV, nr. 41. <em>Addresses, Interven\u021bii, Teatru de poezie, Lans\u0103ri de c\u0103r\u021bi, Proiecte, Portrete<\/em><\/p>\n<p style=\"text-align: justify;\">Eveniment: <strong>Prim\u0103var\u0103, mama noastr\u0103. Recital Viorica Vatamanu <\/strong><\/p>\n<p style=\"text-align: justify;\">\u201eA cunoa\u0219te. A iubi. \/ \u00cenc\u0103-odat\u0103, iar \u0219i iara, \/ a cunoa\u0219te-nseamn\u0103 iarn\u0103, \/ a iubi e primavar\u0103.\u201d (Lucian Blaga). \u201cDin zi \u00een zi mai trist\u0103,s\u0103rman\u0103 Rom\u00e2nie;\/De dou\u0103 veacuri jalea \u00ee\u0163i cre\u015fte ne-ncetat!\/Traian se mir\u0103, pl\u00e2nge, prive\u015fte-a ta c\u00e2mpie\/Ce-o \u015ftie c\u00e2mp, odat\u0103 de Acvil-ap\u0103rat.\u201d (Cezar Bolliac, 1839). \u201c\u0218i fumul sf\u00e2nt ce suie-ncet spre cer, \/ Rug\u00e2nd iertarea vinii din trecut; \/ Iar sufletul ce-odat\u0103-a fost v\u00e2ndut, \/ S-a m\u00e2ntuit din jugul lui de fier.\u201d (Alexei Mateevici, 1910). \u201cAi grij\u0103, lupt\u0103torule, nu-\u021bi pierde \/ ochiul,\/ pentru c\u0103 vor aduce \u0219i-\u021bi vor a\u0219eza \/ \u00een orbit\u0103 un zeu \/ \u0219i el va sta acolo, \u00eempietrit, iar noi \/ ne vom mi\u0219ca sufletele sl\u0103vindu-l&#8230;\/ \u0218i chiar \u0219i tu \u00ee\u021bi vei urni sufletul \/ sl\u0103vindu-l ca pe str\u0103ini.\u201d (Nichita St\u0103nescu, 1966). Calendar martie 2013: Alegerea papei Francisc (13.3.2013) &#8211; C\u0103r\u021bi de Jorge Bergoglio: <em>Meditaciones para religiosos <\/em>(1982); <em>Reflexiones en esperanza <\/em>(1992); <em>Educar: exigencia y pasi\u00f3n <\/em>(2003); <em>Ponerse la patria al hombro: memoria y camino de esperanza <\/em>(2003); <em>La naci\u00f3n por construir: utop\u00eda, pensamiento y compromiso <\/em>(2005); <em>Corrupci\u00f3n y pecado <\/em>(2006); <em>El verdadero poder es el servicio <\/em>(2007); <em>Nosotros como ciudadanos, nosotros como pueblo <\/em>(2011). N\u0103scu\u021bi \u00een martie: Torquato Tasso, 11 m, 1544; Alfred de Vigny, 27 m, 1797; Victor Hugo, 5 m 1802; Cezar Bolliac 200 (23 mart 1813 \u2013 25 feb 1881); Stephane Mallarme, 18 m, 1842; Alexandru Macedonski, 14 m, 1854; Alexei Mateevici 175 (27 mart 1888 \u2013 24 aug 1917); Mircea Eliade, 13 m, 1907; Nichita St\u0103nescu 80 (31 mart 1933 \u2013 13 dec 1983).<\/p>\n<p style=\"text-align: justify;\">Amfitrion: Dr. George Anca<\/p>\n<p style=\"text-align: justify;\"><em>Invita\u021bi speciali \/ Special Guests<\/em>: Arun Kumar Sharma (India), D. H. Bello (Nigeria), Chavdar Dimov (Bulgaria)<\/p>\n<p style=\"text-align: justify;\"><em>Invita\u021bi<\/em><\/p>\n<p style=\"text-align: justify;\">Ion Andrei\u021b\u0103, Vasile Andru, Nicolae Baciut, Esha Beteille, Surender Bhutani, Vasile Boji, Adrian Botez, Nicolae Bulz, Aristotel Bunescu, Alexandra-Maria Citirig\u0103, Silvia Codreanu, Florin Costinescu, Petru Costinescu, Wanda Decca, Pu\u0219i Dinulescu, Adina Dumitrescu, Nicolae Dan Fruntelat\u0103, Doina Ghi\u021bescu, Monica Grigorescu, Iulia Grum\u0103zescu, Neculai Hilohi, Sorana Georgescu-Gorjan, Mariana Gurza, Petru Ionescu, Elisabeta Isanos, George Lupa\u0219cu, Toma George Maiorescu, Dan Mateescu, Vasile Menzel, Bianca Beatrice Michi, C\u0103t\u0103lin Mirea, Ioan Mititelu, Doru Mo\u021boc, Mircea Muntenescu, Gheorghe Neagu, Lucia Negoi\u021b\u0103, Radu Cristian Nema, Vasile Pupeza, Arghira Ravanis, Mimi Ravanis, Felix Sima, Florentin Smarandache, Ion Soare, Viorel Speteanu, Mihai Stan, Constantin-Dumitru Surdu, Mihai Teodorescu, Florian T\u0103n\u0103sescu, Ben Todic\u0103, Neagu Udroiu, Viorica Vatamanu, Tiberiu-Sebastian V\u0103duva, Corneliu Zeana<\/p>\n<p style=\"text-align: justify;\"><em>Interven\u021bii<\/em><\/p>\n<p style=\"text-align: justify;\">Sorana Georgescu-Gorjan: <em>Br\u00e2ncu\u0219i \u0219i luna martie<\/em><\/p>\n<p style=\"text-align: justify;\">George Anca: <em>Sergiu Al-George despre Mircea Eliade<\/em><\/p>\n<p style=\"text-align: justify;\">Doina Boriceanu: <em>\u0218i prunce\u0219te ne d\u0103 daruri cea str\u0103veche prim\u0103var\u0103<\/em><\/p>\n<p style=\"text-align: justify;\">Pu\u0219i Dinulescu: <em>Virgil Mazilescu<\/em><\/p>\n<p style=\"text-align: justify;\">Iulia Grum\u0103zescu: <em>Dreptul \u021b\u0103ranului (Obiceiuri, 1)<\/em><\/p>\n<p style=\"text-align: justify;\">Bianca Beatrice Michi: <em>Tradi\u021bia cre\u0219tin\u0103 \u0219i hermeneutica<\/em><\/p>\n<p style=\"text-align: justify;\">Mihai Teodorescu: <em>Praxisul filosofiei medicinii<\/em><\/p>\n<p style=\"text-align: justify;\">Adrian Botez:<em> Fapt divers provincial \/ Prim\u0103vara rata\u021bilor <\/em><\/p>\n<p style=\"text-align: justify;\"><em>Teatru de poezie<\/em><\/p>\n<p style=\"text-align: justify;\"><em>Recital Viorica Vatamanu<\/em><\/p>\n<p style=\"text-align: justify;\">Arghira Ravanis: <em>Florica<\/em><\/p>\n<p style=\"text-align: justify;\">Doru Mo\u021boc: <em>Don Felix avea un melc <\/em><\/p>\n<p style=\"text-align: justify;\">Radu Cristian Nema:<em> poeme de Virgil Nistru \u021aig\u0103nu\u0219<\/em><\/p>\n<p style=\"text-align: justify;\"><em>Lans\u0103ri:<\/em><\/p>\n<p style=\"text-align: justify;\">Nicolae Dan Fruntelat\u0103: <em>Poeme de scris pe ziduri<\/em>, Semne<\/p>\n<p style=\"text-align: justify;\">Petre Terescenco: <em>S\u0103-nv\u0103\u021b\u0103m etnografia folosind doar poezia<\/em>, Ed. Muzeul Satului<\/p>\n<p style=\"text-align: justify;\"><em>Florentin Smarandache \u00cen Vestul NeS\u0103lbatic<\/em>, Sitech, Craiova, 2013<\/p>\n<p style=\"text-align: justify;\"><em>Portrete<\/em> de Radu Cristian Nema<\/p>\n","protected":false},"excerpt":{"rendered":"<p>COLOCVIILE DE MAR\u021aI \/ The Tuesday Colloquiums 26 martie 2013, 5 pm, Calderon 39 Anul IV, nr. 41. Addresses, Interven\u021bii, [&#038;hellip<\/p>\n","protected":false},"author":1,"featured_media":0,"comment_status":"closed","ping_status":"closed","sticky":false,"template":"","format":"standard","meta":{"footnotes":""},"categories":[3],"tags":[],"class_list":["post-11385","post","type-post","status-publish","format-standard","hentry","category-articole"],"_links":{"self":[{"href":"https:\/\/www.marianagurza.ro\/blog\/wp-json\/wp\/v2\/posts\/11385","targetHints":{"allow":["GET"]}}],"collection":[{"href":"https:\/\/www.marianagurza.ro\/blog\/wp-json\/wp\/v2\/posts"}],"about":[{"href":"https:\/\/www.marianagurza.ro\/blog\/wp-json\/wp\/v2\/types\/post"}],"author":[{"embeddable":true,"href":"https:\/\/www.marianagurza.ro\/blog\/wp-json\/wp\/v2\/users\/1"}],"replies":[{"embeddable":true,"href":"https:\/\/www.marianagurza.ro\/blog\/wp-json\/wp\/v2\/comments?post=11385"}],"version-history":[{"count":3,"href":"https:\/\/www.marianagurza.ro\/blog\/wp-json\/wp\/v2\/posts\/11385\/revisions"}],"predecessor-version":[{"id":11388,"href":"https:\/\/www.marianagurza.ro\/blog\/wp-json\/wp\/v2\/posts\/11385\/revisions\/11388"}],"wp:attachment":[{"href":"https:\/\/www.marianagurza.ro\/blog\/wp-json\/wp\/v2\/media?parent=11385"}],"wp:term":[{"taxonomy":"category","embeddable":true,"href":"https:\/\/www.marianagurza.ro\/blog\/wp-json\/wp\/v2\/categories?post=11385"},{"taxonomy":"post_tag","embeddable":true,"href":"https:\/\/www.marianagurza.ro\/blog\/wp-json\/wp\/v2\/tags?post=11385"}],"curies":[{"name":"wp","href":"https:\/\/api.w.org\/{rel}","templated":true}]}}