{"id":11417,"date":"2013-03-22T16:01:53","date_gmt":"2013-03-22T16:01:53","guid":{"rendered":"http:\/\/www.marianagurza.ro\/blog\/?p=11417"},"modified":"2013-03-22T16:04:48","modified_gmt":"2013-03-22T16:04:48","slug":"maria-rugina-tema-mea-cea-de-toate-zilele%e2%80%9d","status":"publish","type":"post","link":"https:\/\/www.marianagurza.ro\/blog\/2013\/03\/22\/maria-rugina-tema-mea-cea-de-toate-zilele%e2%80%9d\/","title":{"rendered":"MAria RUgin\u0103: Tema mea ,,cea de toate zilele\u201d"},"content":{"rendered":"<p style=\"text-align: center;\"><a href=\"http:\/\/www.marianagurza.ro\/blog\/wp-content\/uploads\/2013\/03\/maria-rugina.jpg\"><img loading=\"lazy\" decoding=\"async\" class=\"size-full wp-image-11418\" title=\"maria rugina\" src=\"http:\/\/www.marianagurza.ro\/blog\/wp-content\/uploads\/2013\/03\/maria-rugina.jpg\" alt=\"\" width=\"194\" height=\"260\" \/><\/a><\/p>\n<p>M\u0103 simt ca la-nceput de mit, c\u00e2nd toate tind spre separare,<\/p>\n<p>Iar Firea \u2013 \u00eenc\u0103 nefiind\u0103 \u2013 schi\u021beaz\u0103 semne de-ntrebare:<\/p>\n<p>De ce s\u0103 m\u0103 f\u0103r\u00e2mi\u021bez, sa fiu ceva sau altceva,<\/p>\n<p>Dac\u0103 Nefirea e st\u0103p\u00e2n\u0103 \u0219i are Tot, f\u0103r\u0103 s\u0103 dea?<\/p>\n<p>&nbsp;<\/p>\n<p>Oare-accept\u00e2nd alternativa mai po\u021bi s\u0103 te une\u0219ti cu tine<\/p>\n<p>Sau vei r\u0103m\u00e2ne pe vecie o parte R\u0103u \u0219i-o parte Bine?<\/p>\n<p>De ce-a\u0219 schimba lini\u0219tea oarb\u0103 pe o fr\u00e2ntur\u0103 de lumin\u0103,<\/p>\n<p>Doar ca s\u0103 v\u0103d Viul din mine, care-n derut\u0103 se \u00eenclin\u0103?<\/p>\n<p>&nbsp;<\/p>\n<p>\u0218i tocmai c\u00e2nd Nehot\u0103r\u00e2rea \u021binea \u00een loc ,,cele ce s\u00e2nt\u201d<\/p>\n<p>Roste\u0219te EL \u2013 SUPREMUL TOT \u2013 z\u0103mislitorul s\u0103u Cuv\u00e2nt !<\/p>\n<p>\u0218i astfel NU-ul otr\u0103vit, ce-n Viul Firii se r\u0103sfa\u021b\u0103,<\/p>\n<p>Intr\u0103 triumf\u0103tor \u00een noi, hr\u0103nindu-se hain cu Via\u021b\u0103 !<\/p>\n<p>&nbsp;<\/p>\n<p>Nelini\u0219tit\u0103 pic\u0103tur\u0103, privesc aceast\u0103 provocare<\/p>\n<p>Ca TEM\u0102-a EXIST\u0102RII noastre, suprema Firii \u00eentrebare.<\/p>\n<p>Nu pot s\u0103 fiu judec\u0103tor, nu pot avea ce-n Fire nu-i,<\/p>\n<p>Dar caut ,,p\u00e2inea\u201d mea-r\u0103spuns: UCIDERE, DIN CULPA CUI?<\/p>\n<p>&nbsp;<\/p>\n<p>&nbsp;<\/p>\n<p align=\"center\">\u00a0\u00a0\u00a0\u00a0\u00a0\u00a0\u00a0\u00a0\u00a0\u00a0\u00a0\u00a0\u00a0\u00a0\u00a0\u00a0\u00a0\u00a0\u00a0\u00a0\u00a0\u00a0\u00a0\u00a0\u00a0\u00a0\u00a0\u00a0\u00a0\u00a0\u00a0\u00a0\u00a0\u00a0\u00a0\u00a0\u00a0\u00a0\u00a0\u00a0\u00a0\u00a0\u00a0\u00a0\u00a0\u00a0\u00a0\u00a0\u00a0\u00a0\u00a0\u00a0\u00a0\u00a0\u00a0\u00a0\u00a0\u00a0\u00a0 MAria RUgin\u0103<\/p>\n","protected":false},"excerpt":{"rendered":"<p>M\u0103 simt ca la-nceput de mit, c\u00e2nd toate tind spre separare, Iar Firea \u2013 \u00eenc\u0103 nefiind\u0103 \u2013 schi\u021beaz\u0103 semne de-ntrebare: [&#038;hellip<\/p>\n","protected":false},"author":1,"featured_media":0,"comment_status":"closed","ping_status":"closed","sticky":false,"template":"","format":"standard","meta":{"footnotes":""},"categories":[3],"tags":[],"class_list":["post-11417","post","type-post","status-publish","format-standard","hentry","category-articole"],"_links":{"self":[{"href":"https:\/\/www.marianagurza.ro\/blog\/wp-json\/wp\/v2\/posts\/11417","targetHints":{"allow":["GET"]}}],"collection":[{"href":"https:\/\/www.marianagurza.ro\/blog\/wp-json\/wp\/v2\/posts"}],"about":[{"href":"https:\/\/www.marianagurza.ro\/blog\/wp-json\/wp\/v2\/types\/post"}],"author":[{"embeddable":true,"href":"https:\/\/www.marianagurza.ro\/blog\/wp-json\/wp\/v2\/users\/1"}],"replies":[{"embeddable":true,"href":"https:\/\/www.marianagurza.ro\/blog\/wp-json\/wp\/v2\/comments?post=11417"}],"version-history":[{"count":3,"href":"https:\/\/www.marianagurza.ro\/blog\/wp-json\/wp\/v2\/posts\/11417\/revisions"}],"predecessor-version":[{"id":11420,"href":"https:\/\/www.marianagurza.ro\/blog\/wp-json\/wp\/v2\/posts\/11417\/revisions\/11420"}],"wp:attachment":[{"href":"https:\/\/www.marianagurza.ro\/blog\/wp-json\/wp\/v2\/media?parent=11417"}],"wp:term":[{"taxonomy":"category","embeddable":true,"href":"https:\/\/www.marianagurza.ro\/blog\/wp-json\/wp\/v2\/categories?post=11417"},{"taxonomy":"post_tag","embeddable":true,"href":"https:\/\/www.marianagurza.ro\/blog\/wp-json\/wp\/v2\/tags?post=11417"}],"curies":[{"name":"wp","href":"https:\/\/api.w.org\/{rel}","templated":true}]}}