{"id":11757,"date":"2013-04-06T09:09:42","date_gmt":"2013-04-06T09:09:42","guid":{"rendered":"http:\/\/www.marianagurza.ro\/blog\/?p=11757"},"modified":"2017-04-06T18:05:16","modified_gmt":"2017-04-06T18:05:16","slug":"tata-mi-e-dor-de-tine","status":"publish","type":"post","link":"https:\/\/www.marianagurza.ro\/blog\/2013\/04\/06\/tata-mi-e-dor-de-tine\/","title":{"rendered":"Tat\u0103, mi-e dor de tine&#8230;"},"content":{"rendered":"<p style=\"text-align: center;\"><a href=\"http:\/\/www.marianagurza.ro\/blog\/wp-content\/uploads\/2013\/04\/tata.jpg\"><img loading=\"lazy\" decoding=\"async\" class=\"size-medium wp-image-11758\" title=\"tata\" src=\"http:\/\/www.marianagurza.ro\/blog\/wp-content\/uploads\/2013\/04\/tata-220x300.jpg\" alt=\"\" width=\"220\" height=\"300\" \/><\/a><\/p>\n<p style=\"text-align: center;\"><em>S\u0103-i fie somnul lin&#8230;<\/em><\/p>\n<p style=\"text-align: center;\">***<\/p>\n<p style=\"text-align: left;\"><strong>\u00a0\u00a0\u00a0\u00a0\u00a0\u00a0\u00a0\u00a0\u00a0\u00a0\u00a0\u00a0\u00a0\u00a0\u00a0\u00a0\u00a0\u00a0\u00a0\u00a0\u00a0\u00a0\u00a0\u00a0\u00a0 TAT\u0102<\/strong><strong>, MI-E DOR DE TINE<\/strong><\/p>\n<p style=\"text-align: left;\" align=\"center\"><strong>\u00a0\u00a0\u00a0\u00a0\u00a0\u00a0\u00a0\u00a0\u00a0\u00a0\u00a0\u00a0\u00a0\u00a0\u00a0\u00a0\u00a0\u00a0\u00a0\u00a0 <\/strong><strong><br \/>\n<\/strong><\/p>\n<p><strong>Mi-e dor de tine tat\u0103, mi-e tare dor<\/strong><\/p>\n<p><strong>\u015fi Doamne, grea este desp\u0103r\u0163irea,<\/strong><\/p>\n<p><strong>\u015fi n-am \u015ftiut c\u0103 o s\u0103 mori,<\/strong><\/p>\n<p><strong>dorindu-te mereu, aievea.<\/strong><\/p>\n<p><strong>\u00a0<\/strong><\/p>\n<p><strong>Nu \u015ftiu dac\u0103 am gre\u015fit vreodat\u0103<\/strong><\/p>\n<p><strong>\u015fi tare-a\u015f vrea ca s\u0103 m\u0103 ier\u0163i,<\/strong><\/p>\n<p><strong>s\u0103 fiu cu inima-mp\u0103cat\u0103<\/strong><\/p>\n<p><strong>c\u0103 te-odihne\u015fti printre cei drep\u0163i.<\/strong><\/p>\n<p><strong>\u00a0<\/strong><\/p>\n<p>&nbsp;<\/p>\n<p style=\"text-align: justify;\">R. Ioan s-a n\u0103scut \u00een data 06 aprilie 1921 \u00een localitatea Banila pe Siret, raionul Storojine\u021b, reg. Cernau\u021bi<strong><\/strong>, mama Trandafira \u0219i tat\u0103l Gavril. S-a refugiat \u00een anul 1944 \u00een \u021bara Mam\u0103. Fratele Vasile, \u00eempu\u0219cat la grani\u021b\u0103 pe cand \u00eencerca s\u0103 fug\u0103. Mama , Trandafira, se \u00eentorsese din drum pentru a-\u0219i \u00eengropa feciorul \u0219i nu a mai putut p\u0103r\u0103si localitatea.<\/p>\n<p style=\"text-align: justify;\">Doar prin anii 1950 R. Ioan \u0219i-a primit o identitate&#8230;\u00cen Banat a fost doar tolerat&#8230;nimic mai mult, ca majoritatea refugia\u021bilor&#8230;vazut prin ochii fra\u021bilor romani doar un venetic&#8230;<\/p>\n<p style=\"text-align: justify;\">\u00cen data de 20 septembrie 1987 se stinge \u00eentr-un spital, m\u0103cinat de boal\u0103 \u0219i dor&#8230;<\/p>\n<p style=\"text-align: justify;\">Dumnezeu s\u0103-l ierte \u0219i s\u0103-l odihneasc\u0103. Nu te vom uita niciodat\u0103, tat\u0103!<\/p>\n<p>Mariana Gurza<\/p>\n<p>06. 04. 2013<\/p>\n<p style=\"text-align: justify;\"><a href=\"http:\/\/www.trilulilu.ro\/muzica-clasica\/tata-mi-e-dor-de-tine-versuri-mariana-gurza\">Tata, mi-e dor de tine-versuri Mariana Gurza-Recita actorul Florin Nan<\/a><\/p>\n","protected":false},"excerpt":{"rendered":"<p>S\u0103-i fie somnul lin&#8230; *** \u00a0\u00a0\u00a0\u00a0\u00a0\u00a0\u00a0\u00a0\u00a0\u00a0\u00a0\u00a0\u00a0\u00a0\u00a0\u00a0\u00a0\u00a0\u00a0\u00a0\u00a0\u00a0\u00a0\u00a0\u00a0 TAT\u0102, MI-E DOR DE TINE \u00a0\u00a0\u00a0\u00a0\u00a0\u00a0\u00a0\u00a0\u00a0\u00a0\u00a0\u00a0\u00a0\u00a0\u00a0\u00a0\u00a0\u00a0\u00a0\u00a0 Mi-e dor de tine tat\u0103, mi-e tare dor [&#038;hellip<\/p>\n","protected":false},"author":1,"featured_media":0,"comment_status":"closed","ping_status":"closed","sticky":false,"template":"","format":"standard","meta":{"footnotes":""},"categories":[3],"tags":[],"class_list":["post-11757","post","type-post","status-publish","format-standard","hentry","category-articole"],"_links":{"self":[{"href":"https:\/\/www.marianagurza.ro\/blog\/wp-json\/wp\/v2\/posts\/11757","targetHints":{"allow":["GET"]}}],"collection":[{"href":"https:\/\/www.marianagurza.ro\/blog\/wp-json\/wp\/v2\/posts"}],"about":[{"href":"https:\/\/www.marianagurza.ro\/blog\/wp-json\/wp\/v2\/types\/post"}],"author":[{"embeddable":true,"href":"https:\/\/www.marianagurza.ro\/blog\/wp-json\/wp\/v2\/users\/1"}],"replies":[{"embeddable":true,"href":"https:\/\/www.marianagurza.ro\/blog\/wp-json\/wp\/v2\/comments?post=11757"}],"version-history":[{"count":16,"href":"https:\/\/www.marianagurza.ro\/blog\/wp-json\/wp\/v2\/posts\/11757\/revisions"}],"predecessor-version":[{"id":11760,"href":"https:\/\/www.marianagurza.ro\/blog\/wp-json\/wp\/v2\/posts\/11757\/revisions\/11760"}],"wp:attachment":[{"href":"https:\/\/www.marianagurza.ro\/blog\/wp-json\/wp\/v2\/media?parent=11757"}],"wp:term":[{"taxonomy":"category","embeddable":true,"href":"https:\/\/www.marianagurza.ro\/blog\/wp-json\/wp\/v2\/categories?post=11757"},{"taxonomy":"post_tag","embeddable":true,"href":"https:\/\/www.marianagurza.ro\/blog\/wp-json\/wp\/v2\/tags?post=11757"}],"curies":[{"name":"wp","href":"https:\/\/api.w.org\/{rel}","templated":true}]}}