{"id":12082,"date":"2013-04-12T21:18:33","date_gmt":"2013-04-12T21:18:33","guid":{"rendered":"http:\/\/www.marianagurza.ro\/blog\/?p=12082"},"modified":"2013-04-14T09:34:55","modified_gmt":"2013-04-14T09:34:55","slug":"la-multi-ani-domnule-george-anca","status":"publish","type":"post","link":"https:\/\/www.marianagurza.ro\/blog\/2013\/04\/12\/la-multi-ani-domnule-george-anca\/","title":{"rendered":"La mul\u021bi ani, domnule George Anca!"},"content":{"rendered":"<p style=\"text-align: center;\"><a href=\"http:\/\/www.marianagurza.ro\/blog\/wp-content\/uploads\/2013\/04\/val.jpg\"><img loading=\"lazy\" decoding=\"async\" class=\"size-medium wp-image-12083\" title=\"val\" src=\"http:\/\/www.marianagurza.ro\/blog\/wp-content\/uploads\/2013\/04\/val-300x199.jpg\" alt=\"\" width=\"300\" height=\"199\" srcset=\"https:\/\/www.marianagurza.ro\/blog\/wp-content\/uploads\/2013\/04\/val-300x199.jpg 300w, https:\/\/www.marianagurza.ro\/blog\/wp-content\/uploads\/2013\/04\/val.jpg 547w\" sizes=\"auto, (max-width: 300px) 100vw, 300px\" \/><\/a><\/p>\n<p style=\"text-align: center;\"><em>Val &amp;Valeriu<\/em><\/p>\n<p style=\"text-align: center;\"><em>La mul\u021bi ani, tataie!<\/em><\/p>\n<div><em><strong><em><br \/>\n<\/em><\/strong><\/em><\/div>\n<p style=\"text-align: left;\"><em><strong><em>\u00a0\u00a0\u00a0\u00a0\u00a0\u00a0\u00a0\u00a0\u00a0\u00a0\u00a0\u00a0\u00a0 <\/em><\/strong><\/em><\/p>\n<p><strong><em>\u00a0\u00a0\u00a0\u00a0\u00a0\u00a0\u00a0\u00a0\u00a0\u00a0\u00a0\u00a0\u00a0\u00a0 de-oi rupe<\/em><\/strong><\/p>\n<p>&nbsp;<\/p>\n<p>&nbsp;<\/p>\n<p><em>de-oi rupe dinspre garderob\u0103<\/em><\/p>\n<p><em>tot cu tine de nu po\u021bi ie\u0219i<\/em><\/p>\n<p><em>c\u00e2nd \u0219i vei merge de m\u00e2n\u0103 cu Val<\/em><\/p>\n<p>&nbsp;<\/p>\n<p><em>cit\u0103rii citirea cu voce tare interzis\u0103<\/em><\/p>\n<p><em>parc\u0103 scrii acas\u0103 film din China<\/em><\/p>\n<p><em>ratar\u0103m Kant poate desear\u0103 Turturo<\/em><\/p>\n<p><em>\u00a0<\/em><\/p>\n<p><em>ne uit\u0103m la to\u021bi ur\u00e2\u021bii toat\u0103 via\u021ba<\/em><\/p>\n<p><em>corn de yak \u00een loc de Iacu\u021bia<\/em><\/p>\n<p><em>vedem \u0219i-ai lui Val de-or simplifica<\/em><\/p>\n<p><em>\u00a0<\/em><\/p>\n<p><em>ferit\u0103 patrie de \u00eenviere Naropa<\/em><\/p>\n<p><em>toate la transcris prin farmaco<\/em><\/p>\n<p><em>fetelor nu v\u0103 mai uita\u021bi la ceas<\/em><\/p>\n<p><em>\u00a0<\/em><\/p>\n<p><em>\u00eemi stai transcenden\u021b\u0103 pe experien\u021b\u0103<\/em><\/p>\n<p><em>hai cu intelectul pur \u00een Jaipur<\/em><\/p>\n<p><em>a posteriori \u00eembobocea lup alp<\/em><\/p>\n<p><em>\u00a0<\/em><\/p>\n<p><em>arse rose mai cine pe Rosedale Queens<\/em><\/p>\n<p><em>faza Kant \u2013 Valeriu via Eminescu<\/em><\/p>\n<p><em>subliniat mai apoi cu creion \u00een loc de pix<\/em><\/p>\n<p><em>\u00a0<\/em><\/p>\n<p><em>teme neprinse caiete dup\u0103 iepuri<\/em><\/p>\n<p><em>banner abia pe Boccaccio nu Duminicei<\/em><\/p>\n<p><em>\u021bi-o bate v\u00e2ntul coada nu salutul<\/em><\/p>\n<p><em>\u00a0<\/em><\/p>\n<p><em>s-or fi schimbat cocoanele m\u0103rului<\/em><\/p>\n<p><em>mari rumori de-o macabritate<\/em><\/p>\n<p><em>ori oboseala marii amieze gonii<\/em><\/p>\n<p><em>\u00a0<\/em><\/p>\n<p><em>n-o mai \u00eentreb de recunoa\u0219tere<\/em><\/p>\n<p><em>m\u0103 crezuse ori mut ori mai t\u00e2n\u0103r<\/em><\/p>\n<p><em>via\u021ba de zdroabe a recontempla<\/em><\/p>\n<p><em>\u00a0<\/em><\/p>\n<p><em>apriori prapuri netipar cu teatru<\/em><\/p>\n<p><em>pumn \u00een voie nas constrictat<\/em><\/p>\n<p><em>a\u0219a \u021bineam regretul \u00een ad\u00e2ncimi<\/em><\/p>\n<p><em>\u00a0<\/em><\/p>\n<p><em>\u00eenfr\u0103\u021bi\u021bi din haos socotin\u021ba Vernunft<\/em><\/p>\n<p><em>stricarea fumuse\u021bii pe citire<\/em><\/p>\n<p><em>ai frigului la ultim trandafir<\/em><\/p>\n<p><em>\u00a0<\/em><\/p>\n<p><em>damf ambulant \u00een foi de vi\u021biu<\/em><\/p>\n<p><em>g\u0103ile dup\u0103 tine cirezii spaim\u0103<\/em><\/p>\n<p><em>m\u0103n\u00e2nce-se siha\u0219trii f\u0103r\u0103 garnitur\u0103<\/em><\/p>\n<p><em>\u00a0<\/em><\/p>\n<p><em>ie\u0219i din coma mea de nu Parvati<\/em><\/p>\n<p><em>retras \u00een Germania a cump\u0103rat o<\/em><\/p>\n<p><em>cultur\u0103 de coac\u0103ze dedic\u00e2ndu-se medita\u021biei<\/em><\/p>\n<p><em>\u00a0<\/em><\/p>\n<p><strong>George Anca<\/strong><\/p>\n<p>12 aprilie 2013<\/p>\n<p style=\"text-align: left;\"><em><strong><em><br \/>\n<\/em><\/strong><\/em><\/p>\n","protected":false},"excerpt":{"rendered":"<p>Val &amp;Valeriu La mul\u021bi ani, tataie! \u00a0\u00a0\u00a0\u00a0\u00a0\u00a0\u00a0\u00a0\u00a0\u00a0\u00a0\u00a0\u00a0 \u00a0\u00a0\u00a0\u00a0\u00a0\u00a0\u00a0\u00a0\u00a0\u00a0\u00a0\u00a0\u00a0\u00a0 de-oi rupe &nbsp; &nbsp; de-oi rupe dinspre garderob\u0103 tot cu tine de [&#038;hellip<\/p>\n","protected":false},"author":1,"featured_media":0,"comment_status":"closed","ping_status":"closed","sticky":false,"template":"","format":"standard","meta":{"footnotes":""},"categories":[3],"tags":[],"class_list":["post-12082","post","type-post","status-publish","format-standard","hentry","category-articole"],"_links":{"self":[{"href":"https:\/\/www.marianagurza.ro\/blog\/wp-json\/wp\/v2\/posts\/12082","targetHints":{"allow":["GET"]}}],"collection":[{"href":"https:\/\/www.marianagurza.ro\/blog\/wp-json\/wp\/v2\/posts"}],"about":[{"href":"https:\/\/www.marianagurza.ro\/blog\/wp-json\/wp\/v2\/types\/post"}],"author":[{"embeddable":true,"href":"https:\/\/www.marianagurza.ro\/blog\/wp-json\/wp\/v2\/users\/1"}],"replies":[{"embeddable":true,"href":"https:\/\/www.marianagurza.ro\/blog\/wp-json\/wp\/v2\/comments?post=12082"}],"version-history":[{"count":7,"href":"https:\/\/www.marianagurza.ro\/blog\/wp-json\/wp\/v2\/posts\/12082\/revisions"}],"predecessor-version":[{"id":12085,"href":"https:\/\/www.marianagurza.ro\/blog\/wp-json\/wp\/v2\/posts\/12082\/revisions\/12085"}],"wp:attachment":[{"href":"https:\/\/www.marianagurza.ro\/blog\/wp-json\/wp\/v2\/media?parent=12082"}],"wp:term":[{"taxonomy":"category","embeddable":true,"href":"https:\/\/www.marianagurza.ro\/blog\/wp-json\/wp\/v2\/categories?post=12082"},{"taxonomy":"post_tag","embeddable":true,"href":"https:\/\/www.marianagurza.ro\/blog\/wp-json\/wp\/v2\/tags?post=12082"}],"curies":[{"name":"wp","href":"https:\/\/api.w.org\/{rel}","templated":true}]}}