{"id":12123,"date":"2013-04-14T11:14:23","date_gmt":"2013-04-14T11:14:23","guid":{"rendered":"http:\/\/www.marianagurza.ro\/blog\/?p=12123"},"modified":"2013-04-14T11:14:23","modified_gmt":"2013-04-14T11:14:23","slug":"dan-plaesu-vinovatele-meandre","status":"publish","type":"post","link":"https:\/\/www.marianagurza.ro\/blog\/2013\/04\/14\/dan-plaesu-vinovatele-meandre\/","title":{"rendered":"Dan Pl\u0103e\u015fu &#8211; &#8220;Vinovatele meandre&#8221;"},"content":{"rendered":"<p style=\"text-align: center;\"><a href=\"http:\/\/www.marianagurza.ro\/blog\/wp-content\/uploads\/2013\/04\/Vinovatele-meandre.jpg\"><img loading=\"lazy\" decoding=\"async\" class=\"size-medium wp-image-12125\" title=\"Vinovatele meandre\" src=\"http:\/\/www.marianagurza.ro\/blog\/wp-content\/uploads\/2013\/04\/Vinovatele-meandre-213x300.jpg\" alt=\"\" width=\"213\" height=\"300\" srcset=\"https:\/\/www.marianagurza.ro\/blog\/wp-content\/uploads\/2013\/04\/Vinovatele-meandre-213x300.jpg 213w, https:\/\/www.marianagurza.ro\/blog\/wp-content\/uploads\/2013\/04\/Vinovatele-meandre.jpg 285w\" sizes=\"auto, (max-width: 213px) 100vw, 213px\" \/><\/a><\/p>\n<p style=\"text-align: justify;\">\n<p style=\"text-align: justify;\">Mi-a &#8220;picat&#8221; \u00een m\u00e2n\u0103 una din c\u0103r\u0163ile scriitorului Dan Pl\u0103e\u015fu. Un roman, considerat ca fiind unul &#8220;de sertar&#8221;. Scris \u00eenainte de 1989, dorit s\u0103 fie publicat atunci, \u00eens\u0103, probabil, din varii motive, autorul a g\u0103sit de cuviin\u0163\u0103 s\u0103-l arate lumii dup\u0103 dou\u0103zeci \u015fi ceva de ani, \u00een 2011, la Editura &#8220;Junimea&#8221; din Ia\u015fi. M\u0103rturisesc faptul c\u0103 la \u00eenceput n-am fost tentat\u0103\u00a0 s\u0103 z\u0103bovesc prea mult asupra con\u0163inutului acestei c\u0103r\u0163i. De ce? Fiind \u00een vacan\u0163\u0103, nu aveam chef s\u0103 m\u0103 \u00eentorc \u00een umbra \u015fi tenebrele anilor trecu\u0163i \u015fi nici nu mai voiam s\u0103 aud judec\u0103\u0163i \u015fi condamn\u0103ri ale regimului trecut.<\/p>\n<p style=\"text-align: justify;\">Pe de alt\u0103 parte, din mai multe considerente nu voiam s\u0103 renun\u0163 la ideea de a lectura cartea. Este vorba de un volum al lui Dan Pl\u0103e\u015fu, nume de rezonan\u0163\u0103 \u00een literatura rom\u00e2n\u0103. Titlul c\u0103r\u0163ii este deosebit de inspirat \u015fi atractiv \u00een aceea\u015fi m\u0103sur\u0103. Materialul \u00eentroductiv scris mai mult dec\u00e2t onorabil de Elena Leonte recomand\u0103 cartea spre lectur\u0103. Mai adaug \u015fi faptul remarcabil c\u0103 acest roman a primit premiul Uniunii Scriitorilor din Rom\u00e2nia, Filiala Sud-Est Gala\u0163i pentru anul 2011. Toate acestea fac parte din &#8220;cartea de vizit\u0103&#8221; a romanului. A\u015fa c\u0103, am mai f\u0103cut un pas \u015fi am citit pasaje, pagini la \u00eent\u00e2mplare, care m-au captivat prin stilul deosebit de elegant al scriiturii \u015fi dialogul limpede, lin, firesc. Am \u00eenceput s\u0103 citesc cartea de la prima sa pagin\u0103, ca dup\u0103 o or\u0103 s\u0103 m\u0103 simt confortabil \u00een textul s\u0103u. Ac\u0163iunea romanului curge asemenea unui fluviu, uneori molcom, potolit, alteori cu intensitate \u015fi iu\u0163eal\u0103. Poate, asemenea Dun\u0103rii pe care autorul o cunoa\u015fte at\u00e2t de bine \u015fi de la care a \u00eemprumutat ceva din comportamentul ei. \u015ei, uite a\u015fa m-am cufundat serios \u00een <em>Vinovatele meandre<\/em>.<\/p>\n<p style=\"text-align: justify;\">\n<p style=\"text-align: justify;\">Prin aprecierea c\u0103 aceast\u0103 carte este &#8220;de sertar&#8221;, de la prima vedere suntem tenta\u0163i s\u0103 credem c\u0103 este un roman de moravuri, de politic\u0103. Nimic mai neadev\u0103rat. Este un roman de dragoste, cu tr\u0103iri profunde, cu atingeri \u015fi conota\u0163ii\u00a0 psihologice \u015fi sociale. Romanul prezint\u0103 o poveste de dragoste \u00eentre Adrian \u015fi Livia, cu lumini \u015fi umbre, cu frici, angoase \u015fi bucurii m\u0103runte, vremelnice. Acest lucru spore\u015fte profilul psihologic, umanist \u015fi romantic al romanului. \u00cen jurul iubirii \u015fi vie\u0163ii celor dou\u0103 personaje, autorul zugr\u0103ve\u015fte un tablou amplu \u015fi veridic al societ\u0103\u0163ii. Prezint\u0103 o epoc\u0103 \u00een desf\u0103\u015furare, cu mentalitatea \u015fi cu moralitatea ei \u015fi, mai ales, cu tipicurile \u015fi cu tertipurile de manipulare a oamenilor. Dan Pl\u0103e\u015fu prezint\u0103 starea de fapt a unei societ\u0103\u0163i care mimeaz\u0103 bun\u0103starea, umanismul, egalitatea. Maniera de prezentare este plin\u0103 de umor de mare fine\u0163e \u015fi de ironie subtil\u0103, stil ce caracterizeaz\u0103 \u00eentreaga scriitur\u0103 a autorului, ceea ce d\u0103 savoare nara\u0163iunii, \u00een esen\u0163\u0103 sobr\u0103 \u015fi serioas\u0103.<\/p>\n<p style=\"text-align: justify;\">\n<p style=\"text-align: justify;\">Dan Pl\u0103e\u015fu contureaz\u0103 personaje pline de naturale\u0163e, unele cu un \u015farm aparte care t\u00e2njesc dup\u0103 libertate \u015fi au dorin\u0163a de a evada din cu\u015ftile morale ale socialismului.<\/p>\n<p style=\"text-align: justify;\">Adrian, absolventul de studii inginere\u015fti \u00eempline\u015fte ambi\u0163ia tat\u0103lui s\u0103u, omul simplu,\u00a0 muncitorul harnic \u015fi gospodar, de a-\u015fi purta b\u0103iatul la \u015fcoli \u00eenalte pentru a avea un viitor luminos. &#8220;S\u0103 fii inginer, nu-i de colea \u015fi nici la \u00eendem\u00e2na oricui&#8221;, tot spunea m\u00e2ndru tat\u0103l. Dup\u0103 absolvire, inginerul nu practic\u0103 o munc\u0103 \u00een domeniul tehnic. Se implic\u0103 pe plan politic, slujind cu devotament regimul, neie\u015find din tiparele moralit\u0103\u0163ii impuse. &#8220;Navalistul lui Dan Pl\u0103e\u015fu ne prezint\u0103 pe noi, cei n\u0103scu\u0163i dup\u0103 ultimul r\u0103zboi, cei cu m\u00e2ndria inocent\u0103 de pionieri frunta\u015fi, de premian\u0163i \u015fi bursieri cu aspira\u0163ii at\u00e2t de false, cei care \u015fi-au irosit vie\u0163ile cu incon\u015ftien\u0163\u0103 \u015fi total\u0103 neputin\u0163\u0103 sub t\u0103v\u0103lugul uniformizator de destine \u015fi strivitor de ipotetice eroisme&#8221; &#8211; Elena Leonte \u00een <em>Firescul despre care merit\u0103 povestit<\/em>. Ajuns inginer \u00een construirea navelor, \u00een forul s\u0103u intim, Adrian\u00a0 Teodoru este con\u015ftient de labirintul \u00een care tr\u0103ie\u015fte, dore\u015fte s\u0103 dep\u0103\u015feasc\u0103 tiparul croit de epoca socialist\u0103, \u00eens\u0103 n-are curajul \u015fi puterea s\u0103 rup\u0103 lan\u0163urile morale at\u00e2t de bine z\u0103vor\u00e2te.<\/p>\n<p style=\"text-align: justify;\">\n<p style=\"text-align: justify;\">Livia, t\u00e2n\u0103ra \u015fi ambi\u0163ioasa regizoare, spirit liber, \u00eendr\u0103zne\u015fte s\u0103 cread\u0103 c\u0103 ar putea schimba ceva \u00een via\u0163a social\u0103 de atunci.\u00a0 Av\u00e2nd la \u00eendem\u00e2n\u0103 arme culturale, dore\u015fte s\u0103 imprime teatrului o tendin\u0163\u0103 cumva nonconformist\u0103, ceea ce nu este tocmai potrivit \u00een ochii aparatului de stat \u015fi nici \u00een mentalul colectiv al epocii. Se simte \u00eencorsetat\u0103 de regulile \u015fi cutumele pe care trebuia s\u0103 le respecte \u00eentr-un ora\u015f de provincie, preponderent industrial \u015fi viseaz\u0103 s\u0103 zboare spre libertate personal\u0103 \u015fi profesional\u0103 \u015fi s\u0103 ajung\u0103 la un teatru din Bucure\u015fti. \u00cen\u00a0 voin\u0163a ei egoist\u0103 \u015fi oarecum arogant\u0103 de a-\u015fi vedea visul \u00eemplinit nu se sfie\u015fte s\u0103 ac\u0163ioneze \u015fi pe c\u0103ile mult uzitate \u00een socialism (pile, cuno\u015ftin\u0163e, rela\u0163ii), \u00eenterven\u0163ii la cei suspu\u015fi care de\u0163ineau cheia cu care puteau deschide orice u\u015f\u0103, oric\u00e2nd. Din dragoste pentru so\u0163ia sa, Adrian \u00eencearc\u0103 s-o ajute mituind un director de teatru din Bucure\u015fti, lucru ce-i aduce o adev\u0103rat\u0103 povar\u0103 existen\u0163ial\u0103, pe l\u00e2ng\u0103 cea a ne\u00eemplinirii \u00een iubire.<\/p>\n<p style=\"text-align: justify;\">\n<p style=\"text-align: justify;\">Iubirea celor doi se spulber\u0103 u\u015for precum puful de p\u0103p\u0103die \u00een b\u0103taia v\u00e2ntului. Fiecare \u00eencearc\u0103 s\u0103 se reg\u0103seasc\u0103 pe sine, s\u0103-\u015fi reinventeze drumul \u00een via\u0163\u0103. Adrian &#8220;plecase de acas\u0103, \u00een urm\u0103 cu o s\u0103pt\u0103m\u00e2n\u0103, cu dorin\u0163a de a se limpezi. Nici el nu \u015ftia cum, dar sperase c\u0103 drumul \u00eei va decanta g\u00e2ndurile, \u00eel va ajuta. Nu n\u0103d\u0103jduia \u00een ajutorul cuiva, \u00eens\u0103 acesta a ap\u0103rut, totu\u015fi. F\u0103r\u0103 s\u0103-l cear\u0103, aproape \u00eempotriva dorin\u0163ei lui. Da, se \u00eent\u00e2mplase o minune. \u015ei Mariei \u00eei era cu totul \u00eendatorat pentru asta. Desigur, trebuie s-o caute, s-o cheme la el. Un alt gest necugetat de necinste nu mai poate face. A fost prea de ajuns unul&#8230;&#8221; (p. 296) \u00a0\u00cens\u0103 \u00een c\u0103l\u0103toria dorit\u0103 a fi salvatoare, Adrian \u00eent\u00e2lne\u015fte &#8220;bra\u0163ul iernii&#8221; care \u00eel \u00eembr\u0103\u0163i\u015feaz\u0103.<\/p>\n<p style=\"text-align: justify;\">\n<p style=\"text-align: justify;\">Ac\u0163iunea romanului este unitar\u0103, bine \u00eenchegat\u0103, manifestarea personajelor este fireasc\u0103, ceea ce face ca cititorul s\u0103 \u00eentrevad\u0103 bl\u00e2nde\u0163ea \u015fi respectul moldoveanului de pe malul Dun\u0103rii de jos fa\u0163\u0103 de semeni, iar pe de alt\u0103 parte, rafinamentul stilului s\u0103u de scriitor. Acest lucru nu-l \u00eempiedic\u0103 s\u0103 sape \u00een locuri mai ascunse \u015fi s\u0103 scoat\u0103 la lumin\u0103 fapte obscure \u015fi meschine ale regimului. Abilitatea de bun condeier \u015fi inteligen\u0163a \u00eel ajut\u0103 pe scriitor s\u0103 prezinte deta\u015fat faptele, nu interpreteaz\u0103, nu face judec\u0103\u0163i de valoare, nu condamn\u0103. D\u0103 larghe\u0163e cititorului s\u0103 citeasc\u0103 \u015fi s\u0103 aib\u0103 propria \u00een\u0163elegere. Unii s\u0103 fac\u0103 apel la memorie care este \u00eenc\u0103 vie, pentru readuceri aminte. Pentru al\u0163ii, cei mai tineri, cartea este\u00a0 o provocare de a c\u0103uta informa\u0163ii sau poate martori oculari ai regimul prezentat pentru a-\u015fi forma propriile convingeri.<\/p>\n<p style=\"text-align: justify;\">\n<p style=\"text-align: justify;\">G\u0103l\u0103\u0163ean prin na\u015ftere, Dan Pl\u0103e\u015fu, dup\u0103 terminarea studiilor revine \u00een ora\u015ful dun\u0103rean. Filolog, profesor, ziarist profesionist, director de teatru, scriitor, dramaturg, poet, fabulist, aceast\u0103 vast\u0103 palet\u0103 de preocup\u0103ri \u00eentregesc profilul literar \u015fi cultural al lui Dan Pl\u0103e\u015fu. Prin \u00eentreaga sa activitate aduce un plus vie\u0163ii cultural-artistice g\u0103l\u0103\u0163ene. Opera sa scriitoriceasc\u0103 (poezii, fabule, povestiri, piese de\u00a0 teatru, scenete, cronici literare \u015fi dramatice, romane, reportaje) este publicat\u0103 \u00een diverse apari\u0163ii periodice locale \u015fi na\u0163ionale. De asemenea, d\u0103ruie\u015fte publicului cititor mai multe publica\u0163ii editoriale de mare valoare literar\u0103, dintre care amintim: <em>Colec\u0163ionarul de exerci\u0163ii,<\/em> fantezii satirice, Editura Junimea, Ia\u015fi, 1983; <em>Veghea,<\/em> roman, Junimea, Ia\u015fi, 1885; <em>Lucrare de control la istorie,<\/em> roman, Cartea Rom\u00e2neasc\u0103, Bucure\u015fti, 1989; <em>G\u00e2nd de arici liber,<\/em> fabule sexy, Hypatya, Gala\u0163i, 1995; <em>Muntele personal,<\/em> teatru, comedii, Pax Aura Mundi, Gala\u0163i, 2005; <em>Crocodil-Show, <\/em>fabule cu fitil,<em> <\/em>Pax Aura Mundi, Gala\u0163i, 2007; <em>Consulting <\/em><em>&amp;<\/em><em> love,<\/em> proze de dragoste,<em> <\/em>\u00a0Pax Aura Mundi, Gala\u0163i, 2009. Numeroase lucr\u0103ri dramatice sunt reprezentate pe scene profesioniste, pe scene de amatori, radiofonic, \u00een lectur\u0103 profesionist\u0103 la diferite cenacluri, publicate \u00een volum de autor sau \u00een reviste \u015fi antologii.<\/p>\n<p style=\"text-align: justify;\">\n<p style=\"text-align: justify;\">Dup\u0103 \u00eenceputul \u015fov\u0103ielnic al lecturii, am parcurs pe ner\u0103suflate \u00eentregul roman <em>&#8220;Vinovatele meandre&#8221;<\/em> al scriitorului Dan Pl\u0103e\u015fu \u015fi-l recomand cu sinceritate spre lectur\u0103.<\/p>\n<p><em>\u00a0<\/em><\/p>\n<p><strong>Vasilica Grigora\u0219<\/strong><\/p>\n<p>&nbsp;<\/p>\n","protected":false},"excerpt":{"rendered":"<p>Mi-a &#8220;picat&#8221; \u00een m\u00e2n\u0103 una din c\u0103r\u0163ile scriitorului Dan Pl\u0103e\u015fu. Un roman, considerat ca fiind unul &#8220;de sertar&#8221;. Scris \u00eenainte [&#038;hellip<\/p>\n","protected":false},"author":1,"featured_media":0,"comment_status":"closed","ping_status":"closed","sticky":false,"template":"","format":"standard","meta":{"footnotes":""},"categories":[3],"tags":[],"class_list":["post-12123","post","type-post","status-publish","format-standard","hentry","category-articole"],"_links":{"self":[{"href":"https:\/\/www.marianagurza.ro\/blog\/wp-json\/wp\/v2\/posts\/12123","targetHints":{"allow":["GET"]}}],"collection":[{"href":"https:\/\/www.marianagurza.ro\/blog\/wp-json\/wp\/v2\/posts"}],"about":[{"href":"https:\/\/www.marianagurza.ro\/blog\/wp-json\/wp\/v2\/types\/post"}],"author":[{"embeddable":true,"href":"https:\/\/www.marianagurza.ro\/blog\/wp-json\/wp\/v2\/users\/1"}],"replies":[{"embeddable":true,"href":"https:\/\/www.marianagurza.ro\/blog\/wp-json\/wp\/v2\/comments?post=12123"}],"version-history":[{"count":2,"href":"https:\/\/www.marianagurza.ro\/blog\/wp-json\/wp\/v2\/posts\/12123\/revisions"}],"predecessor-version":[{"id":12127,"href":"https:\/\/www.marianagurza.ro\/blog\/wp-json\/wp\/v2\/posts\/12123\/revisions\/12127"}],"wp:attachment":[{"href":"https:\/\/www.marianagurza.ro\/blog\/wp-json\/wp\/v2\/media?parent=12123"}],"wp:term":[{"taxonomy":"category","embeddable":true,"href":"https:\/\/www.marianagurza.ro\/blog\/wp-json\/wp\/v2\/categories?post=12123"},{"taxonomy":"post_tag","embeddable":true,"href":"https:\/\/www.marianagurza.ro\/blog\/wp-json\/wp\/v2\/tags?post=12123"}],"curies":[{"name":"wp","href":"https:\/\/api.w.org\/{rel}","templated":true}]}}