{"id":12252,"date":"2013-04-19T09:25:11","date_gmt":"2013-04-19T09:25:11","guid":{"rendered":"http:\/\/www.marianagurza.ro\/blog\/?p=12252"},"modified":"2013-04-19T09:25:11","modified_gmt":"2013-04-19T09:25:11","slug":"tara-dispare-de-ben-todica","status":"publish","type":"post","link":"https:\/\/www.marianagurza.ro\/blog\/2013\/04\/19\/tara-dispare-de-ben-todica\/","title":{"rendered":"\u0162ara dispare de Ben Todic\u0103"},"content":{"rendered":"<p style=\"text-align: center;\"><a href=\"http:\/\/www.marianagurza.ro\/blog\/wp-content\/uploads\/2013\/04\/Romania-moderna.-Ghe.-Tatarascu.jpg\"><img loading=\"lazy\" decoding=\"async\" class=\"size-full wp-image-12253\" title=\"Romania moderna. Ghe. Tatarascu\" src=\"http:\/\/www.marianagurza.ro\/blog\/wp-content\/uploads\/2013\/04\/Romania-moderna.-Ghe.-Tatarascu.jpg\" alt=\"\" width=\"214\" height=\"300\" \/><\/a><\/p>\n<p style=\"text-align: center;\"><em>(Ghe. Tattarascu \u2013 Rom\u00e2nia modern\u0103)<\/em><\/p>\n<p style=\"text-align: center;\">\n<p style=\"text-align: justify;\">\u00cen emisiunea trecut\u0103 am prezentat reac\u0163ia de nemul\u0163umire a rom\u00e2nului fa\u0163\u0103 de schimbare &#8211; Jean Moscopol \u00eempotriva st\u0103p\u00e2nirii comuniste cu melodiile; Petru Groza Sluga, Gheorghiu-Dej \u015fi Hrusciov iar Hora\u0163iu M\u0103l\u0103iele \u00eempotriva democra\u0163iei de azi cu trei poezii de dragoste: <em>Ceau<\/em><em>\u015f<\/em><em>iva<\/em><em> \u015f<\/em><em>i reformoiu<\/em>, <em>Haide<\/em><em>\u0163<\/em><em>i s<\/em><em>\u0103<\/em><em> bem totu-i degeaba<\/em> \u015fi <em>Colonie de ocar<\/em><em>\u0103<\/em>.<\/p>\n<p style=\"text-align: justify;\">\u015ei pe nea Stelic\u0103 \u00een \u00eencercarea sa de a pune de-o echip\u0103 de fluiera\u015fi.<\/p>\n<p style=\"text-align: justify;\">Am\u00e2ndou\u0103 or\u00e2nduirile au \u00een comun acela\u015fi lucru: distrugerea valorilor individuale \u015fi de familie, distrugerea respectului pentru justi\u0163ie \u015fi credin\u0163\u0103, izolarea individului \u015fi dezbinarea familiei, nep\u0103sarea \u015fi ruperea de aproapele.<\/p>\n<p style=\"text-align: justify;\">Cum ajung la putere \u00ee\u015fi asigur\u0103 spatele \u015fi apoi \u00eencep s\u0103 devoreze, \u00eencep s\u0103 dizolve \u0163ara prin privatizarea sau izolarea institu\u0163iilor de stat fa\u0163\u0103 de na\u0163iune. Odat\u0103 ce institu\u0163iile de stat, \u015fcoli, spitale, infrastructura sanitar\u0103, de transport \u015fi servicii existen\u0163iale &#8211; biserica, electricitate, apa, comunica\u0163ii dispar, dispare \u015fi \u0163ara \u015fi apare izolarea, dezinformarea \u015fi tiranul cu ciomag mare, ajungem oi, turm\u0103. Ori institu\u0163iile de stat \u00een democra\u0163ie ar trebui s\u0103 func\u0163ioneze \u00een paralel cu cele private, \u00een concuren\u0163\u0103.<\/p>\n<p style=\"text-align: justify;\"><em>Valorile patrimoniului na<\/em><em>\u0163<\/em><em>ional, valorile tradi<\/em><em>\u0163<\/em><em>ionale, str<\/em><em>\u0103<\/em><em>mo<\/em><em>\u015f<\/em><em>e<\/em><em>\u015f<\/em><em>ti<\/em>. Suf\u0103r c\u0103 media nu poate vorbi deschis despre aceste valori, valori dob\u00e2ndite de-a lungul istoriei. Suf\u0103r c\u0103 media nici nu mai apar\u0163ine \u0163\u0103rii \u015fi c\u0103 nu mai este neutr\u0103 \u015fi ap\u0103r\u0103toare a bunului na\u0163ional, nu mai e a noastr\u0103, nu mai e protejat\u0103 \u015fi garantat\u0103 de constitu\u0163ia \u0163\u0103rii. Azi s-a ajuns ca mereu s\u0103 fie dependent\u0103 \u015fi la cheremul celor cu bani. Institu\u0163iile unui stat trebuie s\u0103 r\u0103m\u00e2n\u0103 ale statului altcum el dispare. Taxele noastre asigur\u0103 existen\u0163a statului iar destinul \u0163\u0103rii nu trebuie l\u0103sat pe m\u00e2na c\u00e2torva indivizi ale\u015fi s\u0103 administreze \u015fi s\u0103 supravegheze func\u0163ionarea guvernului. Nimic major nu se \u00eent\u00e2mpl\u0103 f\u0103r\u0103 votul cet\u0103\u0163enilor. Oric\u00e2t de str\u0103lucit ar fi un conduc\u0103tor el nu va fi niciodat\u0103 capabil s\u0103 hot\u0103rasc\u0103 de unul singur soarta unui popor, iar cel care o face va trebui amendat \u00een aceea\u015fi m\u0103sur\u0103 \u00een care este gratificat.<\/p>\n<p style=\"text-align: justify;\">Nu sunt de profesie judec\u0103tor, avocat, procuror sau poli\u0163ist \u015fi nici nu doresc s\u0103 ajung politician sau conduc\u0103tor comunitar, sunt doar un simplu cre\u015ftin cump\u0103tat cu \u201ccei 7 ani de acas\u0103\u201d, crescut rezonabil \u00eentr-o familie de oameni mode\u015fti, harnici, cu fric\u0103 \u015fi dragoste de Dumnezeu, \u015fi care, ca scripcarul care a \u00eenv\u0103\u0163at s\u0103 c\u00e2nte dup\u0103 ureche omenia \u015fi rela\u0163ia cu oamenii, care atunci c\u00e2nd aude un falsetto, un sc\u00e2r\u0163\u00e2it, tresare \u015fi se mir\u0103 c\u00e2nd vede c\u0103 marea majoritate din jurul s\u0103u st\u0103 pasiv\u0103 \u015fi se las\u0103 c\u0103lcat\u0103 \u00een picioare, se las\u0103 insultat\u0103 de ni\u015fte oameni bolnavi c\u0103rora li s-a urcat la cap puterea &#8211; nu ia pozi\u0163ie. Nu protesteaz\u0103 de fric\u0103 sau au renun\u0163at la a mai crede \u00een puterea valorilor sale \u015fi tace. \u015ei a\u015fteapt\u0103 ca s\u0103 apar\u0103 salvatorul.<\/p>\n<p style=\"text-align: justify;\">Salvatorul este \u00een fiecare dintre noi \u015fi avem datoria s\u0103 contribuim cu idei \u015fi sugestii s\u0103 g\u0103sim o solu\u0163ie, iar dac\u0103 Solu\u0163ia dat\u0103 de mine sau oricare dintre noi nu e potrivit\u0103 nu trebuie s\u0103 ne dezam\u0103gim pentru c\u0103 sunt sigur c\u0103 din \u00eentreaga mul\u0163ime va apare <em>Solu<\/em><em>\u0163<\/em><em>ia Salvatoare<\/em>.\u00a0 C\u0103 va veni unul cu Solu\u0163ia potrivit\u0103 care ne va salva pe to\u0163i. Este foarte important s\u0103 nu \u00eencet\u0103m de a veni cu idei. S\u0103 particip\u0103m cu claritate, sinceri \u015fi direc\u0163i ca s\u0103 ne ap\u0103r\u0103m credin\u0163a \u015fi valorile \u00een care am crezut \u015fi crescut din mo\u015fi str\u0103mo\u015fi, \u00een care am crescut cu p\u0103rin\u0163ii \u015fi copiii no\u015ftri.<\/p>\n<p style=\"text-align: justify;\">Ce \u00eemi doresc cel mai mult e s\u0103 \u00een\u0163eleg lumea \u00een care tr\u0103iesc. S\u0103 nu umblu prin ea orbec\u0103ind, lovit mereu de neadev\u0103ruri \u015fi nesiguran\u0163\u0103, f\u0103r\u0103 s\u0103 \u015ftiu de unde vin \u015fi \u00eencotro m\u0103 \u00eendrept. Ce-i cu at\u00e2ta secretivitate? Ne\u00een\u0163eleg\u00e2nd-o m\u0103 face s\u0103 cred c\u0103 am tr\u0103it degeaba. C\u0103 nu sunt dec\u00e2t un vierme de m\u0103tase. C\u0103 p\u0103rin\u0163ii \u015fi \u00eenv\u0103\u0163\u0103torii mei \u015fi-au irosit timpul degeaba cu mine. \u00cenv\u0103\u0163\u0103tura lor, sunt convins mai mult ca niciodat\u0103 a fost darul cel mai de pre\u0163 de pe p\u0103m\u00e2nt, a fost cel mai mare cadou venit de la Dumnezeu.<\/p>\n<p style=\"text-align: justify;\">V\u0103 \u00eentreba\u0163i poate de ce v\u0103 zic toate acestea? Poate de vin\u0103 sunt cei 7 ani de acas\u0103 pe care societatea din ziua de azi \u00eencearc\u0103 s\u0103-i fure complet, s\u0103-i extermine din existen\u0163a noastr\u0103. S\u0103 ne fac\u0103 sterili \u00een atitudinea fa\u0163\u0103 de seamen, de umanitate, s\u0103 ne fac\u0103 s\u0103 trecem pe l\u00e2ng\u0103 omul accidentat nep\u0103s\u0103tori. Adic\u0103 s\u0103 vezi o cas\u0103 \u00een fl\u0103c\u0103ri, copii \u00een \u0163ipete \u015fi tu s\u0103 treci pasiv ca prin fa\u0163a unui ecran de film, s\u0103 nu-i aju\u0163i. Oare a\u015f mai putea dormi noaptea? Oare cum dorm ei, acei ce instig\u0103 na\u0163iunile unele \u00eempotriva altora cu scopul de a le vinde arme, \u00eei pune s\u0103 se omoare sor\u0103 cu frate, tata cu fiu, strig\u00e2nd \u00een gura mare c\u0103 ei aduc pacea pe p\u0103m\u00e2nt.<\/p>\n<p style=\"text-align: justify;\">Nu m\u0103 mir\u0103 faptul c\u0103 se \u00eentorc \u0163icni\u0163i \u00een mare num\u0103r solda\u0163ii de pe front. Oare-i normal s\u0103 tragi \u00een mame \u015fi copii a\u015fa aiurea???&#8230;, s\u0103 calculezi la maximum, cu precizie chirurgical\u0103 profitul de pe urma\u00a0 jefuirii unei na\u0163iuni dar s\u0103 nu ai \u00een plan nici un g\u00e2nd despre soarta victimelor l\u0103comiei tale?! Oare m\u0103 mai pot numi cre\u015ftin? M\u0103 pot numi cre\u015ftin atunci c\u00e2nd m\u0103 laud \u00een biseric\u0103 cu fiul meu care piloteaz\u0103 un bombardier deasupra unei \u0163\u0103ri care nu mi-a f\u0103cut nimic? E ca \u015fi mafiotul care face pr\u0103p\u0103d toat\u0103 s\u0103ptam\u00e2na iar duminica la biseric\u0103 este iertat contra unei dona\u0163ii \u015fi luni o ia proasp\u0103t de la cap\u0103t f\u0103r\u0103 sim\u0163ul vinov\u0103\u0163iei. Ne mai putem numi cre\u015ftini??? Sunt aceste \u00eenv\u0103\u0163\u0103minte rezultatul bibliei?&#8230;, c\u0103 m\u0103 trec fiori de ghe\u0163\u0103, m\u0103 cutremur. Oare de ce toler\u0103m???<\/p>\n<p style=\"text-align: justify;\">Este adev\u0103rat c\u0103, ra\u0163ional po\u0163i \u00eenv\u0103\u0163a s\u0103 treci dintr-o tab\u0103r\u0103 \u00een alta justific\u00e2ndu-\u0163i cu u\u015furin\u0163\u0103 decizia \u015fi \u0163inta \u00eendeplinirii visului, \u00eens\u0103 problema e c\u0103 to\u0163i avem vise \u015fi dreptul de a le \u00eemplini, c\u0103 to\u0163i avem dreptul de a ne bucura de experien\u0163a pe care ne-o ofer\u0103 crea\u0163ia lui Dumnezeu. \u015ei sigur \u00eei \u00een\u0163eleg \u015fi pe acei care nu mai au r\u0103bdare, \u015fi vor s\u0103 ajung\u0103 c\u00e2t mai repede pe Lun\u0103 sau pe Martie, \u00eens\u0103 v\u0103 spun c\u0103 aceste dorin\u0163e acceleratoare nu sunt altceva dec\u00e2t ni\u015fte obsesii lacome \u015fi pline de ac\u0163iuni ira\u0163ionale, paranoice. C\u0103ci prin natura de om obsedat \u201calcholicul\u201d nu se poate opri niciodat\u0103. Conduc\u0103torii care prezint\u0103 astfel de simptome ar trebui schimba\u0163i din func\u0163ii \u015fi interna\u0163i imediat.<\/p>\n<p style=\"text-align: justify;\">Sigur, f\u0103r\u0103 sacrificiul a zeci \u015fi sute de milioane de vie\u0163i, azi nu am fi avut avioanele Boing \u015fi transportul intercontinental, nu am fi avut calculatoare, rachete, nu am fi avut morfin\u0103 \u015fi alte zeci \u015fi zeci de \u00eempliniri tehnologice care au fost inventate din necesit\u0103\u0163i majore, \u00eens\u0103, oare s-a meritat sau se merit\u0103 sacrificiul miliardelor de suflete pierdute \u00een r\u0103zboaiele istoriei? Mao ar spune c\u0103 \u201cda\u201d, s-a meritat sacrificarea a 70 de milioane de chinezi folosi\u0163i ca \u00eengr\u0103\u015f\u0103m\u00e2nt pentru fermele de stat care au hr\u0103nit Rusia \u00een schimbul bombei atomice conserv\u00e2nd astfel China intact\u0103. Stalin ar zice \u201cda \u201c \u015fi el. Bush spune c\u0103 \u201cda\u201d, Blair spune c\u0103 \u201cda\u201d, Obama spune c\u0103 \u201dda\u201d, etc, etc. Dumneata cititorule ce spui?<\/p>\n<p style=\"text-align: justify;\">Nu exist\u0103 or\u00e2nduiri bune sau rele. Toate sunt la fel. Ne na\u015ftem \u00een ele, ne f\u0103urim visele, ne form\u0103m ca oameni, ne adapt\u0103m, muncim \u015fi iubim. Privi\u0163i pe \u00eentreg p\u0103m\u00e2ntul \u015fi ve\u0163i vedea cum toate or\u00e2nduirile \u015ftiute \u00een via\u0163\u0103, de la canibalismul din Papua Noua Guinee \u015fi p\u00e2n\u0103 la democra\u0163ia american\u0103 toate func\u0163ioneaz\u0103. E doar diavolul care ne ispite\u015fte \u015fi ne \u00eenvr\u0103jbe\u015fte ca s\u0103 ne \u00eenv\u00e2rtim \u00een cercuri. S\u0103 dans\u0103m cum c\u00e2nt\u0103 el. El nu e fericit s\u0103 vad\u0103 omul independent \u015fi realizat \u00een drumul s\u0103u spre \u00een\u0103l\u0163imi. De vin\u0103 nu e or\u00e2nduirea, ci caracterul omului.<\/p>\n<p style=\"text-align: justify;\">Este de datoria fiec\u0103ruia dintre noi s\u0103 participe \u015fi s\u0103 contribuie CU VOTUL S\u0102U la societatea \u00een care tr\u0103ie\u015fte. Asta ne asigur\u0103 pace \u015fi bun\u0103stare continu\u0103 \u00een balan\u0163\u0103 cu sufletul \u015fi planurile noastre. Tata avea o vorb\u0103: B\u0102IETE CUM \u00ce\u0162I A\u015eTERNI, A\u015eA DORMI.<\/p>\n<p style=\"text-align: justify;\">Cat despre nea Stelic\u0103 \u015fi echipa sa de fluiera\u015fi din Balta. Fluierasii<strong>, <\/strong><strong>ei \u00een\u015fi\u015fi me\u015fteri \u00eemp\u0103timi\u0163i ai fluierului \u015fi ai c\u00e2ntecului popular<\/strong><strong> <\/strong>Am sa-l propun pentru premiul Noble pentru ce-a mai veche meserie, pastoritul. \u00a0Ciobanul ne hraneste si imbraca de milioane de ani.<\/p>\n<p style=\"text-align: justify;\">\n<p style=\"text-align: justify;\">S-ascult\u0103m o doin\u0103.<\/p>\n<p style=\"text-align: justify;\">Ben Todic\u0103, Melbourne<\/p>\n<p style=\"text-align: justify;\">\n","protected":false},"excerpt":{"rendered":"<p>(Ghe. Tattarascu \u2013 Rom\u00e2nia modern\u0103) \u00cen emisiunea trecut\u0103 am prezentat reac\u0163ia de nemul\u0163umire a rom\u00e2nului fa\u0163\u0103 de schimbare &#8211; Jean [&#038;hellip<\/p>\n","protected":false},"author":1,"featured_media":0,"comment_status":"closed","ping_status":"closed","sticky":false,"template":"","format":"standard","meta":{"footnotes":""},"categories":[3],"tags":[],"class_list":["post-12252","post","type-post","status-publish","format-standard","hentry","category-articole"],"_links":{"self":[{"href":"https:\/\/www.marianagurza.ro\/blog\/wp-json\/wp\/v2\/posts\/12252","targetHints":{"allow":["GET"]}}],"collection":[{"href":"https:\/\/www.marianagurza.ro\/blog\/wp-json\/wp\/v2\/posts"}],"about":[{"href":"https:\/\/www.marianagurza.ro\/blog\/wp-json\/wp\/v2\/types\/post"}],"author":[{"embeddable":true,"href":"https:\/\/www.marianagurza.ro\/blog\/wp-json\/wp\/v2\/users\/1"}],"replies":[{"embeddable":true,"href":"https:\/\/www.marianagurza.ro\/blog\/wp-json\/wp\/v2\/comments?post=12252"}],"version-history":[{"count":2,"href":"https:\/\/www.marianagurza.ro\/blog\/wp-json\/wp\/v2\/posts\/12252\/revisions"}],"predecessor-version":[{"id":12255,"href":"https:\/\/www.marianagurza.ro\/blog\/wp-json\/wp\/v2\/posts\/12252\/revisions\/12255"}],"wp:attachment":[{"href":"https:\/\/www.marianagurza.ro\/blog\/wp-json\/wp\/v2\/media?parent=12252"}],"wp:term":[{"taxonomy":"category","embeddable":true,"href":"https:\/\/www.marianagurza.ro\/blog\/wp-json\/wp\/v2\/categories?post=12252"},{"taxonomy":"post_tag","embeddable":true,"href":"https:\/\/www.marianagurza.ro\/blog\/wp-json\/wp\/v2\/tags?post=12252"}],"curies":[{"name":"wp","href":"https:\/\/api.w.org\/{rel}","templated":true}]}}