{"id":12340,"date":"2013-04-21T12:21:14","date_gmt":"2013-04-21T12:21:14","guid":{"rendered":"http:\/\/www.marianagurza.ro\/blog\/?p=12340"},"modified":"2013-04-21T12:29:55","modified_gmt":"2013-04-21T12:29:55","slug":"relatare-de-c-ionitoiu-aurel-state","status":"publish","type":"post","link":"https:\/\/www.marianagurza.ro\/blog\/2013\/04\/21\/relatare-de-c-ionitoiu-aurel-state\/","title":{"rendered":"Relatare de C. Ionitoiu: Aurel STATE"},"content":{"rendered":"<p style=\"text-align: center;\"><a href=\"http:\/\/www.marianagurza.ro\/blog\/wp-content\/uploads\/2013\/04\/aurel-state.jpg\"><img loading=\"lazy\" decoding=\"async\" class=\"size-medium wp-image-12344 alignleft\" title=\"aurel-state\" src=\"http:\/\/www.marianagurza.ro\/blog\/wp-content\/uploads\/2013\/04\/aurel-state-215x300.jpg\" alt=\"\" width=\"215\" height=\"300\" srcset=\"https:\/\/www.marianagurza.ro\/blog\/wp-content\/uploads\/2013\/04\/aurel-state-215x300.jpg 215w, https:\/\/www.marianagurza.ro\/blog\/wp-content\/uploads\/2013\/04\/aurel-state.jpg 323w\" sizes=\"auto, (max-width: 215px) 100vw, 215px\" \/><\/a><\/p>\n<p style=\"text-align: center;\"><strong>Aurel\u00a0\u00a0\u00a0\u00a0 S\u00a0 T\u00a0 A\u00a0 T\u00a0 E<\/strong><\/p>\n<p style=\"text-align: center;\"><strong>a\u00a0\u00a0 tr\u0103it\u00a0\u00a0 \u015fi\u00a0\u00a0 a\u00a0\u00a0 murit\u00a0\u00a0 ca\u00a0\u00a0 un\u00a0\u00a0 erou.<\/strong><\/p>\n<p>&nbsp;<\/p>\n<p>&nbsp;<\/p>\n<p>&nbsp;<\/p>\n<p style=\"text-align: justify;\" align=\"right\">\u201dCel care va supravie\u0163ui \u015fi viitorului ne\u015ftiut,<\/p>\n<p style=\"text-align: justify;\" align=\"right\">re\u00eentors acas\u0103, s\u0103 spun\u0103 oricum; chiar g\u00e2ngav,<\/p>\n<p style=\"text-align: justify;\" align=\"right\">\u00a0ceea ce p\u0103m\u00e2ntul tace!\u201d\u00a0 (Mateianu) .<\/p>\n<p>&nbsp;<\/p>\n<p>&nbsp;<\/p>\n<p style=\"text-align: justify;\">&#8220;Omul r\u0103m\u00e2ne OM c\u00e2nd \u015fi-a c\u00e2\u015ftigat dreptul la neuitare \u015fi c\u00e2nd g\u00e2ndul \u00eel plimb\u0103 s\u0103 stea de vorb\u0103 cu cei ce nu mai sunt, dar au r\u0103mas deschiz\u0103torii lui de drum luminos \u00een via\u0163\u0103.<\/p>\n<p style=\"text-align: justify;\">\u015ei neamul r\u0103m\u00e2ne pe veci c\u00e2nd cei veni\u0163i din negura istoriei au \u015ftiut prin vorb\u0103 \u015fi fapt\u0103 s\u0103-\u015fi cinsteasc\u0103 \u00eenainta\u015fii.<\/p>\n<p style=\"text-align: justify;\">S\u2019a \u00eent\u00e2mplat ca\u2019n acest p\u0103m\u00e2nt binecuv\u00e2ntat si fr\u0103m\u00e2ntat, podit cu oseminte din hotar p\u00e2n\u0103\u2019n hotar, s\u0103 se\u2019nscrie epopeea noastr\u0103 r\u00e2vnit\u0103 chiar \u015fi de vecini pentru acurate\u0163ea \u015fi vrednica conservare.<\/p>\n<p style=\"text-align: justify;\">Privind peste \u0163ar\u0103 \u015fi \u00een ad\u00e2ncurile de la nord de \u201dPiemontul Cotmenei \u2013 Gruiurile Arge\u015fului\u201d sufletul se umple de bucurie rememor\u00e2nd fapte \u015fi oameni care de la B\u0103rbat Vod\u0103 au str\u0103b\u0103tut istoria, veac dup\u0103 veac, cu aceia\u015fi d\u0103ruire demn\u0103 de evoc\u0103ri pilduitoare.<\/p>\n<p style=\"text-align: justify;\">Ultima jum\u0103tate de secol ne-a h\u0103r\u0103zit \u015fi \u00eenvrednicit pe unii s\u0103 fim actori, pe al\u0163ii martorii unor astfel de oameni care au marcat nu numai istoria dar \u015fi pe noi care le-am urm\u0103rit traiectoria spre ve\u015fnicie, c\u00e2\u015ftig\u00e2nd-\u015fi dreptul la neuitare.<\/p>\n<p style=\"text-align: justify;\">\u015ei pe aceste locuri s\u2019a n\u0103scut \u015fi cizelat o Pleiad\u0103 de oameni lega\u0163i de acela\u015fi obiectiv, salvarea \u0163\u0103rii din ghearele cotropitorilor \u015fi uneltele lor, ap\u0103r\u00e2nd demnitatea na\u0163ional\u0103.<\/p>\n<p style=\"text-align: justify;\">Printre ei ca \u00eentr\u2019o constela\u0163ie apar nume ca: Ion Mihalache, Toma \u015fi Petre Arn\u0103utoiu, Aurel State, Tudor \u2013 Vily Popescu, Elisabeta Rizea, Gheorghe Arsenescu, Petre \u0162u\u0163ea, Grigore Dumitrescu, Dumitru Apostol, Iosif \u2013 Toma Popescu, Const. St\u0103nescu \u015fi multe astfel de \u201dst\u00e2nci\u201d de temelie a ve\u015fniciei neamului.<\/p>\n<p style=\"text-align: justify;\">Omul predestinat s\u0103 fac\u0103 fal\u0103 neamului rom\u00e2nesc s\u2019a n\u0103scut pe 29-04-1921 \u00een comuna Godeni de pe r\u00e2ul Bratia, \u00eentr\u2019o pitoreasc\u0103 zon\u0103 de la poalele Iezerului. \u00cen acela\u015fi timp \u015fi \u00een acelea\u015fi locuri a venit pe lume \u015fi Toma Arn\u0103utoiu o alt\u0103 figur\u0103 de legend\u0103 din lupta de eliberare de sub jugul str\u0103in.<\/p>\n<p style=\"text-align: justify;\">La 20 de ani pe Asurel State \u00eel g\u0103sim plecat la drum pentru dezrobirea Basarabiei \u015fi Bucovinei de Nord iar \u00een 1942 s\u0103v\u00e2r\u015find acte de vitejie \u015fi \u00een\u0103l\u0163at la gradul de sublocotenent, \u00een Crimeea. \u015ei tot acolo a fost r\u0103nit, dar imediat ce rana s\u2019a vindecat a cerut s\u0103 plece pe front renun\u0163\u00e2nd la concediul medical. \u00cen luptele cr\u00e2ncene de la Sevastopol, c\u00e2nd din toate p\u0103r\u0163ile, de pe uscat, din cer \u015fi de pe mare se rev\u0103rsa focul ucig\u0103tor ce prevestea \u2013 Apocalipsul \u2013 pe 12 Mai 1944 Aurel State, cu zeci de mii de ne\u00eenfrica\u0163i a c\u0103zut prizonier. Cu c\u00e2t ne dep\u0103rt\u0103m \u015fi analiz\u0103m acele vremi de groaz\u0103, cu at\u00e2t mai clar se contureaz\u0103 adev\u0103rate figuri intrate pentru ve\u015fnicie \u00een istoria neamului nostru. \u00cen acele momente c\u00e2nd peste tot se auzeau vaietele r\u0103ni\u0163ilor \u015fi disperarea altor, Aurel State a auzit \u015fi un cuv\u00e2nt profetic \u00een preajm\u0103:<\/p>\n<p style=\"text-align: justify;\">\u201dE adev\u0103rat c\u0103 nu pot m\u00e2ntui pe nimeni aleg\u00e2nd \u00eentre via\u0163\u0103 \u015fi moarte, dar ce vor g\u00e2ndi ace\u015fti neferici\u0163i tot restul vie\u0163ii, amintindu-\u015fi c\u0103 \u00een ceasul de cump\u0103n\u0103 eu \u00eei P\u0103r\u0103sisem?\u201d<\/p>\n<p style=\"text-align: justify;\">Erau cuvintele ofi\u0163erului George Fonea, un erou \u00een acele lupte \u015fi care refuzase \u015fansa de a se salva , cu un loc \u00een ultimul avion ce p\u0103r\u0103sea Crimeea. Pe deasupra acest brav ofi\u0163er \u00ee\u015fi pierduse \u015fi un ochi \u00een acele \u00eencr\u00e2ncen\u0103ri pe via\u0163\u0103 \u015fi pe moarte cu du\u015fmanul.<\/p>\n<p style=\"text-align: justify;\">S\u2019a ata\u015fat acestui comandant \u015fi pe drumul surghiunului care era \u00eengrozitor de greu, c\u00e2nd pentru \u201dnacialnicii\u201d ce-i for\u0163au s\u0103 mearg\u0103 mai repede, George Fonea devenise inutil \u015fi era \u201dinvitat s\u0103 ias\u0103 din r\u00e2nd, \u015fi prin semne \u00eei ar\u0103tau c\u0103-l \u201dtermin\u0103\u201d repede, s\u0103 nu se mai chinuie. Aurel State a intervenit cu vorbe bl\u00e2nde:<\/p>\n<p style=\"text-align: justify;\">\u201dL\u0103sa\u0163i-l c-a fost om bun, nu-l \u00eempu\u015fca\u0163i, poate scap\u0103 cu via\u0163\u0103.\u201d<\/p>\n<p style=\"text-align: justify;\">\u00cempreun\u0103 ace\u015fti doi \u015fi-au legat destinele pe via\u0163\u0103. \u00cempreun\u0103 au avut nefericirea s\u0103 asiste la \u201dpr\u0103bu\u015firea omului prin om\u201d \u015fi la Oranki \u015fi \u00een lag\u0103rele de exterminare ruse\u015fti.<\/p>\n<p style=\"text-align: justify;\">Acolo, c\u00e2nd \u201dse vindea curent s\u00e2nge de frate pe un blid de terci\u201d pentru a nu muri, sau a veni \u00een \u0163ar\u0103 \u00eenaintea celorlal\u0163i, \u00eenrolat \u00een divizia de tr\u0103d\u0103tori \u201dTudor Vladimirescu\u201d , Aurel State a asistat la filipica c\u0103pitanului Tudor (Vily) Popescu, adresat\u0103 obraznicei \u201d\u00eenalte doamne\u201d, Ana Pauker:<\/p>\n<p style=\"text-align: justify;\">\u201dCu ce drept tu, str\u0103in\u0103 de neam, acuzi de tr\u0103dare pe cei \u00een suferin\u0163\u0103 \u015fi dai lec\u0163ii de sim\u0163ire rom\u00e2neasc\u0103 acelora pe care patronii t\u0103i i-au \u0163inut \u00een iad, \u015fi care nu vor s\u0103 foloseasc\u0103, \u00een ciuda amenin\u0163\u0103rilor cu moartea, \u015fansa ce le-o da\u0163i de a ie\u015fi de aici cum au f\u0103cut-o neferici\u0163ii care te urmeaz\u0103? Mie, celui lovit \u015fi batjocorit, nu mi-a trecut perin minte s\u0103-\u0163i etichetez crezul \u015fi lupta ta, dar tu o faci s\u0103lbatic \u015fi neru\u015finat\u2026\u201d<\/p>\n<p style=\"text-align: justify;\">Solidar p\u00e2n\u0103 la sacrificiu cu cei ce ap\u0103rau onoarea rom\u00e2neasc\u0103 sub diabolicul regim comunist al Uniunii Sovietice, Aurel State a trecut din tortur\u0103 \u00een tortur\u0103, prin nesf\u00e2r\u015fite greve ale foamei, protest\u00e2nd \u00eempotriva muncii de exterminare, \u00een care omul \u00eenjugat era biciuit de c\u00e2inii lui Beria \u015fi h\u0103ituit de fiarele lui Stalin.<\/p>\n<p style=\"text-align: justify;\">Acolo a tr\u0103it durerile \u015fi speran\u0163ele cu oameni ce \u015fi-au cinstit menirea \u00een via\u0163\u0103, \u00een slujba aproapelui \u015fi a onoarei, al\u0103turi de George Fonea (poetul prizonierilor), Achile Sarry, Radu M\u0103rculescu, Vasile Stoenescu, Puiu Atanasiu, Nicolae Ispas\u2026<\/p>\n<p style=\"text-align: justify;\">Destinul a f\u0103cut s\u0103 schimbe locurile de tortur\u0103, dar nu \u015fi starea de dec\u0103dere moral\u0103 a celor v\u00e2ndu\u0163i diavolului ro\u015fu, deoarece ajuns pe p\u0103m\u00e2ntul str\u0103mo\u015fesc, at\u00e2t de dorit, a g\u0103sit acelea\u015fi locuri de supliciu, doar cu paznici schimba\u0163i \u00een mai r\u0103u, fapt ce l-a determinat, \u015fi pe Aurel State \u015fi pe cei de talia lui, s\u0103 denumeasc\u0103etapa p\u00e2n\u0103\u2019n 1948 drept \u201dperioada romantic\u0103 a \u00eenchisorilor.\u201d<\/p>\n<p style=\"text-align: justify;\">Cu perseveren\u0163a cunoscut\u0103 \u015fi consecvent prieteniilor cimentate \u00een vremuri tragice a r\u0103mas al\u0103turi de George Fonea p\u00e2n\u0103 la morm\u00e2nt, pentru c\u0103 atunci c\u00e2nd acest erou \u00eentre eroi a plecat spre lumea ve\u015fniciei, el, Aurel State a adus membrii Asocia\u0163iei Nev\u0103z\u0103torilor de la Vatra Luminoas\u0103 (tovar\u0103\u015fii lui de munc\u0103) \u015fi l-au trimis \u00eenf\u0103\u015furat \u00een tricolor spre o lume mai bun\u0103.<\/p>\n<p style=\"text-align: justify;\">El, \u015fi foarte mul\u0163i camarazi \u00eenfr\u0103\u0163i\u0163i \u00een gulagurile ruse\u015fti au fost aresta\u0163i, \u00eenvinui\u0163i de crima de ajutor, deoarece \u00eendr\u0103zniser\u0103 s\u0103-\u015fi \u00eenmorm\u00e2nteze \u201dpoetul lor\u201d \u00een co\u015fciug cump\u0103rat de ei \u015fi cu bra\u0163ele pline de flori.<\/p>\n<p style=\"text-align: justify;\">Pe 12 Feb. 1958 s\u2019a pomenit jucat \u00een picioare de c\u0103pitanul Gheorghe Enoiu, c\u0103l\u0103u renumit din procesul lui P\u0103tr\u0103\u015fcanu, care \u00eel socotea organizatorul \u00eenmorm\u00e2nt\u0103rii \u015fi-i cerea s\u0103 spun\u0103 pe to\u0163i care participaser\u0103, pe to\u0163i pe care-i anun\u0163ase \u015fi pe cei ce fuseser\u0103 cu mortul prin Siberia. Cer\u00e2ndu-i mereu nume \u015fi iar nume, nemaiput\u00e2nd \u00eendura\u00a0 \u015fi voind s\u0103 salveze pe al\u0163ii, a reu\u015fit s\u0103 fuga pe acoperi\u015ful \u00eenchisorii din Uranus (Calea 13 Septembrie) \u015fi s\u0103 se arunce \u00een gol, c\u0103z\u00e2nd pe trotuarul str\u0103zii ca o mas\u0103 de carne.<\/p>\n<p style=\"text-align: justify;\">Adunat \u00eentr-o p\u0103tur\u0103 a ajuns la spitalul V\u0103c\u0103re\u015fti unde doctorii au \u00eenceput s\u0103-l c\u00e2rpeasc\u0103 \u015fi s\u0103-i lege oscioarele cu s\u00e2rme, \u00eencing\u00e2ndu-l ca \u00eentr\u2019o plas\u0103.<\/p>\n<p style=\"text-align: justify;\">\u00cen timp ce era purtat de pe o mas\u0103 de opera\u0163ie, pe alta, \u015fi se ruga de doctori s\u0103-l lase s\u0103 moar\u0103, prietenii lui, \u00een num\u0103r de aproape o sut\u0103 de persoane erau \u00eemp\u0103r\u0163i\u0163i pe loturi \u015fi judeca\u0163i la fabrica de procese, dup\u0103 chinurile \u00eengrozitoare ale anchetelor, repartiz\u00e2ndu-le pedepse \u00eentre 15-25 ani, iar la 5 dintre ei pedeapsa capital\u0103.<\/p>\n<p style=\"text-align: justify;\">Aurel State a fost disjuns a\u015ftept\u00e2ndu-se c\u0103 poate doctorii \u00eel vor salva, \u00eens\u0103 ei sbirii nu-l vor ierta.<\/p>\n<p style=\"text-align: justify;\">Minunea, a ap\u0103rut dup\u0103 cum spunea ulterior Aurel State. \u00cen timpul c\u0103derii spre p\u0103m\u00e2nt, a ap\u0103rut o arip\u0103 de \u00eenger care i-a salvat capul. \u015ei dup\u0103 vreun an de zile c\u00e2nd a reu\u015fit s\u0103 se ridice, cu un picior mai scurt \u015fi \u00een c\u00e2rje, a \u015fi fost luat \u015fi dus la \u201dfabric\u0103\u201d unde i s\u2019au dat 18 ani de munc\u0103 silnic\u0103 \u015fi aruncat \u00eentr\u2019o dub\u0103 a ajuns la Aiud, unde se vede dus \u00een mijlocul clubului de reeducare.<\/p>\n<p style=\"text-align: justify;\">Vede, ascult\u0103 \u015fi nu-i vine s\u0103 cread\u0103. Ceea ce Rusia nu reu\u015fise, aici se realizase, f\u0103r\u0103 nici o palm\u0103, f\u0103r\u0103 nici o \u00eenjur\u0103tur\u0103.<\/p>\n<p style=\"text-align: justify;\">El \u00ee\u015fi oferise via\u0163a pentru onoarea de a r\u0103m\u00e2ne om.<\/p>\n<p style=\"text-align: justify;\">Aici, acum, avea impresia c\u0103 halucineaz\u0103. Oameni ce c\u00e2ndva se pretinseser\u0103 cineva, \u015fi-\u0163i d\u0103duser\u0103 sfaturi dojenitoare cu morga omului f\u0103r\u0103 de cusur, acum se str\u0103duiau s\u0103 te \u00eenve\u0163e contrariul, s\u0103 te for\u0163eze s\u0103 faci ce f\u0103ceau ei f\u0103r\u0103 pic de jen\u0103. Asculta buim\u0103cit:<\/p>\n<p style=\"text-align: justify;\">\u00a0\u00a0 \u201dTor\u0163a tinere\u0163ii mele am plecat-o spre p\u0103m\u00e2nt\u2026Am urmat calea nebuniei\u2026Crima\u00a0\u00a0\u00a0\u00a0\u00a0\u00a0\u00a0\u00a0\u00a0 transformat\u0103 monstruos \u00een ideal \u015fi metod\u0103\u2026repudiat\u0103 de mine \u00een procesul de con\u015ftiin\u0163\u0103 ce mi l-am f\u0103cut \u00een decursul anilor, este reafirmat\u0103 recent de\u2026Con\u015ftient de cele s\u0103v\u00e2r\u015fite odinioar\u0103 \u00eempotriva \u0163\u0103rii mele \u015fi admir\u00e2nd cele ce v\u0103d \u00eemplinite\u2026\u00een epoca actualelor prefaceri (socialiste)\u2026sunt fericit s\u0103 m\u0103rturisesc ruperea mea definitiv\u0103 de trecut \u015fi vechile idei\u2026Dorin\u0163a sincer\u0103 de a contribui efectiv la opera de construire a rom\u00e2niei comuniste \u00eemi este \u015fi va fi mereu suportul moral al vie\u0163ii de acum\u2026!\u201d<\/p>\n<p style=\"text-align: justify;\">Apostrofat de c\u0103l\u0103ul criminal Gheorghe Cr\u0103ciun s\u0103-\u015fi fixeze pozi\u0163ia, Aurel State s\u2019a ridicat anevoie \u015fi proptindu-se \u00een c\u00e2rje, \u015fi i-a r\u0103spuns f\u0103r\u0103 \u015fov\u0103ire:<\/p>\n<p style=\"text-align: justify;\">\u00a0\u00a0\u00a0\u00a0\u00a0\u00a0\u00a0\u00a0 \u201dSunt destul de educat ca s\u0103 mai am nevoie de a\u015fa ceva!\u2026\u015fi aprins (m\u0103 f\u0103cuse\u00a0\u00a0\u00a0\u00a0\u00a0\u00a0\u00a0\u00a0\u00a0\u00a0\u00a0\u00a0 bandit care nesocote\u015fte realiz\u0103rile regimului), strigai c\u0103 nu mi-e team\u0103 de el,\u2026\u015fi dac\u0103 grija lui e s\u0103-\u015fi dob\u00e2ndeasc\u0103 epoletul de general, a mea este s\u0103 r\u0103m\u00e2n OM, iar \u00een privin\u0163a realiz\u0103rilor\u2026\u00eengr\u0103m\u0103dirile de bolovani nu \u00eenseamn\u0103 nimic, at\u00e2ta vreme c\u00e2t oamenii sunt batjocori\u0163i ca \u00een Aiud.\u201d<\/p>\n<p style=\"text-align: justify;\">\u00cen forfota ce s\u2019a scornit, un De\u0163inut Politic, tot muceg\u0103it de \u00eenchisoare, s\u2019a repezit, i-a desprins m\u00e2na de pe c\u00e2rje \u015fi i-a s\u0103rutat-o.<\/p>\n<p style=\"text-align: justify;\">Acesta a fost eroismul\u00a0 suprem al lui Aurel\u00a0 State \u00een fa\u0163a fo\u015ftilor\u2026de tot felul, \u00eengropa\u0163i \u00een mocirla nemerniciei \u015fi dec\u0103derii umane.<\/p>\n<p style=\"text-align: justify;\">\u201dZarul\u201d sor\u0163ii l-a f\u0103cut c\u00e2\u015ftig\u0103tor pe Aurel State care s\u2019a eliberat odat\u0103 cu toat\u0103 lumea, \u00een 1964, dar cu fruntea sus.<\/p>\n<p style=\"text-align: justify;\">Acum \u015fi-a adus aminte de \u00eendemnul lui Mateianu \u201dchiar g\u00e2ngav s\u0103 spun\u0103 ceea ce p\u0103m\u00e2ntul tace\u2026\u201d, \u015fi Aurel State ajuns \u00een c\u00e2rje acas\u0103 s\u2019a apucat s\u0103 a\u015ftearn\u0103 pe h\u00e2rtie, ca supravie\u0163uitor, pentru \u201dviitorul ne\u015ftiut.\u201d \u015ei a f\u0103cut-o cu d\u0103ruire \u015fi a trimis manuscrisul \u00een lumea liber\u0103, m\u0103rturie despre ce a fost \u015fi n\u2019ar trebui s\u0103 ai fie.<\/p>\n<p style=\"text-align: justify;\">Dar securitatea, aceast\u0103 institu\u0163ie barbar\u0103 a aflat \u015fi a \u00eenceput s\u0103-l cheme \u015fi pe el, \u015fi pe Florin Fonea (fratele poetului), s\u0103-i toace ca la securitate \u015fi s\u0103-i trimit\u0103 s\u0103 aduc\u0103 manuscrisul lui \u015fi al poeziilor lui George Fonea.<\/p>\n<p style=\"text-align: justify;\">Din Martie 1983 a \u00eenceput acest calvar \u015fi ajung\u00e2nd vestea la Paris, Remus Radina a f\u0103cut un Apel intitulat \u201dJos m\u00e2inile de pe Aurel State\u201d, pe care l-a adresat forurilor interna\u0163ionale, presei \u015fi radiourilor din str\u0103in\u0103tate, care l-au difuzat.<\/p>\n<p style=\"text-align: justify;\">Aceste monstruozit\u0103\u0163i comise de mercenarii lui Ceau\u015fescu au continuat p\u00e2n\u0103 ce l-au omor\u00e2t pe Aurel State \u015fi l-au internat \u00een stare grav\u0103 \u00een spital pe Florin Fonea, care a avut acela\u015fi sf\u00e2r\u015fit tragic.<\/p>\n<p style=\"text-align: justify;\">\u00cen timp ce manuscrisul z\u0103cea uitat, pr\u0103fuit pe rafturile str\u0103ine, Remus Radina cu r\u00e2vna \u015fi tenacitatea cunoscut\u0103 a reu\u015fit s\u0103 recupereze perlele lui Aurel State \u015fi s\u0103 le boteze \u201dDrumul Crucii\u201d, un nume ce \u00eentr\u2019adev\u0103r reprezint\u0103 via\u0163a acestui martir.<\/p>\n<p style=\"text-align: justify;\">\u00cen timp ce Nicolae Constantinescu, directorul editurii \u2013 Coresi \u2013 \u00eel tip\u0103rise \u015fi era la legat, \u00een str\u0103in\u0103tate a ajuns vestea dureroas\u0103 c\u0103 Aurel State a fost omor\u00e2t de al treilea c\u0103l\u0103u. Dup\u0103 ce sc\u0103pase din ghearele lui Stalin, ie\u015fise \u00een c\u00e2rje din cele ale lui Gheorghiu-Dej, a fost exterminat de Ceau\u015fescu.<\/p>\n<p style=\"text-align: justify;\">Apari\u0163ia c\u0103r\u0163ii \u201dDRUMUL CRUCII\u201d a fost ca o lum\u00e2nare aprins\u0103 la c\u0103p\u0103t\u00e2iul lui Aurel State, iar la Bucure\u015fti nici mort nu era l\u0103sat s\u0103 se odihneasc\u0103. Prietenii \u015fi cunoscu\u0163ii au fost chema\u0163i \u015fi avertiza\u0163i s\u0103 nu mearg\u0103 la cimitir pentru a-l conduce pe ultimul drum. \u00cen schimb a fost prezent\u0103 securitatea care a filmat asisten\u0163a, f\u0103r\u0103 jen\u0103, f\u0103r\u0103 respect fa\u0163\u0103 de un om integru pe care l-au omor\u00e2t.<\/p>\n<p style=\"text-align: justify;\">Au f\u0103cut-o pentru a intimida pe supravie\u0163uitori a\u015fa cum au f\u0103cut-o \u015fi la moartea eroului George Fonea.<\/p>\n<p style=\"text-align: justify;\">Ace\u015ftia au fost dou\u0103 vie\u0163i care \u015fi dup\u0103 moarte i-au \u00eenfrico\u015fat pe c\u0103l\u0103i.<\/p>\n<p style=\"text-align: justify;\">\u015ei nu au fost singurele.<\/p>\n<p style=\"text-align: justify;\">Perioada dictaturii comuniste este plin\u0103 de s\u00e2nge \u015fi de crime. &#8220;<\/p>\n<p style=\"text-align: justify;\">Relatare de C. Ionitoiu.<\/p>\n<p style=\"text-align: justify;\">P.S. \u00cen Pite\u015fti s\u2019ar merita ca o strad\u0103 s\u0103 poarte numele:\u00a0<strong> AUREL STATE<\/strong><\/p>\n<p style=\"text-align: justify;\"><em>(Material primit de la scriitorul Mihai Radulescu)<\/em><\/p>\n","protected":false},"excerpt":{"rendered":"<p>Aurel\u00a0\u00a0\u00a0\u00a0 S\u00a0 T\u00a0 A\u00a0 T\u00a0 E a\u00a0\u00a0 tr\u0103it\u00a0\u00a0 \u015fi\u00a0\u00a0 a\u00a0\u00a0 murit\u00a0\u00a0 ca\u00a0\u00a0 un\u00a0\u00a0 erou. &nbsp; &nbsp; &nbsp; \u201dCel care va [&#038;hellip<\/p>\n","protected":false},"author":1,"featured_media":0,"comment_status":"closed","ping_status":"closed","sticky":false,"template":"","format":"standard","meta":{"footnotes":""},"categories":[3,6],"tags":[],"class_list":["post-12340","post","type-post","status-publish","format-standard","hentry","category-articole","category-linkuri-externe"],"_links":{"self":[{"href":"https:\/\/www.marianagurza.ro\/blog\/wp-json\/wp\/v2\/posts\/12340","targetHints":{"allow":["GET"]}}],"collection":[{"href":"https:\/\/www.marianagurza.ro\/blog\/wp-json\/wp\/v2\/posts"}],"about":[{"href":"https:\/\/www.marianagurza.ro\/blog\/wp-json\/wp\/v2\/types\/post"}],"author":[{"embeddable":true,"href":"https:\/\/www.marianagurza.ro\/blog\/wp-json\/wp\/v2\/users\/1"}],"replies":[{"embeddable":true,"href":"https:\/\/www.marianagurza.ro\/blog\/wp-json\/wp\/v2\/comments?post=12340"}],"version-history":[{"count":12,"href":"https:\/\/www.marianagurza.ro\/blog\/wp-json\/wp\/v2\/posts\/12340\/revisions"}],"predecessor-version":[{"id":12343,"href":"https:\/\/www.marianagurza.ro\/blog\/wp-json\/wp\/v2\/posts\/12340\/revisions\/12343"}],"wp:attachment":[{"href":"https:\/\/www.marianagurza.ro\/blog\/wp-json\/wp\/v2\/media?parent=12340"}],"wp:term":[{"taxonomy":"category","embeddable":true,"href":"https:\/\/www.marianagurza.ro\/blog\/wp-json\/wp\/v2\/categories?post=12340"},{"taxonomy":"post_tag","embeddable":true,"href":"https:\/\/www.marianagurza.ro\/blog\/wp-json\/wp\/v2\/tags?post=12340"}],"curies":[{"name":"wp","href":"https:\/\/api.w.org\/{rel}","templated":true}]}}