{"id":12355,"date":"2013-04-21T12:40:16","date_gmt":"2013-04-21T12:40:16","guid":{"rendered":"http:\/\/www.marianagurza.ro\/blog\/?p=12355"},"modified":"2013-04-21T12:41:55","modified_gmt":"2013-04-21T12:41:55","slug":"un-om-cat-un-veac-incatusat-de-un-regim-ateu-petre-tutea","status":"publish","type":"post","link":"https:\/\/www.marianagurza.ro\/blog\/2013\/04\/21\/un-om-cat-un-veac-incatusat-de-un-regim-ateu-petre-tutea\/","title":{"rendered":"&#8220;Un om c\u00e2t un veac \u00eenc\u0103tu\u015fat de un regim ateu:  PETRE  \u0162U\u0162EA&#8221;"},"content":{"rendered":"<p><a href=\"http:\/\/www.marianagurza.ro\/blog\/wp-content\/uploads\/2013\/04\/tutea.jpg\"><img loading=\"lazy\" decoding=\"async\" class=\"size-full wp-image-12359 alignleft\" title=\"tutea\" src=\"http:\/\/www.marianagurza.ro\/blog\/wp-content\/uploads\/2013\/04\/tutea.jpg\" alt=\"\" width=\"192\" height=\"262\" \/><\/a>\u00a0UN\u00a0 OM\u00a0 C\u00c2T\u00a0 UN\u00a0 VEAC<\/p>\n<p>&nbsp;<\/p>\n<p>\u00eenc\u0103tu\u015fat de un regim ateu:\u00a0 PETRE\u00a0 \u0162U\u0162EA.<\/p>\n<p>&nbsp;<\/p>\n<p>Omagiu pentru posteritate.<\/p>\n<p>&nbsp;<\/p>\n<p>De Cicerone Ionitoiu.<\/p>\n<p>&nbsp;<\/p>\n<p>&nbsp;<\/p>\n<p style=\"text-align: justify;\">S\u2019a n\u0103scut \u00eentr\u2019un col\u0163 de rai al spa\u0163iului mioritic, \u00een ziua celebr\u0103rii Sf..Apostol Toma, pe 6 octombrie 1901, ca fiu al preotului din com. Boteni de pe plaiurile muscelene.<\/p>\n<p style=\"text-align: justify;\">Copil de 9 ani, r\u0103mas orfan de tat\u0103 a intrat \u00een slujba \u0162\u0103rii, tot copil dar \u2013 de trup\u0103 \u2013 la regimentul din C\u00e2mpulung Muscel. Fire energic\u0103, cu minte sclipitoare a fost trimis s\u0103 urmeze Liceul \u201dNeagoe Basarab\u201d din localitate \u015fi dup\u0103 cum m\u0103rturise\u015fte \u201da intrat \u00een \u015fcoal\u0103 cum intr\u0103 leul \u00een ciread\u0103: o m\u0103n\u00e2nc\u0103 toat\u0103.\u201d<\/p>\n<p style=\"text-align: justify;\">Cursul superior l-a urmat la Liceul \u201dGheorghe Bari\u0163\u201d din Cluj de unde tot militarii impresiona\u0163i de inteligen\u0163a \u015fi setea lui de cunoa\u015ftere l-au \u00eendreptat spre Facultatea de Drept din Cluj, unde \u00een 1928 \u015fi-a luat doctoratul. \u00censetat de cunoa\u015ftere, dincolo de posibilit\u0103\u0163ile oferite de cadrul universitar, a fost remarcat de Alexandru Vaida-Voevod, unul dintre ctitorii Rom\u00e2niei Unite \u015fi i s-a oferit posibilitatea\u00a0 s\u0103-\u015fi perfec\u0163ioneze cuno\u015ftin\u0163ele la Universitatea \u201dHumbold\u201d de la Berlin, \u00een leg\u0103tur\u0103 cu formele de guvern\u0103m\u00e2nt.<\/p>\n<p style=\"text-align: justify;\">Reu\u015fe\u015fte s\u0103 acumuleze un bogat material filozofic, de drept \u015fi economie, pe care-l sorteaz\u0103 ca \u00eentr\u2019o bibliotec\u0103 \u015fi-l r\u0103sp\u00e2nde\u015fte cu generozitate celor din jur.<\/p>\n<p style=\"text-align: justify;\">Se plimb\u0103 prin secole \u015fi adun\u0103 tot ce a putut s\u0103 dea mai bun g\u00e2ndirea omeneasc\u0103 de la Socrate, Platon \u015fi Aristotel, \u015fi dup\u0103 ce s\u2019a \u201ddumirit\u201d \u00een filozofia greac\u0103 a trecut la cea indian\u0103 \u015fi greac\u0103 ajung\u00e2nd la ideali\u015ftii germani de la Kant la Feuerbach, trec\u00e2nd prin pesimismul lui Schopenhauer, contradic\u0163ia lui Hrgrl \u015fi concep\u0163ia lui Schelling despre revela\u0163ia divin\u0103.<\/p>\n<p style=\"text-align: justify;\">\u00cen scurtul timp petrecut \u00een Germania a devorat ca \u201dleul\u201d tot ce a putut, nu numai pe terenul filozofic al cuno\u015ftin\u0163elor concrete despre natur\u0103 \u015fi societate, dar a p\u0103truns ad\u00e2nc \u015fi \u00een cele ale dreptului \u015fi economiei. Toate acestea le-a f\u0103cut \u00een timp ce \u00een jurul lui totul se cutremura datorit\u0103 crizei economice mondiale \u015fi fr\u0103m\u00e2nt\u0103rilor sociale cauzate \u015fi de urm\u0103rile primului r\u0103zboi mondial. \u00cen fa\u0163a ochilor i se derula reprimarea for\u0163elor democratice \u015fi promovarea for\u0163ei \u00een rezolvarea problemelor externe.<\/p>\n<p style=\"text-align: justify;\">\u00censetat de cunoa\u015fterea \u015fi propov\u0103duirea adev\u0103rului, Petre \u0162u\u0163ea nu se sfie\u015fte s\u0103 m\u0103rturiseasc\u0103 despre el, \u00een fa\u0163a na\u0163iunii pe care se angajase s\u0103 o slujeasc\u0103 cu credin\u0163\u0103 \u015fi s\u0103 fac\u0103 oamenilor binele cu carul, ca: \u201dAm fost \u00een tinere\u0163e de st\u00e2nga din generozitate. Pentru c\u0103, vorba ceea: dac\u0103 p\u00e2n\u0103 la 30 de ani nu e\u015ftide st\u00e2nga, n-ai inim\u0103, dac\u0103 dup\u0103 30 ani mai e\u015fti de st\u00e2nga \u015fi nu e\u015fti conservator e\u015fti cretin. Confundam \u00een tinere\u0163e comunismul cu comunitarismul.\u201d<\/p>\n<p style=\"text-align: justify;\">Timpul cu toate greut\u0103\u0163ile ce au c\u0103utat s\u0103-i violenteze dup\u0103 trup \u015fi sufletul, l-a convins asupra unui alt adev\u0103r c\u0103 \u201dSt\u00e2nga nu poate guverna. C\u00e2nd vine la putere, e pustiu. Toate formele de st\u00e2nga violeaz\u0103 cotidian ordinea natural\u0103 a lui Dumnezeu.\u201d<\/p>\n<p style=\"text-align: justify;\">\u00centorc\u00e2ndu-se din occident, la cump\u0103na v\u00e2rstei de 30 ani, se angajeaz\u0103 \u00een confrunt\u0103rile culturale \u015fi ideologice public\u00e2nd eseuri \u015fi studii politico-economice, orient\u00e2ndu-se spre dreapta sub influen\u0163a lui Nae Ionescu, care pentru Petre \u0162u\u0163ea \u00eensemna \u201dmedita\u0163ie metafizic\u0103 mutat\u0103 la nivelul cotidian sau ridicarea cotidianului la nivel filozofic.\u201d<\/p>\n<p style=\"text-align: justify;\">La aceast\u0103 cump\u0103n\u0103 a vie\u0163ii dumirindu-se c\u0103 \u201df\u0103r\u0103 Dumnezeu omul r\u0103m\u00e2ne un birt animal ra\u0163ional \u015fi vorbitor, care vine de nic\u0103ieri \u015fi merge spre nic\u0103ieri\u201d , Petre \u0162u\u0163ea s\u2019a rupt de st\u00e2nga \u015fi a devenit \u00een 1937 simpatizant legionar, iar \u00een 1940 \u015feful cuibului Nae Ionescu.<\/p>\n<p style=\"text-align: justify;\">\u00cen guvernarea de dup\u0103 6 Sept. 1940 ca Director de studii \u00een Ministerul Economiei Na\u0163ionale a f\u0103cut parte din delega\u0163ia economic\u0103 ce a mers la Moscova pentru stabilirea contactelor economice cu U.R.S.S.<\/p>\n<p style=\"text-align: justify;\">Povestind despre cele c\u00e2teva luni petrecute la Moscova subliniaz\u0103 obr\u0103znicia \u015fi perfidia ruseasc\u0103 \u015fi smulge v\u0103lul de pe diploma\u0163ia mo\u015ftenit\u0103 \u015fi perfec\u0163ionat\u0103 de Stalin, \u00een discu\u0163ia ce a avut Grigore Gafencu cu I.V.Molotov:<\/p>\n<p style=\"text-align: justify;\">\u201dBine excelen\u0163\u0103, s\u0103 zicem c\u0103 Basarabia a\u0163i mai st\u0103p\u00e2nit-o, prin raptul teritorial al \u0163arului Alexandru I, la 1812, \u015fi prin tr\u0103darea turceasc\u0103, dar Bucovina de ce a\u0163i luat-o, c\u0103 n-a\u0163i st\u0103p\u00e2nit-o niciodat\u0103!\u201d<\/p>\n<p style=\"text-align: justify;\">\u201dAsta-i o eroare\u201d ar fi r\u0103spuns Molotov.<\/p>\n<p style=\"text-align: justify;\">\u201dda, \u015fi de ce n-o repara\u0163i?\u201d , i\u00a0 s-a adresat diplomatul rom\u00e2n.<\/p>\n<p style=\"text-align: justify;\">\u201dC\u00e2nd \u00eenghite Rusia ceva, nu-i dispus\u0103 s\u0103 dea afar\u0103\u201d , a r\u0103spuns rusul cinic.<\/p>\n<p style=\"text-align: justify;\">\u00cen aceste condi\u0163ii s-au mai purtat discu\u0163ii \u201ddiplomatice\u201d pentru aplanarea diferendelor rom\u00e2no ruse \u015fi \u00eencheierea tratativelor economice.<\/p>\n<p style=\"text-align: justify;\">\u00centors \u00een \u0163ar\u0103, peste c\u00e2\u0163iva ani, Petre \u0162u\u0163ea avea s\u0103 tr\u0103iasc\u0103 s\u0103 vad\u0103 \u201deliberarea\u201d , iar dup\u0103 b\u0103taia cu pumnul \u00een mas\u0103 a lui V\u00e2\u015finschi, tot el, Petre \u0162u\u0163ea\u00a0 \u00eempreun\u0103 cu profesorul Nicolae Tatu s\u0103 \u00eenceap\u0103 alte tratative, de data aceasta la Bucure\u015fti, cu delega\u0163ii comuni\u015fti din jurul Anei Pauker, pentru integrarea mi\u015fc\u0103rii legionare \u00een politica adus\u0103 de \u201deliberatori\u201d.<\/p>\n<p style=\"text-align: justify;\">\u015ei al\u0163ii au \u00eencercat \u201dapropierea\u201d. \u00cen arhivele securit\u0103\u0163ii e denumit grupul \u201doportuni\u015ftilor\u201d (P.P.Panaitescu, Liviu Stan, Noveanu), grupul muncitorilor (Dimitrie Grozea &#8211; Tibi Teodorescu )), grupul Radu Mironovici, dar a reu\u015fit trio Nicolae Petrescu \u2013 Vic\u0103\u00a0 Negulescu \u2013 Nistor Chioreanu, care au \u015fi semnat pactul de Sf. Nicolae, \u00een anul 1945.<\/p>\n<p style=\"text-align: justify;\">\u00a0\u00a0\u00a0\u00a0\u00a0\u00a0\u00a0\u00a0\u00a0\u00a0\u00a0\u00a0\u00a0\u00a0\u00a0\u00a0\u00a0\u00a0\u00a0\u00a0\u00a0\u00a0\u00a0\u00a0 CATACLISMUL\u00a0\u00a0 SOCIET\u0102\u0162II\u00a0 ROM\u00c2NE\u015eTI<\/p>\n<p style=\"text-align: justify;\">\u201dEliberarea\u201d ruseasc\u0103 a \u00eenceput prin jaf \u015fi demolare. Au luat tot ce le-a c\u0103zut \u00een m\u00e2n\u0103, folositor sau nefolositor, numai ca s\u0103 distrug\u0103, s\u0103 pustiasc\u0103.<\/p>\n<p style=\"text-align: justify;\">Aceast\u0103 soart\u0103 au avut-o \u015fi lucrurile materiale \u015fi fiin\u0163ele umane.<\/p>\n<p style=\"text-align: justify;\">Jaful \u00eenso\u0163it de minciun\u0103, de dela\u0163iunea de jos p\u00e2n\u0103 la cele mai \u00eenalte sfere \u015fi de crim\u0103, au \u00eenceput s\u0103 guverneze societatea rom\u00e2neasc\u0103.<\/p>\n<p style=\"text-align: justify;\">S\u2019a \u00eenceput cu furtul voin\u0163ei na\u0163ionale, desfiin\u0163area partidelor politice, decapitarea armatei, alungarea regelui, activitatea cultural educativ\u0103. Activitatea cultural educativ\u0103 trebuie astfel dirijat\u0103 ca s\u0103 rezulte o antipatie general\u0103 \u00eempotriva bisericii, din licee \u015fi facult\u0103\u0163i trebuie s\u0103 fie \u00eenl\u0103tura\u0163i profesorii de valoare care se bucur\u0103 de popularitate, \u00een facult\u0103\u0163i trebuie s\u0103 ajung\u0103 cei ce provin din cele mai joase categorii sociale neinteresa\u0163i pentru perfec\u0163ionare, ci doar pentru o diplom\u0103, literatura idealist\u0103 d\u0103un\u0103toare educa\u0163iei trebuie scoas\u0103 de peste tot, trebuie redus\u0103 \u00eemp\u0103r\u0163irea mijloacelor de produc\u0163ie repartizate \u0163\u0103ranilor concomitent cu cre\u015fterea cotelor pentru a se putea \u00eencepe colectivizarea, reprezentan\u0163ii opozi\u0163iei politice trebuie s\u0103 fie \u00eenchi\u015fi \u015fi condamna\u0163i sub acuza\u0163ia de \u201d\u00eenalt\u0103 tr\u0103dare\u201d\u2026.<\/p>\n<p style=\"text-align: justify;\">Petre \u0162u\u0163ea constat\u00e2nd c\u0103 sistemul comunist \u00eenseamn\u0103 nega\u0163ia omului spune: \u201dComuni\u015ftii au vrut s\u0103 ne fac\u0103 ferici\u0163i cu for\u0163a\u2026\u201d<\/p>\n<p style=\"text-align: justify;\">\u015ei \u00een primele e\u015faloane din 15 Mai 1948, la un secol dup\u0103 \u2013 Adunarea de pe C\u00e2mpia Libert\u0103\u0163ii \u2013 a luat drumul \u00eenchisorilor comuniste.<\/p>\n<p style=\"text-align: justify;\">Num\u0103rul arest\u0103rilor de la aceast\u0103 dat\u0103 ridic\u00e2ndu-se la 4 \u2013 5000 de legionari.<\/p>\n<p style=\"text-align: justify;\">Nici nu \u00eencepuse bine torturarea celor aresta\u0163i \u015fi pe 8 Iunie acela\u015fi an 1948, prin Decretul nr. 76 a fost desfiin\u0163at\u0103 ACADEMIA ROM\u00c2N\u0102, cel mai \u00eenalt for \u015ftiin\u0163ific \u015fi cultural, iar cei 165 membri au fost arunca\u0163i afar\u0103 \u015fi supu\u015fi unor presiuni psihice \u015fi fizice \u201dvecine cu nebunia\u201d.<\/p>\n<p style=\"text-align: justify;\">Iat\u0103 numele a c\u00e2torva zeci dintre aceste somit\u0103\u0163i de renume interna\u0163ional care au fost \u00eenc\u0103tu\u015fa\u0163i \u015fi arunca\u0163i \u00een temni\u0163e, pe drumul f\u0103r\u0103 \u00eentoarcere al multora: George BR\u0102TIANU, Victor R\u0102DULESCU, Mircea CANCICOV, Dumitru CARACOSTEA, Silviu DRAGOMIR, George FOTINO, Onisifor GHIBU, Pantelimon HALIPA, Emil HA\u0162IEGANU, Iuliu HOSSU, Alexandru I. L\u0102PEDATU, Ion I. L\u0102PEDATU, Ion LUPA\u015e, Iuliu MANIU, Alexandru MARCU, G.G.MIRONESCU, Iuliu MOLDOVAN, Iaon NISTOR, Petre P. PANAITESCU, Zenobie P\u00c2CLI\u015eEANU, Ion PETROVICI, Ion R\u0102DUCANU, Radu R. ROSETTI, Teofil \u2013 Sauciuc S\u0102VEANU, Victor SL\u0102VESCU, Florian \u015eTEF\u0102NESCU \u2013 Goang\u0103, Gheorghe TA\u015eCA, Anibal TEODORESCU\u2026<\/p>\n<p style=\"text-align: justify;\">Academia medical\u0103 \u015fi Academia de \u015etiin\u0163e au fost \u015fterse prin acela\u015fi decret \u015fi \u00een locul acestor trei focare de cultur\u0103 \u015fi \u015ftiin\u0163e, \u00een pustiul r\u0103mas, au f\u0103cut o \u00eentreprindere de stat pe care au numit-o pompos \u201dAcademia Republicii Populare Rom\u00e2ne\u201d , cu o adun\u0103tur\u0103 de vreo 20 pe care i-a numit \u00eentr\u2019un comitet de ini\u0163iativ\u0103.<\/p>\n<p style=\"text-align: justify;\">\u015ei comunismul, c\u0103ruia Petre \u0162u\u0163ea i-a spus pe nume \u201do crim\u0103 continu\u0103\u201d a trecut, dup\u0103 epurarea \u00eenv\u0103\u0163\u0103m\u00e2ntului universitar, la aruncarea \u00een temni\u0163e a circa 200 (poate \u015fi mai mult) de cadre universitare (asisten\u0163i, laboran\u0163i, conferen\u0163iari, profesori).<\/p>\n<p style=\"text-align: justify;\">Dup\u0103 \u00eenl\u0103turarea reprezentan\u0163ilor culturii civilizatoare, pentru a nu r\u0103m\u00e2ne urm\u0103 din trecut, au ars ce nu putuser\u0103 trimite la Moscova, chiar \u015fi lucr\u0103rile celor mor\u0163i (care le sc\u0103paser\u0103 din gheare), pentru ca pustiul \u015fi uitarea s\u0103 se a\u015ftearn\u0103 nestingherite peste tot ce mi\u015fca pe unde ajunsese ciubota.<\/p>\n<p style=\"text-align: justify;\">\u015ei din cele adun\u0103turi \u00een \u00eentreprinderea academic\u0103 de stat au trimis pe Iorgu Iordan la u\u015fa lui Stalin ca s\u0103-\u015fi continue dela\u0163iunile din \u0163ar\u0103. \u015ei a \u00eenceput-o cu Ion Petrovic\u2026<\/p>\n<p style=\"text-align: justify;\">Al\u0163ii, din aceea\u015fi \u00eentreprindere ca Mihai Sadoveanu \u015fi Demostene Botez au primit misiunea \u00een 1958 s\u0103 destabilizeze exilul rom\u00e2nesc din Fran\u0163a, dar eforturile le-au fost zadarnice.<\/p>\n<p style=\"text-align: justify;\">Un altul care a participat la opera\u0163iunea \u201dscrum\u201d, nu a fost uitat de \u201durma\u015fi\u201d \u015fi dup\u0103 1990 a fost \u015fi el angajat \u00een \u00eentreprinderea academic\u0103 \u015fi munce\u015fte cu r\u00e2vn\u0103 s\u0103 \u00eengroape trecutul \u015fi dosarul, socotind c\u0103 arheologia \u00ee\u015fi are rostul numai in Ceruri.<\/p>\n<p style=\"text-align: justify;\">\u00a0UNII AFAR\u0102 BENCHETUIAU, ROM\u00c2NII \u00ceN TEMNI\u0162E GEMEAU<\/p>\n<p style=\"text-align: justify;\">Dar nu renun\u0163au la transmiterea mesajului de tr\u0103ire \u00een libertate \u015fi independen\u0163\u0103 pe care-l f\u0103ceau genera\u0163iilor ce se succedau chiar sub cnutul s\u0103lbatic, ca pe timpul n\u0103v\u0103lirilor barbare. Dac\u0103 atunci se ascundeau prin codri sau pe\u015fteri duc\u00e2nd amarul, sub tirania lui Gh. Gheorghiu-Dej, urma\u015fii o continuau, unii cu armele prin mun\u0163i \u015fi al\u0163ii prin catacombele Jilavei, Aiudului, Sighetului, Miercurii Ciucului, Gherlei\u2026pred\u00e2nd \u015ftafeta culturii \u015fi speran\u0163ei \u00een \u00eenviere, fiilor \u015fi nepo\u0163ilor\u2026<\/p>\n<p style=\"text-align: justify;\">Cu miile de preo\u0163i \u00een frunte, uni\u0163i, cu credin\u0163a nestr\u0103mutat\u0103 c\u00e2ntau \u201dCu noi este Dumnezeu, \u00een\u0163elege\u0163i neamuri \u015fi nu v\u0103 pleca\u0163i\u201d , reu\u015find s\u0103 pr\u0103bu\u015feasc\u0103 zidurile, s\u0103 se lumineze iar\u0103\u015fi p\u0103m\u00e2ntul.<\/p>\n<p style=\"text-align: justify;\">\u00a0\u00a0\u00a0\u00a0\u00a0\u00a0\u00a0\u00a0\u00a0\u00a0\u00a0\u00a0\u00a0\u00a0\u00a0\u00a0\u00a0\u00a0\u00a0\u00a0\u00a0\u00a0\u00a0\u00a0\u00a0\u00a0\u00a0\u00a0\u00a0\u00a0\u00a0\u00a0\u00a0\u00a0\u00a0\u00a0\u00a0\u00a0\u00a0\u00a0\u00a0 VIA\u0162A\u00a0 \u00ceN\u00a0 CATACOMBE<\/p>\n<p style=\"text-align: justify;\">Academia, Universit\u0103\u0163ile \u015fi Biserica fuseser\u0103 alungate din Cetate \u015fi \u00eenghesuite prin hrube unde continua s\u0103 mocneasc\u0103 s\u0103-\u015fi \u00eendeplineasc\u0103 menirea\u2026Printre opozan\u0163ii Cet\u0103\u0163ii, biciuit fusese adus \u00een \u201dnoua lume\u201d \u015fi Petre \u0162u\u0163ea care refuzase s\u0103 bea paharul cu otrav\u0103.<\/p>\n<p style=\"text-align: justify;\">Omul, Petre \u0162u\u0163ea, adunase \u00een el o bibliotec\u0103 organizat\u0103 \u00een cap \u015fi de unde scotea adev\u0103ruri pe care le \u00eempr\u0103\u015ftia celor din jur, comb\u0103t\u00e2nd din postura, pe acei \u015farlatani care furaser\u0103 dreptul cet\u0103\u0163enilor de a cunoa\u015fte realitatea.<\/p>\n<p style=\"text-align: justify;\">I s\u2019a mai spus lui Petre \u0162u\u0163ea \u015fi \u2013 Socrate al nostru \u2013 deoarece ca \u015fi modelul lui antic nu a scris nimic, dar a spus destul de mult prin ce a gr\u0103it.<\/p>\n<p style=\"text-align: justify;\">\u00cen acel an 1948, de r\u0103u augur pentru \u0163ar\u0103, o mic\u0103 parte dintre cei aresta\u0163i printre care se num\u0103ra \u015fi Petre \u0162u\u0163ea, neintr\u00e2nd \u00eenc\u0103 \u00een obiectivul \u00eenscen\u0103rilor penale, dup\u0103 o scurt\u0103 trecere prin Jilava au ajuns \u00een \u201ddepozitul\u201d de la Ocnele Mari. Acolo s-au \u00eent\u00e2lnit \u015fi cu al\u0163ii, din alte \u00eenchisori, aresta\u0163i pentru c\u0103 le \u00eencurcau socotelile comuni\u015ftilor \u00een acea perioad\u0103 de r\u0103sturn\u0103ri sociale.<\/p>\n<p style=\"text-align: justify;\">\u00cen acest haos creat, Petre \u0162u\u0163ea define\u015fte \u201dcomunismul ca infractor la ordinea universal\u0103, natural\u0103\u201d iar pe comuni\u015fti \u00eei arat\u0103 ca infractori nu oameni politici, ce trebuie judeca\u0163i pentru crimele comise \u00een continuitate, dup\u0103 cum vom vedea.<\/p>\n<p style=\"text-align: justify;\">Temni\u0163a de la Ocnele Mari fusese ocn\u0103 \u00een care criminali erau pu\u015fi s\u0103 taie la sare. Comuni\u015ftii creaser\u0103 o fabric\u0103 de mobil\u0103 \u015fi-i scosese la suprafa\u0163\u0103 pe ho\u0163i \u015fi criminali d\u00e2ndu-le \u00een grij\u0103 de\u0163inu\u0163ii politici ca s\u0103-i reeduce \u015fi un regim de favoare.<\/p>\n<p style=\"text-align: justify;\">Comandantul \u00eenchisorii era un Alexandrescu, ajutat de politrucii Ionescu Traian \u015fi Aram\u0103, \u00een jurul c\u0103rora se g\u0103seau brute ca Sava, Ceau\u015fu, Lupu, Filimon\u2026<\/p>\n<p style=\"text-align: justify;\">Colegii lui Petre \u0162u\u0163ea se cifrau la vreo sut\u0103 din toate categoriile politice, printre ei g\u0103sindu-se personalit\u0103\u0163i politice precum: Arn\u0103utoiu Iancu din Nuc\u015foara, Andrei Adam preot din Caransebe\u015f, B\u00e2rsan Tache, Boborodea Viorel, Boia Ilie avocat, Bolintineanu Petre, Br\u00e2nzoi Constantin din Dude\u015fti-Cioplea, Budi\u015fteanu Radu (ministru \u2013 avocat), Cartojan Alexandru (profesor Vla\u015fca \u2013 PN\u0162), Caranica Gula, Chele Gheorghe (prefect comunist a falsificat alegerile \u00een 1946 \u015fi tutu\u015fi l-au arestat administrativ), Chiril\u0103 (minier din mun\u0163ii Apuseni fost deputat comunist \u00een 1946), Chiricu\u0163\u0103 Toma ( preot la biserica Yl\u0103tari \u2013 Bucure\u015fti), Ciorogaru\u00a0\u00a0\u00a0\u00a0\u00a0\u00a0\u00a0\u00a0\u00a0\u00a0\u00a0\u00a0\u00a0\u00a0\u00a0\u00a0\u00a0 , Codreanu Decebal (fratele lui Corneliu Codreanu), Coroan\u0103 Dumitru (general erou), Corbu\u00a0\u00a0\u00a0\u00a0\u00a0\u00a0\u00a0\u00a0\u00a0 (inginer), Coru\u0163iu Victor (profesor), Cristescu Gheorghe \u2013 Pl\u0103pumaru (vechi comunist disident), Cosmovici Horia (avocat), Dobrescu Aurel (doctor, deputat \u2013 ministru P.N.\u0162.), Dumitrescu Ion \u2013 Bor\u015fa (preot, secretarul mi\u015fc\u0103rii legionare), Dumitrescu Puiu (general), G\u00c2NSC\u0102 Elisie din F\u0103g\u0103ra\u015f, Ghica \u015eerban (inginer PN\u0162), Grama Gheorghe (f\u0103cut studii 15 ani la Roma \u015fi venit pentru o catedr\u0103 universitar\u0103), Hagibirea\u00a0\u00a0\u00a0 (doi fra\u0163i macedoneni), Hanu Vasile (profesor), Jianu \u015etefan (doctor membru P.S.D.), Jovin Ion (doctor, prof. universitar membru P.N.\u0162.), IONESCU Emilian (general), Ionescu Nicolae \u2013 Galbeni (t\u00e2n\u0103r PN\u0162), Iuga Liviu (avocat de la Timi\u015foara), Leucutia Aurel (ministru PN\u0162), Kiselicescu (colonel), Maier Nicolae (muncitor din F\u0103g\u0103ra\u015f), M\u0103tu\u015fu Nicolae (macedonean procomunist \u00een Grecia, fugit s\u0103 nu fie arestat \u015fi \u00eenchis de tovar\u0103\u015fii rom\u00e2ni), Manoilescu Mihai (ministru), M\u0103c\u0103rescu Gheorghe (deputat P.N.\u0162.), Marinache Ion (frunta\u015f PNT), Mihail Gheorghe (general), Mihai Ion, Mateia\u015f Virgil (avocat din F\u0103g\u0103ra\u015f, frunta\u015f legionar), Mirescu Ion, frunta\u015f P.S.D.), Munteanu Bob (avocat), Nanu Victor (colonel din Muscel), Nicola Andrei (senator PN\u0162), Niculescu Malu (frunta\u015f P.S.D.), Olteanu Florin, Ottulescu Emil (avocat PN\u0162), pandrea Petre (avocat, membru comunist, cumnatul lui L.P\u0103tr\u0103\u015fcanu), Pavel Pavel (frunta\u015f P.N.\u0162.), Papanace Atanase (frunta\u015f legionar), Petcu \u015etefan (din tineretul PN\u0162), POPESCU Iosif \u2013 Toma (pre\u015fedintele tineretului capitalei PN\u0162 \u015fi avocat), Popovici Mihai (fost ministru, deputat PN\u0162 \u00een toate legislaturile, vice pre\u015fedinte PN\u0162), Pitpinicus (grec din armata lui Marcos, venit din Grecia \u015fi \u00eenchis la rom\u00e2ni), R\u0103dulescu Savel (secretarul lui N.Titulescu la Liga Na\u0163iunilor \u015fi ministru), Sima Ion (\u0163\u0103ran de 80 ani din M\u00e2ndra \u2013 F\u0103g\u0103ra\u015f ridicat cu 4-5 membre din familie \u00eenchise tot la sec\u0163ia femei din Ocnele Mari), Schileru Aristic\u0103 (frunta\u015f PN\u0162 din Gorj), Solomon Virgil (ministru P.N.\u0162.), Stoica Vasile (ambasador, ministru, participant la 2 conferin\u0163e de Pace dup\u0103 cele 2 r\u0103yboaie mondiale, un poliglot care vorbea 10 limbi \u015fi citea alte 4 limbi), Taflan vasile (avocat), Teodorescu Chi\u0163u (senator P.N.\u0162. de R\u00e2mnicul S\u0103rat), Valman (evreu boteyat din Maramure\u015f), V\u0103lim\u0103reanu Ion (teolog din com. \u0162ig\u0103ne\u015fti \u2013 Muscel), Vinograschi Duiliu (frunta\u015f P.S.D.), Ver\u015fescu \u015etefan (avocat din Piatra Neam\u0163), Vojen Victor \u2013 Ion (ministru, frunta\u015f legionar), Zaharia Romeo (\u00ee\u015fi pierduse o m\u00e2n\u0103 pe front, aghiotantul Mare\u015falului Ion Antonescu) \u015fi \u00eenc\u0103 mul\u0163i al\u0163ii\u2026.<\/p>\n<p style=\"text-align: justify;\">Cu majoritatea dintre ace\u015fti Ctitori de \u0162ar\u0103, corifei ai vie\u0163ii culturale \u015fi politice dintre cele dou\u0103 r\u0103zboaie mondiale, Petre \u0162u\u0163ea \u015fi-a \u00eemp\u0103r\u0163it timpul din 1948 \u2013 1953, fie sub chinurile administra\u0163iei \u015fi a infractorilor de drept comun, b\u0103tu\u0163i \u015fi batjocori\u0163i, fie pedepsi\u0163i \u00een izol\u0103ri \u00een condi\u0163ii de exterminare, cu m\u00e2ncarea \u00eenjum\u0103t\u0103\u0163it\u0103, \u015fi nu numai at\u00e2t.<\/p>\n<p style=\"text-align: justify;\">\u00centre dou\u0103 izol\u0103ri, sau o lips\u0103 de \u201dvigilen\u0163\u0103\u201d , asupri\u0163ii celor f\u0103r\u0103 de Neam \u015fi Dumnezeu, profitau de orice moment \u015fi fiecare \u00een felul lui, sau \u00een domeniul lui, c\u0103uta s\u0103 \u00eemp\u0103rt\u0103\u015feasc\u0103 din cuno\u015ftin\u0163e, s\u0103 transmit\u0103 mai departe, oral, o parte din continuitatea spiritual\u0103. \u015ei dintre ei nu lipsea Petre \u0162u\u0163ea care cu o \u00eensufle\u0163ire greu de egalat \u015fi un limbaj colorat pe \u00een\u0163elesul tuturor, plimba pe cei prezen\u0163i, prin secolele pline de lumin\u0103, realiz\u0103ri \u015fi \u00eenv\u0103\u0163\u0103minte.<\/p>\n<p style=\"text-align: justify;\">Din mijlocul celor de la Ocnele Mari, \u00cen Noiembrie 1950 au fost ridica\u0163i c\u00e2\u0163iva fo\u015fti mini\u015ftri, printre ei num\u0103r\u00e2ndu-se Mihai Popovici, Virgil Solomon, Mihail Manoilescu, Aurel Dobrescu \u015fi Radu Budi\u015fteanu, \u015fi du\u015fi la Sighet.<\/p>\n<p style=\"text-align: justify;\">\u00a0\u00a0\u00a0\u00a0\u00a0\u00a0\u00a0\u00a0\u00a0\u00a0\u00a0\u00a0\u00a0 \u00a0\u00a0\u00a0\u00a0\u00a0\u00a0\u00a0\u00a0\u00a0\u00a0\u00a0\u00a0\u00a0\u00a0\u00a0\u00a0\u00a0\u00a0\u00a0\u00a0\u00a0\u00a0\u00a0\u00a0\u00a0\u00a0\u00a0\u00a0\u00a0PRIMA\u00a0 REEDUCARE<\/p>\n<p style=\"text-align: justify;\">Diabolicul sistem de schingiuire p\u00e2n\u0103 la moarte, de distrugere a fiin\u0163ei \u015fi spiritului uman aplicat din dispozi\u0163ia demen\u0163ilor din partidul comunist, aplicat la Pite\u015fti \u015fi Gherla \u00een 1949 \u2013 1951, a fost \u201dexportat\u201d \u015fi \u00een alte \u00eenchisori. Cei care s-au ocupat de aceast\u0103 sinistr\u0103 \u201dafacere\u201d comunist\u0103 au fost printre al\u0163ii inspectorul Nemes Iosif \u015fi coloneii Sepeanu Teodor \u015fi Czeller Ludovic. Ei au mers la Pite\u015fti \u015fi au ales \u015fi trimis la:<\/p>\n<p style=\"text-align: justify;\">\u00a0 -Peninsula, pe Bogd\u0103nescu Ion, Livinschi Mihai, Grama Octavian, En\u0103chescu Simion\u2026<\/p>\n<p style=\"text-align: justify;\">\u00a0 -Pra\u015fov,\u00a0 pe Sobolevschi Maximilian\u00a0 \u015fi Pris\u0103caru Adrian pe 24-03-1950;<\/p>\n<p style=\"text-align: justify;\">\u00a0 -Tg. Ocna, P\u0103tr\u0103\u015fcanu, I. Nutti, B\u00e2rjoveanu, Badale Virgil, Andreev Andrei\u2026<\/p>\n<p style=\"text-align: justify;\">\u00a0 -Caransebe\u015f,\u00a0 pe Sr\u0103chinaru Constantin cu o echip\u0103, veni\u0163i dup\u0103 e\u015fecul de la \u00eenchisoarea Tg. Ocna.<\/p>\n<p style=\"text-align: justify;\">Pentru Ocnele Mari s\u2019a preg\u0103tit o echip\u0103 dintre de\u0163inu\u0163ii din Pite\u015fti c\u0103rora le expira pedeapsa \u015fi fuseser\u0103 trecu\u0163i la l\u0103g\u0103ri\u015fti, \u00een loc s\u0103 fie elibera\u0163i.<\/p>\n<p style=\"text-align: justify;\">Printre ace\u015ftia se g\u0103sea: \u015etef\u0103nescu Grigore din V\u00e2lcea care \u00een timpul condamn\u0103rii de 1 an \u015fi jum\u0103tate a b\u0103tut al\u0103turi de \u0162urcanu \u00een camerile de tortur\u0103 \u015fi c\u00e2nd i-a expirat pedeapsa l-a trecut \u00een sec\u0163ia l\u0103g\u0103ri\u015ftilor din Pite\u015fti pentru a continua torturarea celor necondamna\u0163i penal, adic\u0103 administrativ.<\/p>\n<p style=\"text-align: justify;\">Samson Ion, medicinist originar din Roman arestat \u00een Mai 1948, a trecut prin Suceava unde a acceptat s\u0103 se al\u0103ture grupului de reeducare Organiza\u0163ia De\u0163inu\u0163ilor cu Convingeri Comuniste. Ajuns la Pite\u015fti a b\u0103tut al\u0103turi de \u0162urcanu \u015fi la expirarea pedepsei a fost trecut al\u0103turi de \u015etef\u0103nescu Grigore ca s\u0103 tortureze pe cei din sec\u0163ia l\u0103g\u0103ri\u015fti.<\/p>\n<p style=\"text-align: justify;\">Gemeniuc Constantin, bucovinean condamnat dup\u0103 rebeliunea din 21-01-1941, eliberat \u00een 1948 a ajuns la Pite\u015fti unde a colaborat cu grupul tor\u0163ionarilor lui \u0162urcanu.<\/p>\n<p style=\"text-align: justify;\">Vl\u0103doianu Liviu, venit de la Pite\u015fti cu pedeapsa expirat\u0103.<\/p>\n<p style=\"text-align: justify;\">Yoican Dumitru care era l\u0103g\u0103rist \u015fi a participat la omor\u00e2rea lui Cristea ion.<\/p>\n<p style=\"text-align: justify;\">Dup\u0103 ce au l\u0103sat \u00een urma lor mort pe avocatul Cr\u0103ciunescu Mirecea din Roman, \u015fi pe al\u0163ii schilodi\u0163i, aceast\u0103 echip\u0103 a fost adus\u0103 la Ocnele Mari unde li s-au pus la dispozi\u0163ie camerile 10, 11 \u015fi 12 de la etaj \u015fi le-au dat pe m\u00e2n\u0103 20 de de\u0163inu\u0163i l\u0103g\u0103ri\u015fti. Printre ei se g\u0103seau avocatul Vasile Taflan, avocatul Nicolae M\u0103tu\u015fu, Avocatul Virgil Mateia\u015f, profesorul Vasile Hanu, muncitorii Maier Nicolae \u015fi G\u00e2sc\u0103, macedonenii Caranica Gula \u015fi Papanace, filozoful \u0162u\u0163ea Petre, preotul Andrei Adam (din com. Zerve\u015fti \u2013 Cara\u015f), Ilie Boia (avocat din Ro\u015fiorii de Vede), Botea Ilie, VERSESCU \u015etefan (avocat din Piatra Neam\u0163), Grama Gheorghe\u2026<\/p>\n<p style=\"text-align: justify;\">Au fost supu\u015fi la torturi \u00eengrozitoare, b\u0103t\u0103i cu b\u00e2te, curele, cozi de m\u0103tur\u0103 dup\u0103 ce erau lega\u0163i la gur\u0103 cu c\u00e2rpe murdare \u015fi apoi lovi\u0163i peste cap, m\u00e2ini, picioare p\u00e2n\u0103 ce c\u0103deau pe du\u015fumea, fiind apoi juca\u0163i \u00een picioare cu bocancii\u2026<\/p>\n<p style=\"text-align: justify;\">Nu se opreau nici c\u00e2nd \u00eencepea s\u00e2ngele s\u0103 curg\u0103 din victime. Infernul a durat 6 luni. S-au petrecut destule drame. Ve\u015fescu \u015etefan a \u00eencercat s\u0103 se sp\u00e2nzure \u015fi nereu\u015find a refuzat s\u0103 mai m\u0103n\u00e2nce, l-au alimentat for\u0163at \u015fi b\u0103tut cu funia ud\u0103 \u00een Vinerea Patimilor din 1951, dar n\u2019a cedat p\u00e2n\u0103 l-au scos \u00een nesim\u0163ire\u2026Un altul, preotul Andrei Adsam a \u00eennebunit, iar Grama Gheorghe feciorul unei v\u0103duve s\u0103race din Ardeal, care dup\u0103 ce studiase istoria 13 ani la Roma \u015fi venise cu promisiunea de a-l face profesor universitar, a fost torturat p\u00e2n\u0103 \u015fi-a pierdut min\u0163ile, nemaiput\u00e2nd suporta, \u015fi t\u00e2r\u00e2t \u00een beci de criminalii de drept comun (\u015foferul din Ploie\u015fti Zoican Ion \u015fi Mihai Strungaru) a fost omor\u00e2t sub \u00eendrumarea conducerii politice.<\/p>\n<p style=\"text-align: justify;\">Pe 30 August 1951 banda c\u0103l\u0103ilor \u015fi-a \u00eencetat activitatea criminal\u0103 \u015fi supravie\u0163uitorii, schilodi\u0163i au fost readu\u015fi printre ceilal\u0163i, c\u0103rora printr-o minune nu le-a venit r\u00e2ndul.<\/p>\n<p style=\"text-align: justify;\">Petre \u0162u\u0163ea a ie\u015fit schilodit, la jum\u0103tate din greutatea avut\u0103, cu pielea numai petice nevindecate, \u00eenfometat\u2026\u015ei cu ceilal\u0163i au fost pu\u015fi s\u0103 munceasc\u0103 \u00een atelierele de t\u00e2mpl\u0103rie sub supravegherea celor de la dreptul comun. Neput\u00e2nd dec\u00e2t s\u0103 t\u00e2rasc\u0103 sc\u00e2ndurile, Colonelul Mar\u0163ian care dup\u0103 8 ani de prizonierat prin lag\u0103rele de exterminare, fusese adus direct la Ocnele Mari. Era numai piele \u015fi os, un schelet ambulant. \u00cen aceast\u0103 situa\u0163ie, ofi\u0163erul politic \u00eel scotea zi \u015fi noapte la corvezi p\u00e2n\u0103 a f\u0103cut o congestie cerebral\u0103, dar nu i s-a administrat nici un medicament. \u015ei un alt coleg de suferin\u0163\u0103 al lui Petre \u0162u\u0163ea, generalul erou, Dumitru Coroam\u0103, for\u0163at prin frig, prin ap\u0103, s\u0103 fac\u0103 corvezi, a paralizat. Petre \u0162u\u0163ea cu constitu\u0163ia lui fizic\u0103 a rezistat, dar era \u00eenfometat c\u0103 de multe ori \u00eei venea s\u0103 m\u0103n\u00e2nce luna, care spunea el sem\u0103na cu o m\u0103m\u0103lig\u0103 mare, care poate l-ar s\u0103tura.<\/p>\n<p style=\"text-align: justify;\">\u015ei to\u0163i care se g\u0103seau la Ocnele Mari, cu mult peste 1500 politici, to\u0163i erau necondamna\u0163i, cu pedepse administrative, nelimitate \u00een timp la discre\u0163ia partidului, a lui Georghiu-Dej care pe unii \u00eei trimisese la Canal socotindu-l morm\u00e2ntul intelectualit\u0103\u0163ii. Despre Gheorghiu-Dej, Petre \u0162u\u0163ea spunea:<\/p>\n<p style=\"text-align: justify;\">\u201dA fost o maimu\u0163\u0103 revolu\u0163ionar\u0103; a crezut c\u0103 face \u015fi el revolu\u0163ie, de\u015fi imita bol\u015fevismul rusesc. Adic\u0103: s\u0103 arestez oameni f\u0103r\u0103 judecat\u0103, s\u0103-i \u0163in indefinit \u00een temni\u0163\u0103, s\u0103-i pun la regim de exterminare, s\u0103-i ucid dac\u0103 vreau \u2013 asta numea el revolu\u0163ie. A\u015fa f\u0103cea \u015fi Stalin \u015fi Dej, imit\u00e2ndu-l credea c\u0103 e revolu\u0163ionar. De fapt a fost o maimu\u0163\u0103 balcanic\u0103 \u2013 a tiranizat poporul rom\u00e2n la ad\u0103postul armatelor ruse\u015fti\u2026\u201d<\/p>\n<p style=\"text-align: justify;\">Pe 31 August 1953, dup\u0103 ce Stalin murise, Canalul se desfiin\u0163ase, a venit r\u00e2ndul \u015fi \u00eenchisorii de la Ocnele Mari s\u0103 lichideze politicii. Politicii au fost du\u015fi la F\u0103g\u0103ra\u015f, legionarii au luat drumul Gherlei \u015fi Midiei, al\u0163ii au ajuns la M\u0103rgineni, altora li s\u2019a dat recrea\u0163ie. Printre ace\u015ftia a fost \u015fi Petre \u0162u\u0163ea.<\/p>\n<p>RECREA\u0162IA<\/p>\n<p style=\"text-align: justify;\">A ajuns la Bucure\u015fti fiindc\u0103 \u00een alt\u0103 parte nu avea unde s\u0103 se duc\u0103. Se terminase Festivalul \u015fi plutea asupra Capitalei spiritul Genevei.<\/p>\n<p style=\"text-align: justify;\">Cunoscut ca un om transparent, c\u0103ruia \u00eei pl\u0103cea s\u0103 vorbeasc\u0103, s\u0103 scoat\u0103 adev\u0103rul la suprafa\u0163\u0103, s\u2019a \u00eent\u00e2lnit cu unii cunoscu\u0163i, a fost invitat la parastasul profesorului G. G. Antonescu, l-a \u00eent\u00e2lnit acolo pe profesorul universitar Petre \u015etefan, veche cuno\u015ftin\u0163\u0103, pe \u015etefan Iacobescu fost inginer la Radio \u015fi pe al\u0163ii. Invitat \u00een strada Caimatei, la doctorul Gabi Popescu, unde au mai venit \u015fi avocatul Gheorghe Caftangioglu \u015fi Nicolae Porsena \u015fi al\u0163ii. S-au purtat discu\u0163ii ca dup\u0103 revolu\u0163ia din Ungaria \u015fi urm\u0103rile ei. Mama avocatului Gheorghe Caftangioglu (v\u0103rul lui Vintil\u0103 Horia care se afl\u0103 la Madrid) \u015fi-a denun\u0163at fiul c\u0103 se \u00eent\u00e2lne\u015fte cu Nicolae Porsena \u015fi Petre \u015etefan. Din acel moment s\u2019a terminat cu recrea\u0163ia lui Petre \u0162u\u0163ea.<\/p>\n<p style=\"text-align: left;\">La\u00a0 CRIM\u0102\u00a0 DE\u00a0 \u00ceNALT\u0102\u00a0 TR\u0102DARE<\/p>\n<p style=\"text-align: justify;\">Securitatea care avea de lucru de nu-\u015fi vedea capul cu loturile studen\u0163e\u015fti, \u015fi-a g\u0103sit timp s\u0103 se ocupe de acest \u201dcomplot\u201d. \u00cen Iulie 1957 s-au arestat vreo 20 intelectuali, b\u0103rba\u0163i \u015fi femei.<\/p>\n<p style=\"text-align: justify;\">Dup\u0103 perchezi\u0163ie unde n-au avut ce s\u0103 g\u0103seasc\u0103 fiindc\u0103 el avea bi8blioteca \u00een cap, anchetatorul l-a \u00eentrebat:<\/p>\n<p style=\"text-align: justify;\">\u201dDe ce ai vorbit \u00eempotriva noastr\u0103, dom\u2019le?<\/p>\n<p style=\"text-align: justify;\">N-am vorbit, dom\u2019le.<\/p>\n<p style=\"text-align: justify;\">Cum n-ai vorbit?<\/p>\n<p style=\"text-align: justify;\">P\u0103i \u00eempotriva voastr\u0103 vorbe\u015fte tot poporul rom\u00e2n. Ce s\u0103 mai adaug eu?\u201d<\/p>\n<p style=\"text-align: justify;\">-\u015ei \u00een timpul anchetei am le\u015finat din b\u0103taie.\u201d<\/p>\n<p style=\"text-align: justify;\">Cel ce l-a b\u0103tut bine a fost c\u0103pitanul Onea Mircea, ajutat de Anhel Marin \u015fi de Cr\u0103ciun Iosif (care va avea pe con\u015ftiin\u0163\u0103 pe Barbu Sl\u0103tineanu).<\/p>\n<p style=\"text-align: justify;\">La procesul care a avut loc \u00eenainte de Cr\u0103ciunul 1957, ca oamenii s\u0103 fie lini\u015fti\u0163i de S\u0103rb\u0103tori, a aflat \u015fi Petre \u0162u\u0163ea de ce este \u00eenvinuit. Pe l\u00e2ng\u0103 participarea la parastas cei din box\u0103 \u00ee\u015fi \u00eemprumutaser\u0103 \u00eentre ei unele c\u0103r\u0163i, precum P. P. Negulescu, C. A. Rosetti, Vasile Alcsxandri (Discurs \u00een leg\u0103tur\u0103 cu cunoa\u015fterea Independen\u0163ei Rom\u00e2niei dup\u0103 R\u0103zboiul din 1877), bine\u00een\u0163eles toate corpuri delicte, a\u015fezate la vedere pe masa pre\u015fedintelui.<\/p>\n<p style=\"text-align: justify;\">A mai aflat Petre \u0162u\u0163ea la proces c\u0103 se discutase \u00eentre prieteni despre formarea unui guvern \u00een care-l \u201dc\u0103ft\u0103niser\u0103\u201d cu un post la economia na\u0163ional\u0103.<\/p>\n<p style=\"text-align: justify;\">Asta era suficient pentru a constitui complot pentru r\u0103sturnarea ordinii de stat \u015fi s\u2019a tradus \u00een 18 ani munc\u0103 silnic\u0103 pentru Petre \u0162u\u0163ea, cu drept de recurs. \u015ei riposta lui a fost: \u201dLa cine s\u0103 fac recurs, la Dumnezeu ?!\u201d<\/p>\n<p style=\"text-align: justify;\">De data aceasta condamnat, Petre \u0162u\u0163ea a fost aruncat \u00een \u201dtrec\u0103toarea\u201d de la Aiud \u015fi apoi \u00een \u201dz\u0103c\u0103toarea\u201d de la Aiud, la dospit.<\/p>\n<p style=\"text-align: justify;\">\u015ei \u00een \u00eenchisoare a vorbit \u00eencontinuu: \u201dToat\u0103 suferin\u0163a mea se datore\u015fte pofteimele de a vorbi f\u0103r\u0103 restric\u0163ii\u2026\u201d se m\u0103rturisea Petre \u0162u\u0163ea. Din fiecare fraz\u0103 mustea \u00een\u0163elepciunea, pe \u00een\u0163elesul tuturor.. Peste tot pe unde trecea, prin celulele 6, 9, 81, \u00een \u201dT\u201d sau la Zarc\u0103 vorbea \u00eencontinuu. Vorbea \u00eentr\u2019o lini\u015fte des\u0103v\u00e2r\u015fit\u0103, de se speria \u015fi gardianul \u015fi mi\u015fca \u201diuda\u201d de la vizet\u0103, la al c\u0103rui \u0163\u0103c\u0103nit se oprea ca s\u0103 r\u0103sufle. \u015ei nu de pu\u0163ine ori a fost pedepsit, fie iarna dezbr\u0103cat la izolare, fie vara, fie 3 zile, fie o s\u0103pt\u0103m\u00e2n\u0103.<\/p>\n<p style=\"text-align: justify;\">Ofi\u0163erul politic l-a \u00eentrebat pe un \u0163\u0103ran ce \u00een\u0163elege din tot ce spune Petre \u0162u\u0163ea. El a r\u0103spuns: \u201dnu \u00een\u0163eleg nimic, dar e groz\u0103vie!\u201d<\/p>\n<p style=\"text-align: left;\">\u0162U\u0162EA\u00a0 A\u00a0 R\u0102MAS\u00a0 ETALON\u00a0 \u00ceN\u00a0 SECURITATE<\/p>\n<p style=\"text-align: justify;\">Trecuser\u0103 doi ani de c\u00e2nd c\u0103pitanul Onea Mircea care-l b\u0103tuse pe Petre \u0162u\u0163ea nu putea s\u0103-l uite. \u00cen vara lui 1959 i-a picat \u00een m\u00e2n\u0103 filozoful Constantin Noica, \u015fi pentru c\u0103 nu-i mergea ancheta cum voia el, b\u0103t\u00e2ndu-l i-a strigat: B\u0103 cu mine nu-\u0163i merge, eu l-am anchetat \u015fi pe \u0162u\u0163ea.<\/p>\n<p style=\"text-align: justify;\">Deci era groz\u0103vie acest om prin temni\u0163ele comuniste.<\/p>\n<p style=\"text-align: justify;\">De fapt nu trebuie uitat c\u0103 se mutase \u00een \u00eenchisoare \u015fi Academia, \u015fi Cadrele universitare \u015fi \u00een temni\u0163e se continua preg\u0103tirea cultural\u0103 \u015fi \u015ftiin\u0163ific\u0103 a celor ce le fusese interzis\u0103 afar\u0103.<\/p>\n<p style=\"text-align: justify;\">\u015ei anii treceau, \u015fi domnii continuau s\u0103 poarte flac\u0103ra culturii, p\u00e2n\u0103 \u00eentr\u2019o zi c\u00e2nd \u201dra\u0163iunea de stat\u201d dup\u0103 ce adusese \u0163ara \u00eentr\u2019o stare de anarhiedistructiv\u0103 \u015fi gemetele nevinova\u0163ilor trecuser\u0103 prin s\u00e2rma ghimpat\u0103 ce transformase \u0163ara\u2019ntreag\u0103 \u00eentr\u2019o \u00eenchisoare, atunci s\u2019a hot\u0103r\u00e2t s\u0103 se reeduce de\u0163inu\u0163ii.<\/p>\n<p style=\"text-align: justify;\">\u00a0\u00a0\u00a0\u00a0\u00a0\u00a0\u00a0\u00a0\u00a0\u00a0\u00a0\u00a0\u00a0\u00a0\u00a0\u00a0\u00a0\u00a0\u00a0\u00a0\u00a0\u00a0\u00a0\u00a0\u00a0\u00a0\u00a0\u00a0\u00a0 REEDUCARE:\u00a0 \u201dO\u00a0 MARE PORC\u0102RIE.\u201d<\/p>\n<p style=\"text-align: justify;\">A\u015fa a caracterizat Petre \u0162u\u0163ea \u00eencercarea de a elibera de\u0163inu\u0163ii compromi\u015fi.<\/p>\n<p style=\"text-align: justify;\">P\u00e2n\u0103 \u00een anii 1950 securitatea nu reu\u015fise s\u0103-\u015fi justifice \u00eenscen\u0103rile. Pentru a-\u015fi face de lucru a g\u0103sit c\u00e2teva cozi de topor printre de\u0163inu\u0163i care s\u0103-\u015fi tortureze colegii de suferin\u0163\u0103 ca s\u0103 stoarc\u0103 declara\u0163ii chiar mincinoase, despre ceea ce ascunsesaer\u0103 \u00een timpul anchetei. Tor\u0163ionarilor li se promisese eliberare \u00eenainte de termen \u015fi servicii bune dup\u0103 aceea. \u00cen schimb li s-au dat gloan\u0163e.<\/p>\n<p style=\"text-align: justify;\">De data aceasta, dup\u0103 un deceniu li se cerea de\u0163inu\u0163ilor s\u0103 se autoacuze, s\u0103 arunce cu noroi asupra trecutilui, s\u0103 dema\u015fte prietenii, colegii, rudele chiar p\u0103rin\u0163ii, cu promisiunea ofi\u0163erilor politici c\u0103 nimeni nu va avea de suferit. \u015ei \u00een temni\u0163a \u00eens\u00e2ngerat\u0103 se murmura \u00eenc\u0103 \u201d\u00eendemnul la lupt\u0103\u201d a lui Radu Gyr:<\/p>\n<p style=\"text-align: justify;\">\u00a0\u00a0\u00a0\u00a0\u00a0\u00a0\u00a0\u00a0\u00a0\u00a0\u00a0\u00a0\u00a0\u00a0\u00a0\u00a0\u00a0\u00a0\u00a0\u00a0\u00a0\u00a0\u00a0\u00a0\u00a0\u00a0\u00a0\u00a0\u00a0\u00a0\u00a0\u00a0\u00a0\u00a0 \u201d\u00cenfr\u00e2nt nu e\u015fti atunci c\u00e2nd s\u00e2ngeri,<\/p>\n<p style=\"text-align: justify;\">\u00a0\u00a0\u00a0\u00a0\u00a0\u00a0\u00a0\u00a0\u00a0\u00a0\u00a0\u00a0\u00a0\u00a0\u00a0\u00a0\u00a0\u00a0\u00a0\u00a0\u00a0\u00a0\u00a0\u00a0\u00a0\u00a0\u00a0\u00a0\u00a0\u00a0\u00a0\u00a0\u00a0\u00a0 \u00a0nici ochii c\u00e2nd \u00een lacrimi \u0163i-s:<\/p>\n<p style=\"text-align: justify;\">\u00a0\u00a0\u00a0\u00a0\u00a0\u00a0\u00a0\u00a0\u00a0\u00a0\u00a0\u00a0\u00a0\u00a0\u00a0\u00a0\u00a0\u00a0\u00a0\u00a0\u00a0\u00a0\u00a0\u00a0\u00a0\u00a0\u00a0\u00a0\u00a0\u00a0\u00a0\u00a0\u00a0\u00a0\u00a0 Adev\u0103ratele \u00eenfr\u00e2ngeri,<\/p>\n<p style=\"text-align: justify;\">\u00a0\u00a0\u00a0\u00a0\u00a0\u00a0\u00a0\u00a0\u00a0\u00a0\u00a0\u00a0\u00a0\u00a0\u00a0\u00a0\u00a0\u00a0\u00a0\u00a0\u00a0\u00a0\u00a0\u00a0\u00a0\u00a0\u00a0\u00a0\u00a0\u00a0\u00a0\u00a0\u00a0\u00a0\u00a0 Sunt renun\u0163\u0103rile la vis.\u201d<\/p>\n<p style=\"text-align: justify;\">\u00a0\u00cen aceast\u0103 nou\u0103 etap\u0103 c\u00e2nd num\u0103rul \u201ddu\u015fmanilor\u201d poporului se mic\u015forase prin aruncarea lor \u00een &#8211; morminte f\u0103r\u0103 cruci &#8211; , sporite\u2019ntr\u2019una an de an, Li se \u00een\u0103l\u0163a imnul \u0163intirimului, tot dup\u0103 slova lui Gyr \u00een pl\u00e2ns de vers cu \u0162ara:<\/p>\n<p style=\"text-align: justify;\">\u00a0\u00a0\u00a0\u00a0\u00a0\u00a0\u00a0\u00a0\u00a0\u00a0\u00a0\u00a0\u00a0\u00a0\u00a0\u00a0\u00a0\u00a0\u00a0\u00a0\u00a0\u00a0\u00a0\u00a0\u00a0\u00a0\u00a0\u00a0\u00a0\u00a0\u00a0\u00a0 \u201d\u2026noi am f\u0103cut din voi icoane<\/p>\n<p style=\"text-align: justify;\">\u00a0\u00a0\u00a0\u00a0\u00a0\u00a0\u00a0\u00a0\u00a0\u00a0\u00a0\u00a0\u00a0\u00a0\u00a0\u00a0\u00a0\u00a0\u00a0\u00a0\u00a0\u00a0\u00a0\u00a0\u00a0\u00a0\u00a0\u00a0\u00a0\u00a0\u00a0\u00a0\u00a0\u00a0\u00a0\u00a0\u00a0\u00a0 \u015fi v\u0103 purt\u0103m pe frun\u0163i cununi.<\/p>\n<p style=\"text-align: justify;\">\u00a0\u00a0\u00a0\u00a0\u00a0\u00a0\u00a0\u00a0\u00a0\u00a0\u00a0\u00a0\u00a0\u00a0\u00a0\u00a0\u00a0\u00a0\u00a0\u00a0\u00a0\u00a0\u00a0\u00a0\u00a0\u00a0\u00a0\u00a0\u00a0\u00a0\u00a0\u00a0\u00a0\u00a0\u00a0\u00a0\u00a0\u00a0 Nu pl\u00e2ngem lacrim\u0103 de s\u00e2nge<\/p>\n<p style=\"text-align: justify;\">\u00a0\u00a0\u00a0\u00a0\u00a0\u00a0\u00a0\u00a0\u00a0\u00a0\u00a0\u00a0\u00a0\u00a0\u00a0\u00a0\u00a0\u00a0\u00a0\u00a0\u00a0\u00a0\u00a0\u00a0\u00a0\u00a0\u00a0\u00a0\u00a0\u00a0\u00a0\u00a0\u00a0\u00a0\u00a0\u00a0\u00a0\u00a0 ci ne m\u00e2ndrim cu-at\u00e2\u0163i eroi.<\/p>\n<p style=\"text-align: justify;\">\u00a0\u00a0\u00a0\u00a0\u00a0\u00a0\u00a0\u00a0\u00a0\u00a0\u00a0\u00a0\u00a0\u00a0\u00a0\u00a0\u00a0\u00a0\u00a0\u00a0\u00a0\u00a0\u00a0\u00a0\u00a0\u00a0\u00a0\u00a0\u00a0\u00a0\u00a0\u00a0\u00a0\u00a0\u00a0\u00a0\u00a0\u00a0 Nu! Neamul nostru nu v\u0103 pl\u00e2nge<\/p>\n<p style=\"text-align: justify;\">\u00a0\u00a0\u00a0\u00a0\u00a0\u00a0\u00a0\u00a0\u00a0\u00a0\u00a0\u00a0\u00a0\u00a0\u00a0\u00a0\u00a0\u00a0\u00a0\u00a0\u00a0\u00a0\u00a0\u00a0\u00a0\u00a0\u00a0\u00a0\u00a0\u00a0\u00a0\u00a0\u00a0\u00a0\u00a0\u00a0\u00a0\u00a0 ci se cuminic\u0103 prin voi\u201d ,<\/p>\n<p style=\"text-align: justify;\">\u015ei tot atunci Petre \u0162u\u0163ea ne relateaz\u0103:<\/p>\n<p style=\"text-align: justify;\">\u201dAm fost solicitat s\u0103 scriu pentru revista Glasul patriei, ca \u015fi Nichifor Crainic. Mi s\u2019a p\u0103rut ciudat s\u0103 fii arestat \u015fi s\u0103 scrii, s\u0103 meditezi. Adic\u0103 s\u0103 spui: v\u0103 mul\u0163umesc c\u0103 m-a\u0163i arestat! Asta era o porc\u0103rie nemaipomenit\u0103, s\u0103 obligi un de\u0163inut s\u0103 scrie. El poate s\u0103-\u015fi scrie memoriile, dar nu pentru tine, \u0103la care-l persecu\u0163i\u2026\u201d<\/p>\n<p style=\"text-align: justify;\">Un \u00eenv\u0103\u0163\u0103tor din Constan\u0163a. Ion Antohe, dup\u0103 13 ani de temni\u0163\u0103 \u00ee\u015fi reaminte\u015fte de cei \u00eent\u00e2lni\u0163i \u015fi scrie:<\/p>\n<p style=\"text-align: justify;\">\u201dPetre \u0162u\u0163ea &#8211; Socratele Rom\u00e2niei \u2013 cum \u00eei ziceau cei mai mul\u0163i, era doctor \u00een filozofie \u015fi \u015ftiin\u0163e economice. Dintre to\u0163i care au f\u0103cut expuneri, Petre \u0162u\u0163ea era cel mai ascultat, am putea spune chiar savurat, de c\u0103tre \u00eentreaga sal\u0103. Lu\u0103rile lui de cuv\u00e2nt erau adev\u0103rate prelegeri de filozofie, de cultur\u0103 general\u0103 \u015fi delectare spiritual\u0103. Pe l\u00e2ng\u0103 talentul oratoric, \u0162u\u0163ea \u00ee\u015fi pres\u0103ra expunerea cu anumite vorbe de duh \u015fi snoave, care descre\u0163eau fruntea \u015fi deschideau inimile tuturor\u2026\u00cenalt, corpolent \u015fi mereu \u00een verv\u0103, Petre \u0162u\u0163ea era, cum se spune, tob\u0103 de carte. Am putea spune c\u0103 era mintea cea mai cuprinz\u0103toare care se g\u0103sea \u00een 1964 la \u00eenchisoarea din Aiud\u2026Cu toate acestea era uzat de via\u0163a din pu\u015fc\u0103rie\u2026\u201d<\/p>\n<p style=\"text-align: justify;\">Unul cu un \u201dpogon\u201d de stele pe umeri, un \u201dde\u015ftept\u201d care reu\u015fise s\u0103 \u00eenve\u0163e din poeziile lui Gyr \u015fi le recitea legionarilor \u00een b\u0103taie de joc, l-a adus pe Petre \u0162u\u0163ea \u015fi l-a pus s\u0103 vorbeasc\u0103 \u00een fa\u0163a a 600 de de\u0163inu\u0163i. \u015ei a zis Petre \u0162u\u0163ea:<\/p>\n<p style=\"text-align: justify;\">\u201dFra\u0163ilor, dac\u0103 murim to\u0163i aici, \u00een haine v\u0103rgate \u015fi \u00een lan\u0163uri, noi nu facem cinste poporului rom\u00e2n c\u0103 murim pentru el, ci el ne face onoarea s\u0103 murim pentru el\u201d.<\/p>\n<p style=\"text-align: justify;\">Au trecut cu duiumul prin aceast\u0103 \u201dra\u0163iune de stat\u201d dirijat\u0103 de col. Gheorghe Cr\u0103ciun care d\u0103dea din coate s\u0103 ajung\u0103 general pe scheletele lor, dup cum\u00eei strigase \u00een fa\u0163\u0103 ne\u00eenfricatul ap\u0103r\u0103tor al demnit\u0103\u0163ii rom\u00e2ne\u015fti, Aurel State.<\/p>\n<p style=\"text-align: justify;\">Dar au fost \u015fi onorabile excep\u0163ii care nu s\u2019au plecat, eliber\u00e2ndu-se c\u00e2nd s\u2019a pus lac\u0103tu\u015fl pe \u00eenchisorile pentru politici.<\/p>\n<p style=\"text-align: justify;\">La doi ani \u015fi ceva dup\u0103 gra\u0163ierea lui Nichifor Crainic \u015fi angajarea lui la \u201dGlasul Patriei\u201d i-a venit \u015fi lui Petre \u0162u\u0163ea s\u0103 intre \u00een Decretul nr.411 publicat pe 24 Iulie 1964 \u015fi s\u0103 ias\u0103 \u00eencolonat \u00een grupul de 3244 de condamna\u0163i, cu ultima garnitur\u0103.<\/p>\n<p style=\"text-align: justify;\">A schimbat hainele v\u0103rgate cu altele ponosite, muncitore\u015fti, f\u0103c\u00e2ndu-\u015fi intrarea \u00een marea \u00eenchisoare \u00een care fusese transformat\u0103 \u0163ara.<\/p>\n<p style=\"text-align: justify;\">\u015ei avea dreptate Petre \u0162u\u0163ea , pentru care nu se schimbase nimic. Avea aceea\u015fi poft\u0103 de a vorbi f\u0103r\u0103 restric\u0163ii, el consider\u00e2ndu-se o fiin\u0163\u0103 g\u00e2nditoare care exprim\u0103 ceea ce g\u00e2ndea f\u0103r\u0103 cenzur\u0103. Dar securitatea r\u0103m\u0103sese cu aceea\u015fi meteahn\u0103: \u201dSpusele mele erau consemnate la ei, au avut grij\u0103 s\u0103 mi le fac\u0103 arhiv\u0103. Cine vrea s\u0103-mi studieze g\u00e2ndirea va trebui s\u0103 bat\u0103 la u\u015fa acestei onorabile institu\u0163ii.\u201d<\/p>\n<p style=\"text-align: justify;\">Scormonindu-se prin arhiva S.R.I. se g\u0103sesc date despre numitul \u0162u\u0163ea Petre domiciliat \u00een str. \u015etirbey Vod\u0103 nr.164. \u00cen baza materialelor furnizate de informatori rezult\u0103 pozi\u0163ia sa du\u015fm\u0103noas\u0103, \u015fi contradictorie. Considerat intelectual de mare \u0163inut\u0103, o bibliotec\u0103 ambulant\u0103, cu o verv\u0103 sclipitoare ce-i permite s\u0103-\u015fi capteze \u015fi s\u0103-\u015fi uimeasc\u0103 auditoriul, se arat\u0103 entuziasmat de evolu\u0163ia politico-economic\u0103 a \u0163\u0103rii\u2026dar nu accept\u0103 s\u0103 intre \u00een c\u00e2mpul muncii, c\u0103ci nu este dispus \u201ds\u0103 se bage slug\u0103 la d\u00e2rloag\u0103\u201d (zice nota informativ\u0103 a lui \u201dVoicu\u201d din 5 septembrie 1967. Locot. Major Gheorghe Gheorghe care \u00eentocme\u015fte referatul cu propuneri de avertizare men\u0163ioneaz\u0103 c\u0103 Petre \u0162u\u0163ea vorbind despre cei de la Academia R.S.R. care i-au respins lucrarea \u2013 Autohtonizarea revolu\u0163iei proletare \u2013 \u00eei eticheteaz\u0103 \u201dfal\u015fi intelectuali, care au intrat acum 20 de ani pe l\u00e2ng\u0103 comuni\u015fti \u015fi, din pricina incapacit\u0103\u0163ii nu las\u0103 nici pe al\u0163ii s\u0103 se ridice.\u201d<\/p>\n<p style=\"text-align: justify;\">Pe data de 31 Ianuarie 1967 i s\u2019a deschis dosar de verificare, dovad\u0103 de omniprezen\u0163a securit\u0103\u0163ii, \u00een continuare, \u00een marea \u00eenchisoare.<\/p>\n<p style=\"text-align: justify;\">\u00a0\u00a0\u00a0\u00a0\u00a0 \u00a0\u00a0\u00a0\u00a0\u00a0\u00a0\u00a0\u00a0\u00a0\u00a0\u00a0\u00a0\u00a0\u00a0\u00a0\u00a0\u00a0\u00a0\u00a0\u00a0\u00a0\u00a0\u00a0\u00a0\u00a0\u00a0\u00a0\u00a0\u00a0\u00a0\u00a0\u00a0\u00a0\u00a0\u00a0\u00a0NIMIC\u00a0 NU\u00a0 SE\u00a0 SCHIMBASE<\/p>\n<p style=\"text-align: justify;\">Perchezi\u0163iile continuau \u015fi dup\u0103 efectuarea lor era chemat la securitate. Dac\u0103 la \u00eenceput, spune Petre \u0162u\u0163ea, m\u0103 anchetau grade mici, se ajunsese la nivel de colonel. A\u015fa se face c\u0103 dup\u0103 \u2013 referatul lui Gheorghe Gheorghe, \u015fi dup\u0103 aprobarea lui de lt. Col. I\u0163cu\u015f Drago\u015f, a fost s\u0103 dea socoteal\u0103.<\/p>\n<p style=\"text-align: justify;\">Un colonel, bine\u00een\u0163eles de securitate, l-a chemat pe 30 Martie 1968 la U.M. 0224 Bucure\u015fti \u015fi l-a \u00eentrebat de ce ponegre\u015fte regimul la Restaurantul Scriitorilor, la care Petre \u0162u\u0163ea a r\u0103spuns:<\/p>\n<p style=\"text-align: justify;\">\u201dDomnule colonel, eu la Restaurantul Scriitorilor \u00eent\u00e2lnesc tot felul de lume: oameni de\u015ftep\u0163i, imbecili, scriitori, curve, popi. Eu nu \u015ftiu cu care din \u0103\u015ftia sta\u0163i dumneavoastr\u0103 de vorb\u0103. Dar dec\u00e2t s\u0103 v\u0103 spun\u0103 ei, mai bine s\u0103 v\u0103 spun eu cine sunt: s\u00eent rom\u00e2n, na\u0163ionalist, cre\u015ftin, ortodox\u2026\u201d<\/p>\n<p style=\"text-align: justify;\">Iar colonelul a f\u0103cut un &#8211; Proces- verbal \u2013 \u00een care i s\u2019a atras aten\u0163ia:<\/p>\n<p style=\"text-align: justify;\">\u201dOrganele noastre sunt \u00een posesia unor date verificate din care rezult\u0103 c\u0103 \u00een discu\u0163iile pe care le purta\u0163i, aborda\u0163i teme \u015fi idei care contravin ideologiei marxiste, c\u0103 teoretiza\u0163i curente dep\u0103\u015fite de timp, chiar atunci c\u00e2nd pleca\u0163i de la premise juste, \u00eentre\u0163in\u00e2nd o atmosfer\u0103 neloial\u0103 regimului socialist, prin aluzii la unele st\u0103ri de lucruri.\u201d Fa\u0163\u0103 de aceast\u0103 situa\u0163ie, organele de securitate au avertizat pe cet\u0103\u0163eanul \u0162u\u0163ea Petre c\u0103, \u00een cazul \u00een care va repeta, sau va mai comite alte fapte \u00eempotriva Securit\u0103\u0163ii Statului, va fi tras la r\u0103spundere penal. \u015ei l-a pus s\u0103 isc\u0103leasc\u0103 de luare la cuno\u015ftin\u0163\u0103, pe 30 &#8211; 03 \u2013 1969.<\/p>\n<p style=\"text-align: justify;\">La observa\u0163ii colonelul a men\u0163ionat c\u0103 \u201dPetre \u0162u\u0163ea n-a recunoscut nimic din cele imputate, a\u015fa cum, de altfel, a \u0163inut s\u2019o fac\u0103 \u015fi \u00een scris, ar\u0103t\u00e2ndu-se ofensat \u015fi c\u0103ut\u00e2nd s\u0103 ne demonstreze c\u0103 el a fost \u015fi este un lupt\u0103tor pentru rena\u015fterea na\u0163iunii rom\u00e2ne.<\/p>\n<p style=\"text-align: justify;\">Securitatea nu era numai pe urmele lui Petre \u0162u\u0163ea ci supravegherea se f\u0103cea \u00eempotriva tuturor fo\u015ftilor de\u0163inu\u0163i, \u00een case, pe str\u0103zi \u015fi chiar \u00een cimitire. Arhiva SRI este plin\u0103 de astfel de exemple. Astfel &#8211; Nota nr.286 A \u2013 descrie \u00een am\u0103nun\u0163ime \u00eent\u00e2lnirea social democra\u0163ilor din ini\u0163iativa lui Gheorghe Cristescu-Pl\u0103pumaru care a avut loc pe 11 Iunie 1967, la orele 10,30 \u00een Cimitirul \u201dRe\u00eenvierea\u201d la care au participat 80 de persoane pentru comemorarea a 2 fo\u015fti membri. Se men\u0163ioneaz\u0103 cine a vorbit \u015fi c\u0103 s\u2019a strigat de mo\u015f Antonic\u0103\u00a0 \u201dTr\u0103iasc\u0103 Gheorghe Cristescu\u201d. \u00cen continuare se descrie fotografierea \u00een grup \u015fi masa cu discu\u0163iile de la bufetul din strada Lizeanu.<\/p>\n<p style=\"text-align: justify;\">\u00cen &#8211; Nota-raport din 8 Sept. 1967, col. Bor\u015fan Dumitru analizeaz\u0103 discu\u0163iile \u015fi disputa din s\u00e2nul P.S.D. \u2013 ului, dintre adep\u0163ii lui Adrian Dimitriu \u015fi Gh. Cristescu, \u00een leg\u0103tur\u0103 cu paternitatea partidului.<\/p>\n<p style=\"text-align: justify;\">\u015ei tot \u00een 1967, pe 28 Octombrie g\u0103sim prezent\u0103 securitatea \u015fi \u00een Cimitirul Iancu Nou din \u015eoseaua Mihai Bravu, unde a avut loc \u00eenhumarea lui Ghi\u0163\u0103 Popp fost secretar general al PN\u0162 &#8211; ului \u015fi ministru. \u00cen raportul f\u0103cut de colonelul Cr\u0103ciun Gheorghe este descris\u0103 \u00een am\u0103nun\u0163ime ceremonia, vorbitorii \u015fi multe din numele celor 150-160 participan\u0163i.<\/p>\n<p style=\"text-align: justify;\">Aceast\u0103 continuitate represiv\u0103, era continuat\u0103 \u015fi sub Ceau\u015fescu\u2026Dup\u0103 ce am v\u0103zut p\u0103rerea lui Petre \u0162u\u0163ea asupra lui Dej, iat\u0103 ce crede despre urma\u015f:<\/p>\n<p style=\"text-align: justify;\">\u201dCeau\u015fescu n-avea masc\u0103 de cezar, ci masc\u0103 de golan fioros. Nu mi-am \u00eenchipuit c\u0103 un golan analfabet poate s\u0103 aib\u0103 o asemenea poft\u0103 de luxurie\u2026A\u015fazisul triumf al proletariatului, care a sf\u00e2r\u015fit ca triumf al lui Ceau\u015fescu, a fost triumful lui Gol\u0103nescu \u015fi o trecere \u00een \u00eentuneric.\u201d<\/p>\n<p style=\"text-align: justify;\">Petre \u0162u\u0163ea a f\u0103cut parte din \u2013 Pleiada \u2013 ce s\u2019a realizat intelectualice\u015fte \u00eentre cele dou\u0103 r\u0103zboaie mondiale, st\u00e2nd al\u0103turi de unii care au trecut prin temni\u0163ele de exterminare precum Mircea Vulc\u0103nescu, Gheorghe Br\u0103tianu, Gheorghe Strat, Constantin Noica, Emanoil Vidra\u015fcu, Vladimir Str\u0103inu, Ar\u015favir Acterian, sau cu al\u0163ii care au fost nevoi\u0163i s\u0103-\u015fi pun\u0103 dorul c\u0103p\u0103t\u00e2i pe malurile Senei, ca Eugen Ionescu, Emil Cioran, Mircea Eliade\u2026<\/p>\n<p style=\"text-align: justify;\">Mai mult, el \u0163\u0103ranul din Boteni a tr\u0103it drama neamului rom\u00e2nesc sub cei trei v\u00e2nz\u0103tori ai integrit\u0103\u0163ii teritotriale \u015fi demolatori ai demnit\u0103\u0163ii na\u0163ionale. Pe primii doi i-a definit mai sus, iar sub al treilea, care \u201da declarat \u00een platforma-program c\u0103 admira valorile ideale ale comunismului\u201d, Petre \u0162u\u0163ea a \u00eenchis ochii pe 3 Decembrie 1991, l\u0103s\u00e2ndu-ne s\u0103 ne descurc\u0103m cu pustiul din \u0163ar\u0103.<\/p>\n<p style=\"text-align: justify;\">A murit cu credin\u0163a\u2019n Dumnezeu \u015fi speran\u0163a c\u0103 tineretul va izb\u0103vi \u0162ara.&#8221;<\/p>\n<p style=\"text-align: justify;\">\u00a0\u00a0\u00a0\u00a0\u00a0\u00a0\u00a0\u00a0\u00a0\u00a0\u00a0\u00a0\u00a0\u00a0\u00a0\u00a0\u00a0\u00a0\u00a0\u00a0\u00a0\u00a0\u00a0\u00a0\u00a0\u00a0\u00a0\u00a0\u00a0\u00a0\u00a0\u00a0\u00a0\u00a0\u00a0\u00a0\u00a0\u00a0\u00a0\u00a0\u00a0\u00a0\u00a0\u00a0\u00a0\u00a0\u00a0\u00a0\u00a0\u00a0\u00a0\u00a0\u00a0\u00a0\u00a0\u00a0\u00a0\u00a0\u00a0\u00a0\u00a0\u00a0\u00a0\u00a0\u00a0\u00a0\u00a0\u00a0\u00a0\u00a0\u00a0\u00a0\u00a0\u00a0\u00a0\u00a0\u00a0\u00a0\u00a0\u00a0\u00a0\u00a0\u00a0\u00a0\u00a0\u00a0\u00a0\u00a0\u00a0\u00a0\u00a0\u00a0\u00a0\u00a0\u00a0\u00a0\u00a0\u00a0\u00a0\u00a0\u00a0\u00a0\u00a0\u00a0 Cicerone Ionitoiu<\/p>\n<p style=\"text-align: right;\">( Material primit de la scriitorul Mihai Radulescu, cules de Daris Basarab)<\/p>\n","protected":false},"excerpt":{"rendered":"<p>\u00a0UN\u00a0 OM\u00a0 C\u00c2T\u00a0 UN\u00a0 VEAC &nbsp; \u00eenc\u0103tu\u015fat de un regim ateu:\u00a0 PETRE\u00a0 \u0162U\u0162EA. &nbsp; Omagiu pentru posteritate. &nbsp; De Cicerone [&#038;hellip<\/p>\n","protected":false},"author":1,"featured_media":0,"comment_status":"closed","ping_status":"closed","sticky":false,"template":"","format":"standard","meta":{"footnotes":""},"categories":[3,6],"tags":[],"class_list":["post-12355","post","type-post","status-publish","format-standard","hentry","category-articole","category-linkuri-externe"],"_links":{"self":[{"href":"https:\/\/www.marianagurza.ro\/blog\/wp-json\/wp\/v2\/posts\/12355","targetHints":{"allow":["GET"]}}],"collection":[{"href":"https:\/\/www.marianagurza.ro\/blog\/wp-json\/wp\/v2\/posts"}],"about":[{"href":"https:\/\/www.marianagurza.ro\/blog\/wp-json\/wp\/v2\/types\/post"}],"author":[{"embeddable":true,"href":"https:\/\/www.marianagurza.ro\/blog\/wp-json\/wp\/v2\/users\/1"}],"replies":[{"embeddable":true,"href":"https:\/\/www.marianagurza.ro\/blog\/wp-json\/wp\/v2\/comments?post=12355"}],"version-history":[{"count":3,"href":"https:\/\/www.marianagurza.ro\/blog\/wp-json\/wp\/v2\/posts\/12355\/revisions"}],"predecessor-version":[{"id":12358,"href":"https:\/\/www.marianagurza.ro\/blog\/wp-json\/wp\/v2\/posts\/12355\/revisions\/12358"}],"wp:attachment":[{"href":"https:\/\/www.marianagurza.ro\/blog\/wp-json\/wp\/v2\/media?parent=12355"}],"wp:term":[{"taxonomy":"category","embeddable":true,"href":"https:\/\/www.marianagurza.ro\/blog\/wp-json\/wp\/v2\/categories?post=12355"},{"taxonomy":"post_tag","embeddable":true,"href":"https:\/\/www.marianagurza.ro\/blog\/wp-json\/wp\/v2\/tags?post=12355"}],"curies":[{"name":"wp","href":"https:\/\/api.w.org\/{rel}","templated":true}]}}