{"id":12361,"date":"2013-04-21T12:52:07","date_gmt":"2013-04-21T12:52:07","guid":{"rendered":"http:\/\/www.marianagurza.ro\/blog\/?p=12361"},"modified":"2013-04-21T12:52:07","modified_gmt":"2013-04-21T12:52:07","slug":"mihai-radulescu-ravase-tainuite","status":"publish","type":"post","link":"https:\/\/www.marianagurza.ro\/blog\/2013\/04\/21\/mihai-radulescu-ravase-tainuite\/","title":{"rendered":"Mihai R\u0103dulescu: R\u0103va\u0219e t\u0103inuite"},"content":{"rendered":"<p style=\"text-align: center;\"><a href=\"http:\/\/www.marianagurza.ro\/blog\/wp-content\/uploads\/2013\/04\/mihai-radulescu1.jpg\"><img loading=\"lazy\" decoding=\"async\" class=\"size-full wp-image-12362\" title=\"mihai radulescu\" src=\"http:\/\/www.marianagurza.ro\/blog\/wp-content\/uploads\/2013\/04\/mihai-radulescu1.jpg\" alt=\"\" width=\"216\" height=\"233\" \/><\/a><\/p>\n<p style=\"text-align: center;\">Mihai Radulescu fost de\u021binut politic<\/p>\n<p><strong>\u00a0\u00a0\u00a0\u00a0\u00a0\u00a0 R\u0103va\u0219e t\u0103inuite<\/strong><\/p>\n<p>&nbsp;<\/p>\n<p style=\"text-align: justify;\"><strong>\u00a0\u00a0\u00a0\u00a0\u00a0\u00a0\u00a0\u00a0\u00a0 MOTTO:<\/strong><\/p>\n<p style=\"text-align: justify;\">Via\u0163\u0103 s\u0103rac\u0103<\/p>\n<p>De timpuriu.<\/p>\n<p>Duhul s\u0103 tac\u0103<\/p>\n<p>Slobod s\u0103-\u0163i scriu.<\/p>\n<p>M-am bejenit.<\/p>\n<p>Uit\u0103te-n soare:<\/p>\n<p>Cine nu-l are<\/p>\n<p>Nu-i \u00eemplinit.<\/p>\n<p>Vezi, mai e dorul:<\/p>\n<p>Tu stai acas\u0103,<\/p>\n<p>Eu dorm \u00een codru &#8211;<\/p>\n<p>Pe\u015fte \u00een leas\u0103.<\/p>\n<p>\u015ei te iubesc.<\/p>\n<p>F\u0103-\u0163i crucea plin\u0103<\/p>\n<p>Maicii Senin\u0103<\/p>\n<p>S\u0103 te-nt\u00e2lnesc.<\/p>\n<p>I<\/p>\n<p>Scrisoarea lui<\/p>\n<p>&#8220;Cartea-i scris\u0103-n foi de fum<\/p>\n<p>C\u0103 mi-e greu de-at\u00e2ta drum,<\/p>\n<p>Scris\u0103 cu cerneli de ploaie<\/p>\n<p>C\u0103 de dor m\u0103 mai ogoaie,<\/p>\n<p>Cu penele cucului<\/p>\n<p>\u015ei sf\u00e2r\u015firea duhului.<\/p>\n<p>Scris \u0163i-am scris s\u0103-\u0163i dau de veste,<\/p>\n<p>S\u0103rut\u00e2ndu-te, aceste:<\/p>\n<p>Sunt fugit cu soarele,<\/p>\n<p>P\u0103r\u0103sit ogoarele.<\/p>\n<p>Temni\u0163a \u015fi teama mea<\/p>\n<p>Mi-au l\u0103sat prin plete nea.<\/p>\n<p>Mun\u0163ii \u015fi cu v\u0103ile<\/p>\n<p>Mi-au sleit puterile.<\/p>\n<p>Mai sunt \u00eenc\u0103 h\u0103ituit.<\/p>\n<p>Haiducia-i foc cumplit.<\/p>\n<p>Dac\u0103 tot g\u00e2nde\u015fti la mine,<\/p>\n<p>\u0162ine, puic\u0103, numai bine,<\/p>\n<p>\u0162ine \u015fi norocul meu,<\/p>\n<p>Traiul s\u0103 nu-\u0163i fie greu.&#8221;<\/p>\n<p>M\u00e2na-\u015fi trece peste barb\u0103.<\/p>\n<p>Las\u0103-n ea un fir de iarb\u0103.<\/p>\n<p>Pune cartea-n buzunar.<\/p>\n<p>Se m\u00e2ng\u00e2ie tot mai rar.<\/p>\n<p>Se opre\u015fte. O spr\u00e2ncean\u0103<\/p>\n<p>Tremur\u0103 mai jos de ran\u0103.<\/p>\n<p>Col\u0163ul gurii \u00eencre\u0163it.<\/p>\n<p>Ochiul cat\u0103 aburit.<\/p>\n<p>Ia \u00een din\u0163i o frunz\u0103 rece.<\/p>\n<p>M\u00e2na-n barb\u0103 iar petrece.<\/p>\n<p>Pleac\u0103-ncet pe drum \u00een jos.<\/p>\n<p>Vede trunchiul g\u0103unos.<\/p>\n<p>\u00cengenunchie-n noroi.<\/p>\n<p>Str\u00e2nge-o m\u00e2n\u0103 de trifoi.<\/p>\n<p>\u00cenf\u0103\u015foar\u0103 cartea-n el.<\/p>\n<p>O strecoar\u0103 u\u015furel<\/p>\n<p>Sub o scoar\u0163\u0103 de copac.<\/p>\n<p>\u015ei \u00ee\u015fi taie drum de rac<\/p>\n<p>\u00cend\u0103r\u0103t prin verzi frunzare<\/p>\n<p>Str\u0103b\u0103tute lin de soare.<\/p>\n<p>Scrisoarea de r\u0103spuns.<\/p>\n<p>&#8220;Amor\u0163esc \u00een a\u015fternut,<\/p>\n<p>F\u0103r\u0103 hor\u0103, nici s\u0103rut.<\/p>\n<p>Stau catrin\u0163e g\u0103lbioare<\/p>\n<p>Colb\u0103ite-n nemi\u015fcare.<\/p>\n<p>Valurile din privire<\/p>\n<p>Nu mai \u015ftiu de oglindire.<\/p>\n<p>G\u00e2ndurile, dorurile<\/p>\n<p>\u00cemi sugrum\u0103 orele.<\/p>\n<p>Dar nu pot pleca spre tine &#8230;<\/p>\n<p>Iac\u0103, mama-n cas\u0103 vine.<\/p>\n<p>Te s\u0103rut \u015fi numa&#8217; bine.&#8221;<\/p>\n<p>II<\/p>\n<p>Scrisoarea lui<\/p>\n<p>&#8220;Cerurile, stelele,<\/p>\n<p>G\u00e2ndurile, visele,<\/p>\n<p>Jos, mai jos, mai jos m\u0103 pleac\u0103,<\/p>\n<p>Pe sub frunz\u0103, pe sub crac\u0103,<\/p>\n<p>Pe sub crucea m\u00e2inilor,<\/p>\n<p>La inima c\u00e2inilor.<\/p>\n<p>Lupii suri \u015fi lebede,<\/p>\n<p>St\u00e2ncile de cremene,<\/p>\n<p>Nu dau p\u00e2ine, nici secar\u0103.<\/p>\n<p>Via\u0163a mea nu e u\u015foar\u0103.<\/p>\n<p>\u015ei, te rog, te rog, copil\u0103,<\/p>\n<p>S\u0103 m\u0103 \u0163ii mereu \u00een mil\u0103.<\/p>\n<p>Te-a\u015f vrea ici, cu mine, -n munte,<\/p>\n<p>C\u0103 vin ploile m\u0103runte<\/p>\n<p>\u015ei n-am bra\u0163e s\u0103 m\u0103 pl\u00e2ng\u0103.<\/p>\n<p>\u00cemi doresc s\u0103 fiu cu voi,<\/p>\n<p>S\u0103 m-ad\u0103posti\u0163i de ploi.<\/p>\n<p>Dar nu pot. S\u0103 vii la mine.<\/p>\n<p>Dac\u0103 nu tu, cine vine?<\/p>\n<p>Corbii \u015fi cu ciorile<\/p>\n<p>\u015ei sp\u00e2nzur\u0103torile.&#8221;<\/p>\n<p>Scrisoarea de r\u0103spuns<\/p>\n<p>&#8220;Dor \u00ee\u0163i scriu din Dealu&#8217; Mare<\/p>\n<p>Ro\u0163ile rotite-n drumuri<\/p>\n<p>\u015ei hulubele prin fumuri.<\/p>\n<p>Dor \u00ee\u0163i scriu \u015fi eu, supus\u0103.<\/p>\n<p>Azi la dou\u0103zeci de ani<\/p>\n<p>Adunatu-sa un an.<\/p>\n<p>Stau cu maica \u015fi cu satu&#8217;<\/p>\n<p>\u015ei cu g\u00e2ndul t\u0103u, s\u0103racu&#8217;.<\/p>\n<p>Stau cu coptul \u015fi pr\u0103jala,<\/p>\n<p>Cu necazul \u015fi sfiala.<\/p>\n<p>\u015ei m\u0103 arde nep\u0103sarea<\/p>\n<p>Ce e-n to\u0163i \u015fi-n toat\u0103 zarea.<\/p>\n<p>Totu\u015fi sunt de-aicea toat\u0103.<\/p>\n<p>C\u00e2inii-c\u00e2ini mai niciodat\u0103<\/p>\n<p>De cote\u0163 nu fug departe.<\/p>\n<p>Noi avem acelea\u015fi soarte.<\/p>\n<p>Omu-i om cum apa-i ap\u0103.<\/p>\n<p>Dar\u0103 dorul tot m\u0103 sap\u0103.<\/p>\n<p>\u00ce\u0163i trimit o floare-albastr\u0103<\/p>\n<p>S\u0103-\u0163i gr\u0103iasc\u0103 \u015fi de cas\u0103.&#8221;<\/p>\n<p>III<\/p>\n<p>Scrisoarea lui<\/p>\n<p>&#8220;Doar pe tine te mai am:<\/p>\n<p>Eu altar \u015fi tu sf\u00e2nt hram.<\/p>\n<p>Vino &#8230; Nu mai \u015ftiu dec\u00e2t<\/p>\n<p>C\u0103 mi-e dor \u015fi mi-e ur\u00e2t.<\/p>\n<p>Cobor\u00e2tu-m-a\u015f \u00een sat<\/p>\n<p>Dar mi-e team\u0103 c\u0103-i p\u0103cat<\/p>\n<p>\u015ei de bunul Dumnezeu<\/p>\n<p>\u015ei de biet norocul meu.<\/p>\n<p>Nu e\u015fti c\u00e2ine s\u0103 r\u0103m\u00e2i<\/p>\n<p>Str\u00e2ns legat de c\u0103p\u0103t\u00e2i,<\/p>\n<p>Ci e\u015fti inim\u0103 de soare.<\/p>\n<p>Inima nicic\u00e2nd nu moare.<\/p>\n<p>\u015ei e\u015fti inim\u0103 de lun\u0103.<\/p>\n<p>\u015ei e\u015fti dreapt\u0103 \u015fi e\u015fti bun\u0103.<\/p>\n<p>E\u015fti icoan\u0103, aur dulce&#8230;<\/p>\n<p>Dorul meu s\u0103 mi te culce.&#8221;<\/p>\n<p>Scrisoarea de r\u0103spuns<\/p>\n<p>&#8220;Subsoara zorilor<\/p>\n<p>Din r\u0103scrucea orelor<\/p>\n<p>M\u0103 p\u00e2ndea de peste geam<\/p>\n<p>C\u00e2nd la tine m\u0103 g\u00e2ndeam.<\/p>\n<p>Nu-mi gr\u0103i de \u00eent\u00e2lnire<\/p>\n<p>C\u0103 mi-e team\u0103 de pieire.<\/p>\n<p>C\u00e2nd n-ai cas\u0103 \u015fi n-ai mas\u0103,<\/p>\n<p>Din iubire ce-o s\u0103 ias\u0103?<\/p>\n<p>Focul iute-al paielor<\/p>\n<p>\u015ei banii gunoaielor<\/p>\n<p>\u015ei copilul dracului<\/p>\n<p>Din patul s\u0103racului;<\/p>\n<p>C\u0103 fugarul e fugar,<\/p>\n<p>F\u0103r\u0103 mir \u015fi f\u0103r\u0103 har.<\/p>\n<p>\u015ei m\u0103 uit\u0103, suflete.<\/p>\n<p>De chipul meu, rupe-te.<\/p>\n<p>Nu vezi? Via\u0163a ne desparte.<\/p>\n<p>Te iubesc eu p\u00e2n-la moarte.&#8221;<\/p>\n<p>IV<\/p>\n<p>Scrisoarea lui<\/p>\n<p>&#8220;Tac \u015fi tac \u015fi nu mai scriu.<\/p>\n<p>Dar nici cerul p\u0103m\u00e2ntiu,<\/p>\n<p>Nici \u0163\u00e2\u0163ele norilor,<\/p>\n<p>Nici zeama sudorilor<\/p>\n<p>Nu m\u0103 las\u0103. Ca s-o poarte,<\/p>\n<p>O s\u0103 leg aceast\u0103 carte<\/p>\n<p>\u00centre coarne vacii tale.<\/p>\n<p>Muced stau mai jos de soare.<\/p>\n<p>Amor\u0163ite-n leg\u0103nare,<\/p>\n<p>Frunzele cu margini roase<\/p>\n<p>Mi-s sucite \u015fi \u00eentoarse,<\/p>\n<p>Gata s\u0103 coboare-n vale.<\/p>\n<p>Eu am mii de r\u0103d\u0103cini.<\/p>\n<p>Nici nu-mi pleac\u0103, nici nu-mi vine<\/p>\n<p>Urma inimii din mine.<\/p>\n<p>Toate bune \u015fi doar bine.&#8221;<\/p>\n<p>Scrisoare de r\u0103spuns<\/p>\n<p>&#8220;Iat\u0103 ultimul r\u0103spuns:<\/p>\n<p>Drumul t\u0103u mi-e nep\u0103truns.<\/p>\n<p>Ciorb\u0103 lung\u0103, r\u0103d\u0103cini,<\/p>\n<p>Hran\u0103 sunt de \u0163intirim.<\/p>\n<p>Din \u015fop\u00e2rle \u015fi l\u0103custe<\/p>\n<p>Nu-mi fac haine, nu-mi fac fuste.<\/p>\n<p>Fuga, mintea r\u0103t\u0103cit\u0103,<\/p>\n<p>R\u0103suflarea \u00een\u0103crit\u0103,<\/p>\n<p>Spaima, groaza, nebunia:<\/p>\n<p>Astea-\u0163i sunt gospod\u0103ria.<\/p>\n<p>Las\u0103. Nu m\u0103 chinui.<\/p>\n<p>Bucurie-n orice zi.&#8221;<\/p>\n<p>V<\/p>\n<p>Ultima scrisoare<\/p>\n<p>&#8220;Frunza verde a-nvelit<\/p>\n<p>Un nimic de la iubit:<\/p>\n<p>\u00ce\u0163i trimit \u00een dar<\/p>\n<p>St\u00e2ngul inelar.&#8221;<\/p>\n<p>\u015ei de-atunci \u015fi p\u00e2n\u0103 azi<\/p>\n<p>Doarme-n sticla de rachiu<\/p>\n<p>Degetul lui alburiu,<\/p>\n<p>Alb\u0103strui ca fumul z\u0103rii<\/p>\n<p>Pe la g\u00e2tul retez\u0103rii<\/p>\n<p>\u015ei cu pielea str\u00e2ns\u0103-n creste,<\/p>\n<p>Doarme-n lada ei de zestre.<\/p>\n<p>3 VIII- 16 X 56<\/p>\n<p>Probabil una dintre ultimele scrieri \u00eenainte de arestarea din 4 XI 56.<br \/>\nDac\u0103 acest poem ar fi fost g\u0103sit la perchezi\u0163ie, condamnarea\u00a0 mea desigur ar fi fost influen\u0163at\u0103 \u015fi de con\u0163inutul lui.<\/p>\n<p style=\"text-align: justify;\">Mihai Radulescu<\/p>\n","protected":false},"excerpt":{"rendered":"<p>Mihai Radulescu fost de\u021binut politic \u00a0\u00a0\u00a0\u00a0\u00a0\u00a0 R\u0103va\u0219e t\u0103inuite &nbsp; \u00a0\u00a0\u00a0\u00a0\u00a0\u00a0\u00a0\u00a0\u00a0 MOTTO: Via\u0163\u0103 s\u0103rac\u0103 De timpuriu. Duhul s\u0103 tac\u0103 Slobod s\u0103-\u0163i [&#038;hellip<\/p>\n","protected":false},"author":1,"featured_media":0,"comment_status":"closed","ping_status":"closed","sticky":false,"template":"","format":"standard","meta":{"footnotes":""},"categories":[3,6],"tags":[],"class_list":["post-12361","post","type-post","status-publish","format-standard","hentry","category-articole","category-linkuri-externe"],"_links":{"self":[{"href":"https:\/\/www.marianagurza.ro\/blog\/wp-json\/wp\/v2\/posts\/12361","targetHints":{"allow":["GET"]}}],"collection":[{"href":"https:\/\/www.marianagurza.ro\/blog\/wp-json\/wp\/v2\/posts"}],"about":[{"href":"https:\/\/www.marianagurza.ro\/blog\/wp-json\/wp\/v2\/types\/post"}],"author":[{"embeddable":true,"href":"https:\/\/www.marianagurza.ro\/blog\/wp-json\/wp\/v2\/users\/1"}],"replies":[{"embeddable":true,"href":"https:\/\/www.marianagurza.ro\/blog\/wp-json\/wp\/v2\/comments?post=12361"}],"version-history":[{"count":2,"href":"https:\/\/www.marianagurza.ro\/blog\/wp-json\/wp\/v2\/posts\/12361\/revisions"}],"predecessor-version":[{"id":12364,"href":"https:\/\/www.marianagurza.ro\/blog\/wp-json\/wp\/v2\/posts\/12361\/revisions\/12364"}],"wp:attachment":[{"href":"https:\/\/www.marianagurza.ro\/blog\/wp-json\/wp\/v2\/media?parent=12361"}],"wp:term":[{"taxonomy":"category","embeddable":true,"href":"https:\/\/www.marianagurza.ro\/blog\/wp-json\/wp\/v2\/categories?post=12361"},{"taxonomy":"post_tag","embeddable":true,"href":"https:\/\/www.marianagurza.ro\/blog\/wp-json\/wp\/v2\/tags?post=12361"}],"curies":[{"name":"wp","href":"https:\/\/api.w.org\/{rel}","templated":true}]}}