{"id":12365,"date":"2013-04-21T16:05:29","date_gmt":"2013-04-21T16:05:29","guid":{"rendered":"http:\/\/www.marianagurza.ro\/blog\/?p=12365"},"modified":"2013-04-23T18:36:37","modified_gmt":"2013-04-23T18:36:37","slug":"%e2%80%9cvasile-plavan-un-slavici-al-bucovinei%e2%80%9d","status":"publish","type":"post","link":"https:\/\/www.marianagurza.ro\/blog\/2013\/04\/21\/%e2%80%9cvasile-plavan-un-slavici-al-bucovinei%e2%80%9d\/","title":{"rendered":"Lansarea volumului \u201cVasile Pl\u0103van, un Slavici al Bucovinei\u201d"},"content":{"rendered":"<p align=\"center\"><strong>INVITA\u0162IE<\/strong><\/p>\n<p align=\"center\"><strong>\u00a0<\/strong><\/p>\n<p><strong>\u00a0\u00a0\u00a0\u00a0\u00a0\u00a0\u00a0\u00a0\u00a0\u00a0\u00a0 <\/strong>Cu onoare, v\u0103 invit\u0103m mar\u0163i, <strong><em>23 Aprilie 2013<\/em><\/strong>, \u00eencep\u00e2nd cu ora 13,00, \u00een <em>Sala festiv\u0103 a Parcului \u015etiin\u0163ific \u015fi Tehnologic TIM SCIENCE PARK, <\/em>(Str. Dr. Aurel P\u0103unescu Podeanu nr.144, etaj 1, sala 102), s\u0103 lua\u0163i parte la lansarea c\u0103r\u0163ii:<\/p>\n<p style=\"text-align: center;\"><a href=\"http:\/\/www.marianagurza.ro\/blog\/wp-content\/uploads\/2013\/04\/Coperta.page2_.jpg\"><img loading=\"lazy\" decoding=\"async\" title=\"Coperta.page2\" src=\"http:\/\/www.marianagurza.ro\/blog\/wp-content\/uploads\/2013\/04\/Coperta.page2_-211x300.jpg\" alt=\"\" width=\"281\" height=\"400\" \/><\/a><\/p>\n<p>&nbsp;<\/p>\n<p>&nbsp;<\/p>\n<div>\n<p align=\"center\"><strong><em>\u00a0<\/em><\/strong><strong><a href=\"http:\/\/www.marianagurza.ro\/blog\/wp-content\/uploads\/2013\/04\/Coperta.page1_.jpg\"><img loading=\"lazy\" decoding=\"async\" title=\"Coperta.page1\" src=\"http:\/\/www.marianagurza.ro\/blog\/wp-content\/uploads\/2013\/04\/Coperta.page1_-211x300.jpg\" alt=\"\" width=\"281\" height=\"400\" \/><\/a><\/strong><\/p>\n<p align=\"center\"><strong><em>\u201cVasile Pl\u0103van, un Slavici al Bucovinei\u201d<\/em><\/strong><\/p>\n<p align=\"right\"><strong><em>\u00a0<\/em><\/strong>scris\u0103 de <strong><em>Mariana GURZA<\/em><\/strong><strong> <\/strong><\/p>\n<p align=\"right\"><strong>\u00a0<\/strong><\/p>\n<p align=\"right\">\u015fi editat\u0103, \u00een cooperare, de 2 edituri timi\u015forene:<\/p>\n<p align=\"right\"><em>Editura <strong>Funda\u0163iei pentru Cultur\u0103 \u015fi \u00cenv\u0103\u0163\u0103m\u00e2nt IOAN SLAVICI<\/strong><\/em><strong> <\/strong>\u015fi <strong><em>EUROSTAMPA<\/em><\/strong><\/p>\n<p align=\"right\">Consilier editorial: <strong><em>prof.univ.dr. Dumitru MNERIE<\/em><\/strong><\/p>\n<p style=\"text-align: right;\"><em>Coperta<\/em><strong><em>:\u00a0 <\/em><\/strong><em><\/em><em>Conf. Dr. ing. ec.<\/em><strong><em> Gabriela-Victoria MNERIE<\/em><\/strong><\/p>\n<p>&nbsp;<\/p>\n<\/div>\n<p style=\"text-align: center;\"><strong>\u00a0<\/strong><\/p>\n<p style=\"text-align: justify;\">Ac\u0163iunea se va desf\u0103\u015fura \u00een cadrul<strong> <\/strong>\u00een cadrul celei de-a II-a edi\u0163ii a Simpozionului: \u201e<strong><em>SPRE M\u00c2INE CU MUZICA CLASIC\u0102 &#8211; CU OPERA PRINTRE ELEVI<\/em><\/strong>\u201d, organizat de <em>Funda\u0163ia pentru Cultur\u0103 \u015fi \u00cenv\u0103\u0163\u0103m\u00e2nt \u201eIoan Slavici\u201d Timi\u015foara<\/em>, prin <em>Universitatea \u201eIoan Slavici\u201d Timi\u015foara<\/em> \u015fi <em>Liceul \u201eIoan Slavici\u201d<\/em>, \u00een colaborare cu <em>Facultatea de Muzic\u0103 a Universit\u0103\u0163ii de Vest<\/em>, <em>Asocia\u0163ia Na\u0163ional\u0103 Cultul Eroilor \u201eRegina Maria\u201ddin Rom\u00e2nia<\/em> &#8211; Filiala Timi\u015f, <em>Inspectoratul \u015ecolar al Jude\u0163ului Timi\u015f<\/em>, <em>Colegiul Na\u0163ional de Art\u0103 \u201eIon Vidu\u201d din Timi\u015foara<\/em>, <em>Liceul teoretic \u201eVlad \u0162epe\u015f\u201d Timi\u015foara<\/em>, <em>Colegiul Na\u0163ional \u201eConstantin Diaconovici Loga\u201d<\/em> din Timi\u015foara, <em>Liceul Pedagogic \u201eCarmen Sylva\u201d<\/em> din Timi\u015foara, <em>Colegiul Tehnic \u201eEmanuil Ungureanu\u201d<\/em>, Sindicatul Independent al \u00cenv\u0103\u0163\u0103m\u00e2ntului Preuniversitar din jude\u0163ul Timi\u015f &#8211; Federa\u0163ia \u201e<em>Spiru Haret<\/em>\u201d\u015fi <em>Centrul de Cultur\u0103 \u015fi Art\u0103 al jude\u0163ului Timi\u015f<\/em>, sub egida <strong>Consiliului Jude\u0163ean Timi\u015f<\/strong> (cofinan\u0163ator al simpozionului).<\/p>\n<p><strong>\u00a0<\/strong><\/p>\n<p style=\"text-align: center;\"><em>V\u0103 a\u015ftept\u0103m cu drag<\/em><\/p>\n<p style=\"text-align: center;\"><strong><strong><a href=\"http:\/\/www.marianagurza.ro\/blog\/wp-content\/uploads\/2013\/04\/Afis-poza.jpg\"><img loading=\"lazy\" decoding=\"async\" title=\"Afis poza\" src=\"http:\/\/www.marianagurza.ro\/blog\/wp-content\/uploads\/2013\/04\/Afis-poza-300x212.jpg\" alt=\"\" width=\"400\" height=\"282\" \/><\/a><\/strong><br \/>\n<\/strong><\/p>\n<p><strong>\u00a0<\/strong><\/p>\n<p style=\"text-align: center;\" align=\"right\"><strong>Responsabili de proiect:<\/strong><\/p>\n<p style=\"text-align: center;\" align=\"right\">Lect. univ. dr. <strong><em>Aura TWAROVSKA<\/em><\/strong> (Opera din Viena)<\/p>\n<p align=\"right\">Prof. univ. dr. <strong>Dumitru MNERIE (<\/strong><em>persoan\u0103 de contact<\/em><strong> \u2013 <\/strong><a href=\"mailto:dumitru_mnerie@yahoo.com\">dumitru_mnerie@yahoo.com<\/a>, tel.0745521711<strong>)<\/strong><\/p>\n<p align=\"right\">Pre\u015fedinte al Senatului Universit\u0103\u0163ii \u201eIoan Slavici\u201d Timi\u015foara.<\/p>\n<p>&nbsp;<\/p>\n<p align=\"right\">Conf. univ. dr. <strong>Tiberiu CIOBANU<\/strong><\/p>\n<p align=\"right\">\u00a0Director al Liceului \u201eVlad \u0162epe\u015f\u201d Timi\u015foara,<\/p>\n<p align=\"right\">Prorector al Universit\u0103\u0163ii IOAN SLAVICI din Timi\u015foara<\/p>\n<p style=\"text-align: center;\"><strong>\u00a0<\/strong><\/p>\n<p>&nbsp;<\/p>\n","protected":false},"excerpt":{"rendered":"<p>INVITA\u0162IE \u00a0 \u00a0\u00a0\u00a0\u00a0\u00a0\u00a0\u00a0\u00a0\u00a0\u00a0\u00a0 Cu onoare, v\u0103 invit\u0103m mar\u0163i, 23 Aprilie 2013, \u00eencep\u00e2nd cu ora 13,00, \u00een Sala festiv\u0103 a Parcului [&#038;hellip<\/p>\n","protected":false},"author":1,"featured_media":0,"comment_status":"closed","ping_status":"closed","sticky":false,"template":"","format":"standard","meta":{"footnotes":""},"categories":[3],"tags":[],"class_list":["post-12365","post","type-post","status-publish","format-standard","hentry","category-articole"],"_links":{"self":[{"href":"https:\/\/www.marianagurza.ro\/blog\/wp-json\/wp\/v2\/posts\/12365","targetHints":{"allow":["GET"]}}],"collection":[{"href":"https:\/\/www.marianagurza.ro\/blog\/wp-json\/wp\/v2\/posts"}],"about":[{"href":"https:\/\/www.marianagurza.ro\/blog\/wp-json\/wp\/v2\/types\/post"}],"author":[{"embeddable":true,"href":"https:\/\/www.marianagurza.ro\/blog\/wp-json\/wp\/v2\/users\/1"}],"replies":[{"embeddable":true,"href":"https:\/\/www.marianagurza.ro\/blog\/wp-json\/wp\/v2\/comments?post=12365"}],"version-history":[{"count":12,"href":"https:\/\/www.marianagurza.ro\/blog\/wp-json\/wp\/v2\/posts\/12365\/revisions"}],"predecessor-version":[{"id":12370,"href":"https:\/\/www.marianagurza.ro\/blog\/wp-json\/wp\/v2\/posts\/12365\/revisions\/12370"}],"wp:attachment":[{"href":"https:\/\/www.marianagurza.ro\/blog\/wp-json\/wp\/v2\/media?parent=12365"}],"wp:term":[{"taxonomy":"category","embeddable":true,"href":"https:\/\/www.marianagurza.ro\/blog\/wp-json\/wp\/v2\/categories?post=12365"},{"taxonomy":"post_tag","embeddable":true,"href":"https:\/\/www.marianagurza.ro\/blog\/wp-json\/wp\/v2\/tags?post=12365"}],"curies":[{"name":"wp","href":"https:\/\/api.w.org\/{rel}","templated":true}]}}