{"id":12414,"date":"2013-04-23T18:55:31","date_gmt":"2013-04-23T18:55:31","guid":{"rendered":"http:\/\/www.marianagurza.ro\/blog\/?p=12414"},"modified":"2013-04-23T18:55:31","modified_gmt":"2013-04-23T18:55:31","slug":"mnerie-dumitru-reflectand-la-opera-lui-vasile-plavan","status":"publish","type":"post","link":"https:\/\/www.marianagurza.ro\/blog\/2013\/04\/23\/mnerie-dumitru-reflectand-la-opera-lui-vasile-plavan\/","title":{"rendered":"Mnerie Dumitru &#8211; &#8220;Reflect\u00e2nd la opera lui Vasile Pl\u0103van&#8221;"},"content":{"rendered":"<p style=\"text-align: center;\"><a href=\"http:\/\/www.marianagurza.ro\/blog\/wp-content\/uploads\/2013\/04\/Coperta.page2_-211x3001.jpg\"><img loading=\"lazy\" decoding=\"async\" class=\"size-full wp-image-12415\" title=\"Coperta.page2_-211x300\" src=\"http:\/\/www.marianagurza.ro\/blog\/wp-content\/uploads\/2013\/04\/Coperta.page2_-211x3001.jpg\" alt=\"\" width=\"211\" height=\"300\" \/><\/a><\/p>\n<p style=\"text-align: center;\">\n<div style=\"text-align: justify;\">Pentru <em>Editura Funda\u0163iei pentru Cultur\u0103 \u015fi \u00cenv\u0103\u0163\u0103m\u00e2nt IOAN SLAVICI,<\/em> editarea acestui volum reprezint\u0103 un eveniment deosebit, din mai multe puncte de vedere.<\/div>\n<div style=\"text-align: justify;\"><\/div>\n<div style=\"text-align: justify;\">Suntem de mai mul\u0163i ani onora\u0163i de colaborarea cu distinsa Doamn\u0103 a scrisului <strong><em>Mariana GURZA<\/em><\/strong>, membr\u0103 \u015fi a Colegiului de redac\u0163ie al periodicului DEMNITATEA, \u201eadministrator\u201d al blog-ului <strong><em><a href=\"http:\/\/demnitateaioanslavici.blogspot.ro\/\" target=\"_blank\">http:\/\/demnitateaioanslavici.<wbr>blogspot.ro\/<\/wbr><\/a><\/em><\/strong>, unde pot fi citite \u00eentotdeauna materialele publicate. Cu fiecare poezie care a ap\u0103rut \u00een paginile ziarului nostru am c\u00e2\u015ftigat mai mult interesul cititorilor. Sensibilitatea scriitoarei <em>Mariana GURZA<\/em> s-a dovedit \u00eenc\u0103 o dat\u0103, prin aplecarea c\u0103tre o oper\u0103 trecut\u0103 prea u\u015for cu vederea \u015fi asupra unui scriitor care a tr\u0103it pu\u0163in, (49 de ani) &#8211; dinspre secolul al XIX-lea c\u0103tre prima treime a secolului XX &#8211; dar s-a implicat activ \u00een via\u0163a social\u0103, \u00een jurnalistic\u0103, cu atitudine adev\u0103rat patriotic\u0103 fa\u0163\u0103 de evenimentele vremurilor.<\/div>\n<div style=\"text-align: justify;\"><\/div>\n<div style=\"text-align: justify;\">Parcurg\u00e2nd r\u00e2ndurile acestui volum, at\u00e2t cele scrise \u015fi l\u0103sate de Vasile Pl\u0103van, c\u00e2t \u015fi cele completate de Mariana Gurza, cititorul a putut descoperi o lume, poate nu demult petrecut\u0103, dar de pu\u0163ini rom\u00e2ni \u015ftiut\u0103, cu importante reverbera\u0163ii pentru cei ce vor s\u0103 \u00een\u0163eleag\u0103 acum prezentul printr-un trecut mai adev\u0103rat, descoperind totodat\u0103 \u015fi marea dragoste de neam a rom\u00e2nilor din Bucovina, precum \u015fi purt\u0103rile nedrepte ale vitejilor no\u015ftri \u00een lupte, nici acum prea bine \u00een\u0163elese.<\/div>\n<div style=\"text-align: justify;\"><\/div>\n<div style=\"text-align: justify;\">Reflect\u00e2nd la opera lui Vasile Pl\u0103van, e u\u015for s\u0103 aluneci \u00een poveste \u015fi s\u0103 recuno\u015fti c\u0103 de multe ori ajungi s\u0103 fii n\u0103p\u0103dit de \u201e<strong><em>boabe de lacrimi<\/em><\/strong>\u201d, ajungi s\u0103 spui, ca \u015fi Radu, c\u0103 \u201e<strong><em>M\u2019am n\u0103scut s\u0103 r\u0103t\u0103cesc \u00een lume f\u0103r\u0103 noroc<\/em><\/strong>\u201d. Romantism, realism \u015fi sentimentalism laolalt\u0103, aten\u0163ioneaz\u0103 \u00eentr-un mod anume pe oricine care cite\u015fte acest volum. De aceea, merita repus \u00een pagini contemporane Vasile Pl\u0103van, o r\u0103d\u0103cin\u0103 din neam care explic\u0103 firea firav\u0103, dar cutez\u0103toare a urma\u015fei Mariana Gurza.<\/div>\n<div style=\"text-align: justify;\"><\/div>\n<div style=\"text-align: justify;\">Aceast\u0103 carte poate fi catalogat\u0103 ca \u015fi o prezentare biografic\u0103 a avocatului-scriitor Vasile Pl\u0103van, cu repere de antologie a graiului bucovinean, dar poate fi considerat\u0103 o adev\u0103rat\u0103 monografie a Bucovinei de la cump\u0103na ultimeleor dou\u0103 secole \u00eencheiate. Dar, cel mai mult se simte orientarea c\u0103tre manualul de patriotism \u015fi unitate na\u0163ional\u0103 pe care trebuie s\u0103-l parcurgem cu luare aminte \u015fi ca reper pentru drumul pe care mergem.<\/div>\n<div style=\"text-align: justify;\"><\/div>\n<div style=\"text-align: justify;\">Citind acest volum, s\u0103 ne mai bucur\u0103m \u00eenc\u0103 de o fresc\u0103 a unei Bucovine, care prin Vasile Pl\u0103van este f\u0103cut\u0103 mai bine cunoscut\u0103 \u015fi \u00een\u0163eleas\u0103 pentru mai mul\u0163i rom\u00e2ni \u015fi Rom\u00e2nia, la fel cum Cri\u015fana, tot Ardealul \u015fi nu numai &#8230;, au ajuns s\u0103 ne fie zugr\u0103vite de Ioan Slavici.<\/div>\n<div style=\"text-align: justify;\"><\/div>\n<div style=\"text-align: justify;\">Pl\u0103van ca \u015fi Slavici au trudit pentru a l\u0103sa valoroase urme de trecut\u0103 demnitate rom\u00e2neasc\u0103, pentru a avea dup\u0103 ce \u00eenv\u0103\u0163a \u015fi noi azi, ca s\u0103 fim mai buni \u015fi mai importan\u0163i \u00een lumea noastr\u0103 mare.<\/div>\n<div style=\"text-align: justify;\"><\/div>\n<div style=\"text-align: justify;\">Dumnezeu, pe ei s\u0103-i odihneasc\u0103 \u00een pace, iar nou\u0103 s\u0103 ne c\u0103l\u0103uzeasc\u0103 pa\u015fii spre mai departe !<\/div>\n<div style=\"text-align: justify;\"><\/div>\n<div style=\"text-align: justify;\">Mul\u0163umim Marianei Gurza pentru \u00eencredin\u0163area acestei lucr\u0103ri \u015fi \u00eei dorim s\u0103natate \u015fi putere de munc\u0103, mai l\u0103s\u00e2nd \u00eenc\u0103 sufletul s\u0103 se scurg\u0103 prin \u015fi mai multe crea\u0163ii, contribuind prin acestea, pu\u0163in c\u00e2te pu\u0163in, dar \u00een mod serios la \u00eembog\u0103\u0163irea patrimoniului cultural al neamului nostru rom\u00e2nesc \u015fi la \u00eenc\u00e2ntarea spiritual\u0103 a cititorului, oric\u00e2nd \u015fi oricare ar fi el.<\/div>\n<div style=\"text-align: justify;\"><\/div>\n<div style=\"text-align: justify;\"><\/div>\n<div><\/div>\n<p style=\"text-align: right;\">Consilier editorial: <strong><em>prof.univ.dr. Dumitru MNERIE<\/em><\/strong><\/p>\n<div style=\"text-align: justify;\"><em>(Din <\/em><strong><em>\u201cVasile Pl\u0103van, un Slavici al Bucovinei\u201d <\/em><\/strong><em><strong>, <\/strong>Editura <strong>Funda\u0163iei pentru Cultur\u0103 \u015fi \u00cenv\u0103\u0163\u0103m\u00e2nt IOAN SLAVICI<\/strong><\/em><strong> <\/strong>\u015fi <strong><em>EUROSTAMPA, <\/em><\/strong><em>Timisoara, 2013<\/em> )<\/div>\n","protected":false},"excerpt":{"rendered":"<p>Pentru Editura Funda\u0163iei pentru Cultur\u0103 \u015fi \u00cenv\u0103\u0163\u0103m\u00e2nt IOAN SLAVICI, editarea acestui volum reprezint\u0103 un eveniment deosebit, din mai multe puncte [&#038;hellip<\/p>\n","protected":false},"author":1,"featured_media":0,"comment_status":"closed","ping_status":"closed","sticky":false,"template":"","format":"standard","meta":{"footnotes":""},"categories":[3],"tags":[],"class_list":["post-12414","post","type-post","status-publish","format-standard","hentry","category-articole"],"_links":{"self":[{"href":"https:\/\/www.marianagurza.ro\/blog\/wp-json\/wp\/v2\/posts\/12414","targetHints":{"allow":["GET"]}}],"collection":[{"href":"https:\/\/www.marianagurza.ro\/blog\/wp-json\/wp\/v2\/posts"}],"about":[{"href":"https:\/\/www.marianagurza.ro\/blog\/wp-json\/wp\/v2\/types\/post"}],"author":[{"embeddable":true,"href":"https:\/\/www.marianagurza.ro\/blog\/wp-json\/wp\/v2\/users\/1"}],"replies":[{"embeddable":true,"href":"https:\/\/www.marianagurza.ro\/blog\/wp-json\/wp\/v2\/comments?post=12414"}],"version-history":[{"count":2,"href":"https:\/\/www.marianagurza.ro\/blog\/wp-json\/wp\/v2\/posts\/12414\/revisions"}],"predecessor-version":[{"id":12417,"href":"https:\/\/www.marianagurza.ro\/blog\/wp-json\/wp\/v2\/posts\/12414\/revisions\/12417"}],"wp:attachment":[{"href":"https:\/\/www.marianagurza.ro\/blog\/wp-json\/wp\/v2\/media?parent=12414"}],"wp:term":[{"taxonomy":"category","embeddable":true,"href":"https:\/\/www.marianagurza.ro\/blog\/wp-json\/wp\/v2\/categories?post=12414"},{"taxonomy":"post_tag","embeddable":true,"href":"https:\/\/www.marianagurza.ro\/blog\/wp-json\/wp\/v2\/tags?post=12414"}],"curies":[{"name":"wp","href":"https:\/\/api.w.org\/{rel}","templated":true}]}}