{"id":12419,"date":"2013-04-23T20:01:54","date_gmt":"2013-04-23T20:01:54","guid":{"rendered":"http:\/\/www.marianagurza.ro\/blog\/?p=12419"},"modified":"2013-04-25T09:11:16","modified_gmt":"2013-04-25T09:11:16","slug":"restitutio-vasile-plavan-%e2%80%9cun-slavici-al-bucovinei","status":"publish","type":"post","link":"https:\/\/www.marianagurza.ro\/blog\/2013\/04\/23\/restitutio-vasile-plavan-%e2%80%9cun-slavici-al-bucovinei\/","title":{"rendered":"Restitu\u021bio: Vasile Pl\u0103van \u201cUn Slavici al Bucovinei&#8221;"},"content":{"rendered":"<p style=\"text-align: center;\"><a href=\"http:\/\/www.marianagurza.ro\/blog\/wp-content\/uploads\/2013\/04\/Coperta.page2_-211x3002.jpg\"><img loading=\"lazy\" decoding=\"async\" class=\"size-full wp-image-12422\" title=\"Coperta.page2_-211x300\" src=\"http:\/\/www.marianagurza.ro\/blog\/wp-content\/uploads\/2013\/04\/Coperta.page2_-211x3002.jpg\" alt=\"\" width=\"211\" height=\"300\" \/><\/a><\/p>\n<p style=\"text-align: justify;\">Volumul <strong>Vasile Pl\u0103van \u201cUn Slavici al Bucovinei<\/strong>&#8220;, se dore\u0219te a fi o restituire, o rea\u0219ezare a volumului \u201cBoabe de lacrimi\u201d, purt\u00e2nd semn\u0103tura intelectualului Vasile Pl\u0103van, cu ad\u0103ugarea unor imagini \u0219i documente de epoc\u0103, astfel\u00a0 incat s\u0103-i fie mai bine cunoscut\u0103 \u00eentrega activitateO edi\u0163ie nou\u0103 pentru a-i fi cunoscut\u0103 \u00eentreaga activitate.<\/p>\n<p style=\"text-align: justify;\">Prima edi\u0163ie a ap\u0103rut la ,,<em>Tiparul Glasul Bucovinei<\/em>\u201d Cern\u0103u\u0163i, 1936, cea de-a doua edi\u0163ie la editura\u00a0 Carpathia Press, 2007. prin bun\u0103voin\u0163a regrtetatului c\u0103rturar Artur Silvestri. care precizez\u0103 c\u0103 : ,,<em>Volumul confirm\u0103 un \u201eautor de epoc\u0103\u201c<strong>. Proza lui este \u00een chip izbitor s\u0103m\u0103n\u0103torist\u0103, eticist\u0103 \u015fi <\/strong>\u201eiorghist\u0103\u201c, ar\u0103t\u00e2ndu-ne un fel de<strong> Slavici de Bucovina <\/strong>\u00eens\u0103 mai degrab\u0103 un Slavici de \u201ePopa Tanda\u201c dec\u00e2t cel din americanismul \u201eMorii cu Noroc\u201c. Aceast\u0103 constatare se impune.\u201d<\/em><\/p>\n<p style=\"text-align: justify;\">Am sim\u0163it nevoia de a reveni asupra\u00a0 imaginii \u0219i a documentelor vechi, pentru continuarea proiectului propus cu ani \u00een urm\u0103, ca un \u201e<em>urma\u0219<\/em> <em>veghetor<\/em>\u201d.care dore\u0219te o imagine mai complet\u0103 asupra vie\u021bii \u015fi activit\u0103\u0163ii publicistului Vasile Pl\u0103van.<\/p>\n<p style=\"text-align: justify;\">,<em>,Indiferent dac\u0103 este o restituire cu greutate sau o completare de \u00eentreg cultural prin al\u0103turarea tuturor produc\u0163iilor exprimate, ,,Boabe de lacrimi\u201d de Vasile Pl\u0103van \u00eeng\u0103duie o discu\u0163ie obligatorie (care, \u00eens\u0103, nu se face la noi) \u00een materie de istoriografie literar\u0103 \u015fi de acces la documentul originar. C\u0103ci, de fapt, de\u015fi acesta este un ,,caz\u201d de scriitor uitat \u015fi cu o oper\u0103 risipit\u0103 din ignoran\u0163\u0103, nep\u0103sare ori rea-voin\u0163\u0103, ,,canonul semi-uit\u0103rii\u201d pare c\u0103 s-a impus \u00eentr-un mod \u015focant \u00een aceast\u0103 literatur\u0103 care nu-i capabil\u0103 nici p\u00e2n\u0103 ast\u0103zi s\u0103 aib\u0103 m\u0103car un singur autor cu edi\u0163ie de ,,opere complete\u201d a\u015fa cum pretutindeni \u00een societ\u0103\u0163ile a\u015fezate este norm\u0103 nediscutabil\u0103. Arareori doar c\u00e2te un spirit scormonitor ori sentimental recite\u015fte c\u0103r\u0163i vechi ce abia dac\u0103 se mai \u0163in \u00een cotoare sau r\u0103sfoie\u015fte ziare \u015fi reviste din vremuri parc\u0103 antice \u015fi mai descoper\u0103 c\u00e2te un nume, c\u00e2te o crea\u0163ie f\u0103r\u0103 ,,cot\u0103\u201d ori idei r\u0103mase f\u0103r\u0103 descenden\u0163i; \u015fi se mir\u0103. Acum ,,restituirea\u201d nu apare \u00eent\u00e2mpl\u0103tor ci apar\u0163ine Marianei Gurza care, fiindu-i ,,rudenie\u201d, ilustreaz\u0103 tipologia ,,urma\u015fului veghetor\u201d, rar\u0103 \u015fi ea la noi, unde uitarea \u015fi risipa au devenit regul\u0103 de fier \u015fi atitudinea cea mai r\u0103sp\u00e2ndit\u0103. La drept vorbind, Vasile Pl\u0103van merit\u0103 o edi\u0163ie nou\u0103 \u015fi poate c\u0103 \u00een viitor chiar o edi\u0163ie integral\u0103 dac\u0103 n\u0103zuin\u0163a de a nu-i l\u0103sa numele \u00een penumbr\u0103 de unde iese acum, se va \u00eenso\u0163i \u015fi de un efort bibliographic nu de tot m\u0103runt. Dar va fi nevoie de c\u0103ut\u0103ri \u00een revistele bucovinene de acum aproape un veac \u015fi poate, dac\u0103 va intervene norocul, de investiga\u0163ii lungi \u015fi anevoioase \u00een arhive unde adeseori trebuie c\u0103utat acul \u00een carul cu f\u00e2n.<\/em>\u201d(Artur Silvestri)<\/p>\n<p style=\"text-align: justify;\">\u00a0 Volumul de fa\u021b\u0103 confirm\u0103 un autor de epoc\u0103. Proza sa s\u0103m\u0103n\u0103torist\u0103, a\u015fa cum bine remarca Artur Silvestri, \u00eel a\u015feaz\u0103 pe Vasile Pl\u0103van, ca pe un <em>,,Slavici de Bucovina\u201d.<\/em><\/p>\n<p style=\"text-align: justify;\">Dup\u0103 apari\u0163ia ultimei edi\u0163ii, volumului i se adaug\u0103\u00a0 documente personale, imagini de epoc\u0103, \u015fi ceea ce s-a putut recupera de la fiica sa Georgeta, plecat\u0103 acum l\u00e2ng\u0103 p\u0103rin\u0163ii s\u0103i. R\u0103sfoind ziarele vremii nu am g\u0103sit ceea ce mi-as fi dorit. Multe din articolele ap\u0103rute \u00een pres\u0103 au fost scrise probabil sub un pseudonim sau au fost r\u0103t\u0103cite&#8230;<\/p>\n<p style=\"text-align: center;\"><a href=\"http:\/\/www.marianagurza.ro\/blog\/wp-content\/uploads\/2013\/04\/111.jpg\"><img loading=\"lazy\" decoding=\"async\" class=\"size-medium wp-image-12426\" title=\"11\" src=\"http:\/\/www.marianagurza.ro\/blog\/wp-content\/uploads\/2013\/04\/111-300x300.jpg\" alt=\"\" width=\"300\" height=\"300\" srcset=\"https:\/\/www.marianagurza.ro\/blog\/wp-content\/uploads\/2013\/04\/111-300x300.jpg 300w, https:\/\/www.marianagurza.ro\/blog\/wp-content\/uploads\/2013\/04\/111-150x150.jpg 150w, https:\/\/www.marianagurza.ro\/blog\/wp-content\/uploads\/2013\/04\/111.jpg 403w\" sizes=\"auto, (max-width: 300px) 100vw, 300px\" \/><\/a><\/p>\n<p style=\"text-align: justify;\">Vasile Pl\u0103van s-a n\u0103scut la 24 noiembrie 1889, \u00een comuna Cupca, jude\u0163ul Storojine\u0163, \u00eentr-o familie de \u0163\u0103rani \u00eenst\u0103ri\u0163i.<\/p>\n<p style=\"text-align: justify;\">Satul Cupca a fost atestat documentar pe timpul domnitorului Moldovei Alexandru cel Bun, prin uricul din 27 mai 1429(6937 \u00ee. Hr.;) sat \u00een Suceava.<\/p>\n<p style=\"text-align: justify;\">\u00cen monografia istorica ampl\u0103 scris\u0103 de inimosul <em>Petru Ciobanu<\/em>-\u201e<em>Cupca , un<\/em> <em>sat din Bucovina<\/em>\u201d, g\u0103sim multe m\u0103rturii din perioada 1429-1944. Ani de munc\u0103, de cercetare a evenimentelor ce s-au derulat de-a lungul multor genera\u0163ii, \u00een Bucovina.<\/p>\n<p style=\"text-align: justify;\">Alexandru cel Bun f\u0103cuse o danie comandantului Ivan Cupcici, d\u00e2ndu-i satul Cupca, ca o r\u0103splat\u0103 pentru serviciile prestate cu credin\u0163\u0103.<\/p>\n<p style=\"text-align: justify;\">\u201e<em>Din mila lui Dumnezeu, noi, Alexandru Voievod, domn al \u0162\u0103rii Moldovei, facem cunoscut, cu aceast\u0103 carte a noastr\u0103, tuturora care o vor vedea sau o vor auzi citindu-se, c\u0103 aceast\u0103 adev\u0103rat\u0103 slug\u0103 \u015fi boier al nostru, pan Ivan Cupici, ne-a slujit cu dreapt\u0103 \u015fi credincioas\u0103 slujb\u0103. De aceea, noi, v\u0103z\u00e2nd dreapta \u015fi credincioasa lui slujb\u0103 c\u0103tre noi, l-am miluit cu deosebita noastr\u0103 mil\u0103 \u015fi i-am dat \u00een \u0163ara noastr\u0103 dou\u0103 sate numite Cupca, unde este casa lui, \u015fi dincolo de Prut Neag\u0103u\u0163i, \u015fi de la Neag\u0103u\u0163i, \u00een sus pe Racove\u0163e p\u00e2n\u0103 la hotarul lui Grozea, ce va putea s\u0103 \u00ee\u015fi \u00eentemeieze. Toate acestea s\u0103-i fie de uric, cu tot venitul \u015fi copiilor lui, \u015fi nepo\u0163ilor lui, \u015fi str\u0103nepo\u0163ilor lui \u015fi r\u0103sstr\u0103nepo\u0163ilor lui \u015fi \u00eentregului lui neam, neclintit niciodat\u0103, \u00een veci.<\/em><\/p>\n<p style=\"text-align: justify;\"><em>Iar hotarul acestor sate s\u0103 fie cu toate hotarele vechi, pe unde au fost folosite de veac.<\/em><\/p>\n<p style=\"text-align: justify;\"><em>Iar la aceast\u0103 este credin\u0163a domniei noastre, a mai sus Alexandru voievod \u015fi credin\u0163a iubitului fiu al domniei mele, Ilia\u015f voievod, \u015fi credin\u0163a iubi\u0163ilor fii ai domniei mele, \u015ete\u0163co \u015fi Petru \u015fi Alexandru, \u015fi credin\u0163ei tuturor copiilor no\u015ftri \u015fi credin\u0163a boierilor no\u015ftri: credin\u0163a panului Mihai, credin\u0163a panului V\u00e2lcea \u015fi a copiilor lui, credin\u0163a panului Negrea, credin\u0163a panului Giurgiu \u015fi a copiilor lui, credin\u0163a panului Ilia\u015f \u015fi a copiilor lui, credin\u0163a panului Giurgiu al lui Jomotate \u015fi a copiilor lui, credin\u0163a panului Stan vistier, credin\u0163a panului Opri\u015f \u015fi a copiilor lui, credin\u0163a panului Domoncu\u015f stolnic \u015fi a copiilor lui, credin\u0163a panului Negril\u0103 cea\u015fnic, credin\u0163a panului Costici postelnic \u015fi credin\u0163a tuturor boierilor no\u015ftri moldoveni \u015fi mari \u015fi mici.<\/em><\/p>\n<p style=\"text-align: justify;\"><em>Iar dup\u0103 via\u0163a noastr\u0103, cine va fi domn al \u0163\u0103rii noastre, sau din copiii no\u015ftri, sau din neamul nostru sau pe cine \u00eel va alege Dumnezeu s\u0103 fie, acela s\u0103 nu le clinteasc\u0103 dania noastr\u0103, ci s\u0103 le-o \u00eent\u0103reasc\u0103 \u015fi s\u0103 le-o \u00eemputerniceasc\u0103 pentru c\u0103 i-am dat pentru dreapta \u015fi credincioasa lui slujb\u0103.<\/em><\/p>\n<p style=\"text-align: justify;\"><em>Iar pentru mai mare \u00eent\u0103rire a tuturor celor mai sus scrise am poruncit slugii noastre credincioase Neagoe logof\u0103t s\u0103 scrie \u015fi s\u0103 at\u00e2rne pecetea noastr\u0103 la aceast\u0103 carte a noastr\u0103.<\/em><\/p>\n<p style=\"text-align: justify;\"><em>La Suceava, \u00een anul 1429 \u00a0 (6937 <\/em>\u00ee. Hr.;)\u00a0 <em>luna mai, 27.\u201d<\/em><\/p>\n<p style=\"text-align: justify;\"><em>\u00a0<\/em><\/p>\n<p style=\"text-align: justify;\" align=\"right\">(\u201ePetru Ciobanu-Cupca, un sat din Bucovina\u201d, Editura Amadoros, C\u00e2mpulung Moldovenesc, 2004, pag.52-53)<\/p>\n<p style=\"text-align: justify;\">Cercet\u0103rile arheologice efectuate, descoperirea movilelor tumulare, extind mult \u00een trecut \u00eenfiin\u0163area satului Cupca, afl\u00e2ndu-se \u00eentr-o zon\u0103 ce a fost locuit\u0103 de costoboci, creatori ai culturii Lipi\u0163a pe la mijlocul sec I \u00ee.Hr.;\u00a0 \u015fi de dacii mari, purt\u0103torii culturii Tumulilor carpatici.<\/p>\n<p style=\"text-align: justify;\">M-a\u015f opri la anul 1786, c\u00e2nd Parohia Cupca a avut un prim preot Pl\u0103van Petru, cu hramul \u201eSfin\u0163ii Arhangheli Mihail \u015fi Gavril\u201d. Un preot \u00eenst\u0103rit, cu d\u0103ruire \u015fi devotament., venit din Ardeal. A p\u0103storit biserica p\u00e2n\u0103 \u00een anul 1807. Acesta a fost un str\u0103bunic care \u015fi-a l\u0103sat \u201eml\u0103di\u0163e\u201d \u015fi \u00een prezent.<\/p>\n<p style=\"text-align: justify;\">Am \u00eencercat s\u0103 intru \u00een istoria veche a satului dintr-un sentiment de m\u00e2ndrie \u015fi statornicie, fa\u0163\u0103 de &#8220;Pl\u0103veni&#8221;, .din respect pentru mama mea, Pl\u0103van Viorica, \u015fi pentru unchie\u015ful meu nobil Vasile Pl\u0103van. Un sat ce rezist\u0103 de veacuri, de\u015fi \u201edania\u201d din credin\u0163\u0103, ast\u0103zi, nu mai este respectat\u0103.<\/p>\n<p style=\"text-align: justify;\">Vasile Pl\u0103van, avocat, gazetar \u015fi publicist a fost un entuziast \u015fi un idealist de o aristocratic\u0103 noble\u0163e sufleteasc\u0103, de distinc\u0163ie moral\u0103, de bun\u0103tate \u015fi necuprins\u0103 omenie. La 49 da ani s-a stins, l\u0103s\u00e2nd \u00een urm\u0103 o luminoas\u0103 pild\u0103 de virtute, un nume de o rar\u0103 puritate \u015fi un exemplu de adev\u0103rat rom\u00e2nism.<\/p>\n<p style=\"text-align: justify;\">Dac\u0103 facem o paralel\u0103 \u00eentre <em>Ioan Slavici<\/em> \u015fi <em>Vasile Pl\u0103van<\/em>,\u00a0 putem consta c\u00e2teva puncte comune. Pentru Ioan Slavici, Bucovina a reprezentat un loc important, mai ales \u00een paginile sale de memorialistic\u0103 dup\u0103 anii 1900. Lupta pentru p\u0103strarea identit\u0103\u0163ii na\u0163ionale o g\u0103sim la am\u00e2ndoi, mai pregnant manifest\u00e2ndu-se Ioan Slavici \u00een diverse lucr\u0103ri, ap\u0103r\u00e2nd Bucovina, f\u0103c\u00e2ndu-i cunoscut\u0103 istoria. \u00cempreun\u0103 cu Eminescu, Ioan Slavici prin programele de ac\u0163iune ale tinerilor are un rol semnificativ privind evenimentele din 1918.<\/p>\n<p style=\"text-align: justify;\">Anul 1916 \u00eel surprinde pe Vasile Pl\u0103van, ca elev al \u015ecolii Militare de Infanterie din Boto\u015fani. Ca sublocotenent de rezerv\u0103, f\u0103c\u00e2nd parte din regimentele 10 V\u00e2n\u0103tori, apoi 2 Alba Iulia, particip\u0103 la r\u0103zboiul pentru \u00eentregirea Neamului, fiind decorat cu ,,<em>Medalia Ferdinand I<\/em>\u201d, ordinul ,,<em>Coroana Rom\u00e2niei<\/em>\u201c, ,,<em>Crucea Comemorativ\u0103 de r\u0103zboi<\/em>\u201c, etc. A f\u0103cut parte p\u00e2n\u0103 la moarte din ,,<em>Asocia\u0163ia voluntarilor bucovineni<\/em>\u201d.<\/p>\n<p style=\"text-align: justify;\">\u00cel reg\u0103sim pe Slavici \u00een Bucovina, la Cern\u0103u\u0163i, particip\u00e2nd la <em>Serb\u0103rile de la Putna, <\/em>\u00een august 1871, impresionat de generiozitatea bucovinenilor. <em>,,P\u00e2n\u0103 \u00een ziua de ast\u0103zi mi-a r\u0103mas inexplicabil\u0103 \u2013 <\/em>scrie Slavici<em>, dup\u0103 trecea a trei decenii de la Serbarea de la Putna \u2013 \u00eencrederea cu care rom\u00e2nii din Bucovina mi-au \u00eencredin\u0163at avutul lor\u201d.<\/em><\/p>\n<p style=\"text-align: justify;\">\u00cen volumul actual,Vasile Pl\u0103van \u00een anul 1934,\u00a0 este prezentat al\u0103turi de voluntari, intelectuali \u015fi \u0163\u0103rani bucovineni la Sf.M\u0103n\u0103stire Putna comemor\u00e2nd 430 de ani de la moartea lui \u015etefan cel Mare.<\/p>\n<p style=\"text-align: justify;\"><em>Ioan Slavici p<\/em>reocupat de via\u0163a cultural\u0103 rom\u00e2neasc\u0103, de integritate \u015fi dreptate pentru Neamul Rom\u00e2nesc, a adunat ]n jurul s\u0103u \u00een perioada c\u00e2nd cunoscuse Bucovina, mul\u0163i tineri. Nu m-ar surprinde ca, <em>Vasile Pl\u0103van<\/em> s\u0103 fie printre ei.<\/p>\n<p style=\"text-align: justify;\">A\u015f concluziona dup\u0103 aceast\u0103 mic\u0103 paralel\u0103, c\u0103, Vasile Pl\u0103van a b\u0103t\u0103torit drumul deschis de Ioan Slavici \u00een Bucovina.<\/p>\n<p style=\"text-align: justify;\">S-a vorbit mult depre dezr\u0103d\u0103cinare, despre suferin\u0163a \u015fi lacrimile t\u0103cute ale celor ce \u015fi-au l\u0103sat \u00een urm\u0103 vatra str\u0103mo\u015fesc\u0103, c\u0103ut\u00e2nd \u00een zadar \u201e<em>ml\u0103di\u0163e de s\u0103car\u0103\u201c.<\/em><\/p>\n<p style=\"text-align: justify;\">Nu putem uita, nu avem voie s\u0103 ne uit\u0103m r\u0103d\u0103cinile. Trecutul revine, ne urm\u0103re\u015fte, ne aminte\u015fte de cei care \u015fi-au l\u0103sat \u201ecuv\u00e2ntul\u201c din dragoste pentru neam, \u00een lupta pentru p\u0103strarea identit\u0103\u0163ii noastre rom\u00e2ne\u015fti.<\/p>\n<p style=\"text-align: justify;\">Vasile Pl\u0103van a iubit mult \u0163\u0103ranul rom\u00e2n. Nu a uitat niciodat\u0103 de unde plecase. Nu \u015fi-a uitat ima\u015ful \u015fi toloaca. A \u015ftiut s\u0103 fie prezent, printre \u0163\u0103rani, printre elitele vremii, la fiecare eveniment.<\/p>\n<p style=\"text-align: justify;\">Cei dezr\u0103d\u0103cina\u0163i, au g\u0103sit doar, boabe, \u201e<strong>boabe de lacrimi<\/strong>\u201c, r\u0103zle\u0163ite \u00eentr-o lume, poate r\u0103u \u00eentocmit\u0103,\u00a0 de sisteme bolnave, de mentalit\u0103\u0163i otr\u0103vite. A\u015fa a r\u0103mas \u015fi Bucovina, \u201e<strong><em>o lacrim\u0103<\/em><\/strong>\u201c a neamului rom\u00e2nesc, \u201e<em><strong>o lacrim\u0103<\/strong><\/em>\u201c pe care o \u0163in str\u00e2ns \u00een pumnu-mi de copil, ca s\u0103-i simt m\u00e2ng\u00e2iera. \u201c<em>\u0162ara Fagilor, locul mirific al c\u0103rturarilor al frumuse\u0163ii pure, a cre\u015ftinismului \u00een\u0103l\u0163\u0103tor&#8221;.<\/em> Citind cele scrise de unchiul meu Vasile Pl\u0103van, dup\u0103 at\u00e2\u0163ia ani, am ajuns s\u0103 cred, c\u0103 acele \u201e<em>bobi\u0163e<\/em>\u201c, acel pl\u00e2ns, mi-a urm\u0103rit existen\u0163a mea, a p\u0103rin\u0163ilor mei. Dac\u0103 Vasile Pl\u0103van \u00ee\u015fi g\u0103sea \u201e<em>s\u0103cara<\/em>\u201c \u00eenverzit\u0103, destinul familiei ar fi fost altul&#8230; \u015ei noi cei pribegi, am fost ca \u201e<em>nucul cel fraged<\/em>\u201c scos din r\u0103d\u0103cin\u0103.<\/p>\n<p style=\"text-align: justify;\">Istoria ne-a aruncat, ca pe ni\u015fte str\u0103ini, devenind venetici \u00een \u0163ara noastr\u0103. \u201e<em>Dar c\u00e2nd sco\u0163i din r\u0103d\u0103cini nucul fraged \u015fi-l mu\u0163i \u00een alt loc, la \u00eenceput el \u00ee\u015fi p\u0103streaz\u0103 \u00een s\u0103la\u015ful s\u0103u proasp\u0103t verdea\u0163a s\u0103n\u0103toas\u0103 a vie\u0163ii. Gospodarul care se razim\u0103 pe aceast\u0103 spoial\u0103 de g\u00e2nd \u015fi nu grije\u015fte la vreme de pomul cu r\u0103d\u0103cinile \u00eens\u00e2ngerate, bag\u0103 de seam\u0103 dup\u0103 un timp cum frunzele nucului se las\u0103 \u00een jos triste, \u00eeng\u0103lbenesc \u015fi apoi cad la p\u0103m\u00e2nt. Cu m\u00e2hnire vede c\u0103 tulpina nucului \u00eenchirce\u015fte \u015fi prinde a se usca, se \u00eencredin\u0163eaz\u0103 c\u0103 pomul nu s-a prins, r\u0103d\u0103cinile bolnave \u015fi nec\u0103utate la timp neav\u00e2nd puterea de a suge din m\u00e2na p\u0103m\u00e2ntului binecuv\u00e2ntarea vie\u0163ii<\/em>.\u201c &#8211; Vasile Pl\u0103van.<\/p>\n<p style=\"text-align: justify;\">Asemenea nucului fraged mutat, mul\u0163i nu \u015fi-au putut g\u0103si locul. Am r\u0103mas mereu \u00een c\u0103utarea \u201e<em>sevei p\u0103m\u00e2ntului str\u0103mo\u015fesc<\/em>\u201c. Soarta sau voia Domnului?\u201d<\/p>\n<p style=\"text-align: justify;\">Volumul <strong>VASILE PL\u0102VAN \u201eun Slavici al Bucovinei\u201d<\/strong>, este o restituire \u00eent\u00e2rziat\u0103, dar de o semnifica\u0163ie aparte pentru genera\u0163iile viitoare.<\/p>\n<p style=\"text-align: right;\" align=\"right\"><strong><em>Mariana GURZA<\/em><\/strong><\/p>\n<p style=\"text-align: justify;\"><strong><em>\u00a0<\/em><\/strong><\/p>\n<p style=\"text-align: justify;\"><em>(Din <\/em><strong><em>\u201cVasile Pl\u0103van, un Slavici al Bucovinei\u201d <\/em><\/strong><em><strong>, <\/strong>Editura <strong>Funda\u0163iei pentru Cultur\u0103 \u015fi \u00cenv\u0103\u0163\u0103m\u00e2nt IOAN SLAVICI<\/strong><\/em><strong> <\/strong>\u015fi <strong><em>EUROSTAMPA, <\/em><\/strong><em>Timisoara, 2013<\/em> )<\/p>\n<p style=\"text-align: center;\"><a href=\"http:\/\/www.marianagurza.ro\/blog\/wp-content\/uploads\/2013\/04\/Coperta.page1_1.jpg\"><img loading=\"lazy\" decoding=\"async\" class=\"size-medium wp-image-12428\" title=\"Coperta.page1\" src=\"http:\/\/www.marianagurza.ro\/blog\/wp-content\/uploads\/2013\/04\/Coperta.page1_1-211x300.jpg\" alt=\"\" width=\"211\" height=\"300\" srcset=\"https:\/\/www.marianagurza.ro\/blog\/wp-content\/uploads\/2013\/04\/Coperta.page1_1-211x300.jpg 211w, https:\/\/www.marianagurza.ro\/blog\/wp-content\/uploads\/2013\/04\/Coperta.page1_1-721x1024.jpg 721w, https:\/\/www.marianagurza.ro\/blog\/wp-content\/uploads\/2013\/04\/Coperta.page1_1.jpg 1748w\" sizes=\"auto, (max-width: 211px) 100vw, 211px\" \/><\/a><\/p>\n","protected":false},"excerpt":{"rendered":"<p>Volumul Vasile Pl\u0103van \u201cUn Slavici al Bucovinei&#8220;, se dore\u0219te a fi o restituire, o rea\u0219ezare a volumului \u201cBoabe de lacrimi\u201d, [&#038;hellip<\/p>\n","protected":false},"author":1,"featured_media":0,"comment_status":"closed","ping_status":"closed","sticky":false,"template":"","format":"standard","meta":{"footnotes":""},"categories":[3],"tags":[],"class_list":["post-12419","post","type-post","status-publish","format-standard","hentry","category-articole"],"_links":{"self":[{"href":"https:\/\/www.marianagurza.ro\/blog\/wp-json\/wp\/v2\/posts\/12419","targetHints":{"allow":["GET"]}}],"collection":[{"href":"https:\/\/www.marianagurza.ro\/blog\/wp-json\/wp\/v2\/posts"}],"about":[{"href":"https:\/\/www.marianagurza.ro\/blog\/wp-json\/wp\/v2\/types\/post"}],"author":[{"embeddable":true,"href":"https:\/\/www.marianagurza.ro\/blog\/wp-json\/wp\/v2\/users\/1"}],"replies":[{"embeddable":true,"href":"https:\/\/www.marianagurza.ro\/blog\/wp-json\/wp\/v2\/comments?post=12419"}],"version-history":[{"count":7,"href":"https:\/\/www.marianagurza.ro\/blog\/wp-json\/wp\/v2\/posts\/12419\/revisions"}],"predecessor-version":[{"id":12421,"href":"https:\/\/www.marianagurza.ro\/blog\/wp-json\/wp\/v2\/posts\/12419\/revisions\/12421"}],"wp:attachment":[{"href":"https:\/\/www.marianagurza.ro\/blog\/wp-json\/wp\/v2\/media?parent=12419"}],"wp:term":[{"taxonomy":"category","embeddable":true,"href":"https:\/\/www.marianagurza.ro\/blog\/wp-json\/wp\/v2\/categories?post=12419"},{"taxonomy":"post_tag","embeddable":true,"href":"https:\/\/www.marianagurza.ro\/blog\/wp-json\/wp\/v2\/tags?post=12419"}],"curies":[{"name":"wp","href":"https:\/\/api.w.org\/{rel}","templated":true}]}}