{"id":12491,"date":"2013-04-27T05:23:17","date_gmt":"2013-04-27T05:23:17","guid":{"rendered":"http:\/\/www.marianagurza.ro\/blog\/?p=12491"},"modified":"2013-04-27T08:58:33","modified_gmt":"2013-04-27T08:58:33","slug":"lansarea-cartii-un-slavici-al-bucovinei","status":"publish","type":"post","link":"https:\/\/www.marianagurza.ro\/blog\/2013\/04\/27\/lansarea-cartii-un-slavici-al-bucovinei\/","title":{"rendered":"Lansarea volumului &#8220;Un Slavici al Bucovinei&#8221; la Funda\u0163ia pentru Cultur\u0103 \u015fi \u00cenv\u0103\u0163\u0103m\u00e2nt Ioan Slavici, Timi\u0219oara"},"content":{"rendered":"<p style=\"text-align: center;\"><a href=\"http:\/\/www.marianagurza.ro\/blog\/wp-content\/uploads\/2013\/04\/carti.jpg\"><img loading=\"lazy\" decoding=\"async\" class=\"size-medium wp-image-12492\" title=\"carti\" src=\"http:\/\/www.marianagurza.ro\/blog\/wp-content\/uploads\/2013\/04\/carti-199x300.jpg\" alt=\"\" width=\"199\" height=\"300\" srcset=\"https:\/\/www.marianagurza.ro\/blog\/wp-content\/uploads\/2013\/04\/carti-199x300.jpg 199w, https:\/\/www.marianagurza.ro\/blog\/wp-content\/uploads\/2013\/04\/carti-681x1024.jpg 681w\" sizes=\"auto, (max-width: 199px) 100vw, 199px\" \/><\/a><\/p>\n<p style=\"text-align: justify;\">\u00cen data de<em> <\/em><strong><em>23 Aprilie 2013<\/em><\/strong>,\u00a0 \u00een <em>Sala festiv\u0103 a Parcului \u015etiin\u0163ific \u015fi Tehnologic TIM SCIENCE PARK, <\/em>(Str. Dr. Aurel P\u0103unescu Podeanu nr.144, etaj 1, sala 102),\u00a0a avut loc lansarea c\u0103r\u0163ii: <strong><em>\u201cVasile Pl\u0103van, un Slavici al Bucovinei\u201d\u00a0 <\/em><\/strong>scris\u0103 de <strong><em>Mariana GURZA<\/em><\/strong><strong> <\/strong>\u015fi editat\u0103, \u00een cooperare, de 2 edituri timi\u015forene:<em> Editura <strong>Funda\u0163iei pentru Cultur\u0103 \u015fi \u00cenv\u0103\u0163\u0103m\u00e2nt IOAN SLAVICI<\/strong><\/em><strong> <\/strong>\u015fi <strong><em>EUROSTAMPA<\/em><\/strong>,\u00a0 consilier editorial: <strong><em>prof.univ.dr. Dumitru MNERIE,\u00a0<\/em><\/strong><em> coperta<\/em><strong><em>:\u00a0 <\/em><\/strong><em><\/em><em>Conf. Dr. ing. ec.<\/em><strong><em> Gabriela-Victoria MNERIE.<\/em><\/strong><\/p>\n<p style=\"text-align: center;\">\u00a0<a href=\"http:\/\/www.marianagurza.ro\/blog\/wp-content\/uploads\/2013\/04\/mnerie.lansare.jpg\"><img loading=\"lazy\" decoding=\"async\" class=\"size-medium wp-image-12493\" title=\"mnerie.lansare\" src=\"http:\/\/www.marianagurza.ro\/blog\/wp-content\/uploads\/2013\/04\/mnerie.lansare-300x199.jpg\" alt=\"\" width=\"300\" height=\"199\" srcset=\"https:\/\/www.marianagurza.ro\/blog\/wp-content\/uploads\/2013\/04\/mnerie.lansare-300x199.jpg 300w, https:\/\/www.marianagurza.ro\/blog\/wp-content\/uploads\/2013\/04\/mnerie.lansare-1024x681.jpg 1024w\" sizes=\"auto, (max-width: 300px) 100vw, 300px\" \/><\/a><\/p>\n<p><strong>\u00a0<\/strong><\/p>\n<p style=\"text-align: justify;\">Ac\u0163iunea s-a desf\u0103\u015furat \u00een cadrul<strong> <\/strong>\u00een cadrul celei de-a II-a edi\u0163ii a Simpozionului: \u201e<strong><em>SPRE M\u00c2INE CU MUZICA CLASIC\u0102 \u2013 CU OPERA PRINTRE ELEVI<\/em><\/strong>\u201d, organizat de <em>Funda\u0163ia pentru Cultur\u0103 \u015fi \u00cenv\u0103\u0163\u0103m\u00e2nt \u201eIoan Slavici\u201d Timi\u015foara<\/em>, prin <em>Universitatea \u201eIoan Slavici\u201d Timi\u015foara<\/em> \u015fi <em>Liceul \u201eIoan Slavici\u201d<\/em>, \u00een colaborare cu <em>Facultatea de Muzic\u0103 a Universit\u0103\u0163ii de Vest<\/em>, <em>Asocia\u0163ia Na\u0163ional\u0103 Cultul Eroilor \u201eRegina Maria\u201ddin Rom\u00e2nia<\/em> \u2013 Filiala Timi\u015f, <em>Inspectoratul \u015ecolar al Jude\u0163ului Timi\u015f<\/em>, <em>Colegiul Na\u0163ional de Art\u0103 \u201eIon Vidu\u201d din Timi\u015foara<\/em>, <em>Liceul teoretic \u201eVlad \u0162epe\u015f\u201d Timi\u015foara<\/em>, <em>Colegiul Na\u0163ional \u201eConstantin Diaconovici Loga\u201d<\/em> din Timi\u015foara, <em>Liceul Pedagogic \u201eCarmen Sylva\u201d<\/em> din Timi\u015foara, <em>Colegiul Tehnic \u201eEmanuil Ungureanu\u201d<\/em>, Sindicatul Independent al \u00cenv\u0103\u0163\u0103m\u00e2ntului Preuniversitar din jude\u0163ul Timi\u015f \u2013 Federa\u0163ia \u201e<em>Spiru Haret<\/em>\u201d\u015fi <em>Centrul de Cultur\u0103 \u015fi Art\u0103 al jude\u0163ului Timi\u015f<\/em>, sub egida <strong>Consiliului Jude\u0163ean Timi\u015f<\/strong>(cofinan\u0163ator al simpozionului). <strong>Responsabili de proiect:<\/strong> Lect. univ. dr. <strong><em>Aura TWAROVSKA<\/em><\/strong> (Opera din Viena) \u0219i Prof. univ. dr. <strong>Dumitru MNERIE,\u00a0Pre\u015fedinte al Senatului Universit\u0103\u0163ii \u201eIoan Slavici\u201d Timi\u015foara.<\/strong><\/p>\n<p style=\"text-align: center;\"><a href=\"http:\/\/www.marianagurza.ro\/blog\/wp-content\/uploads\/2013\/04\/Afis-poza-300x2121.jpg\"><img loading=\"lazy\" decoding=\"async\" title=\"Afis-poza-300x212\" src=\"http:\/\/www.marianagurza.ro\/blog\/wp-content\/uploads\/2013\/04\/Afis-poza-300x2121.jpg\" alt=\"\" width=\"400\" height=\"282\" \/><\/a><\/p>\n<p style=\"text-align: justify;\">\u00a0Volumul a fost prezentat de consilierul editorial\u00a0<strong><strong><em> Dumitru MNERIE,<\/em> <\/strong><\/strong>de scriitorii<em> <\/em><strong><strong><em>Ion Marin ALM\u0102JAN <\/em><\/strong><\/strong><em>si<\/em><strong><strong><em> Adrian Dinu RACHIERU. <\/em><\/strong><\/strong><em>&#8220;Cu acest prilej, autoarei i-a fost \u00eenm\u00e2nat\u0103 o diplom\u0103 de onoare din partea <\/em><em><em>Funda\u0163iei pentru Cultur\u0103 \u015fi \u00cenv\u0103\u0163\u0103m\u00e2nt<\/em>, <em>Ioan\u00a0 Slavici<\/em><\/em><em>, ca \u0219i\u00a0 recunoa\u0219tere\u00a0 a particip\u0103rii\u00a0 sale\u00a0 la multe alte evenimnete\u00a0 culturale\u00a0\u00a0 \u0219i ca semn de pre\u021buire pentru\u00a0 actul de cultur\u0103 pe\u00a0 care l-a f\u0103cut \u00a0 d\u00e2nd la lumin\u0103\u00a0 aceste\u00a0 documente,\u00a0 parte din istoria\u00a0 noastr\u0103, ca un mic lan\u021b de care trebuie s\u0103 \u021binem cont.&#8221;<\/em><strong><strong><em>(Veronica Balaj)<br \/>\n<\/em><\/strong><\/strong><\/p>\n<p style=\"text-align: center;\"><a href=\"http:\/\/www.marianagurza.ro\/blog\/wp-content\/uploads\/2013\/04\/masa-prrzidiu.jpg\"><img loading=\"lazy\" decoding=\"async\" class=\"size-medium wp-image-12495\" title=\"masa prrzidiu\" src=\"http:\/\/www.marianagurza.ro\/blog\/wp-content\/uploads\/2013\/04\/masa-prrzidiu-300x199.jpg\" alt=\"\" width=\"300\" height=\"199\" srcset=\"https:\/\/www.marianagurza.ro\/blog\/wp-content\/uploads\/2013\/04\/masa-prrzidiu-300x199.jpg 300w, https:\/\/www.marianagurza.ro\/blog\/wp-content\/uploads\/2013\/04\/masa-prrzidiu-1024x681.jpg 1024w\" sizes=\"auto, (max-width: 300px) 100vw, 300px\" \/><\/a><\/p>\n<p style=\"text-align: center;\"><a href=\"http:\/\/www.marianagurza.ro\/blog\/wp-content\/uploads\/2013\/04\/lansare3.jpg\"><img loading=\"lazy\" decoding=\"async\" class=\"size-medium wp-image-12496\" title=\"lansare3\" src=\"http:\/\/www.marianagurza.ro\/blog\/wp-content\/uploads\/2013\/04\/lansare3-300x199.jpg\" alt=\"\" width=\"300\" height=\"199\" srcset=\"https:\/\/www.marianagurza.ro\/blog\/wp-content\/uploads\/2013\/04\/lansare3-300x199.jpg 300w, https:\/\/www.marianagurza.ro\/blog\/wp-content\/uploads\/2013\/04\/lansare3-1024x681.jpg 1024w\" sizes=\"auto, (max-width: 300px) 100vw, 300px\" \/><\/a><\/p>\n<p style=\"text-align: center;\"><a href=\"http:\/\/www.marianagurza.ro\/blog\/wp-content\/uploads\/2013\/04\/ION-MARIN-ALMAJAN.jpg\"><img loading=\"lazy\" decoding=\"async\" class=\"size-medium wp-image-12514\" title=\"ION MARIN ALMAJAN\" src=\"http:\/\/www.marianagurza.ro\/blog\/wp-content\/uploads\/2013\/04\/ION-MARIN-ALMAJAN-199x300.jpg\" alt=\"\" width=\"199\" height=\"300\" srcset=\"https:\/\/www.marianagurza.ro\/blog\/wp-content\/uploads\/2013\/04\/ION-MARIN-ALMAJAN-199x300.jpg 199w, https:\/\/www.marianagurza.ro\/blog\/wp-content\/uploads\/2013\/04\/ION-MARIN-ALMAJAN-681x1024.jpg 681w\" sizes=\"auto, (max-width: 199px) 100vw, 199px\" \/><\/a><\/p>\n<p style=\"text-align: center;\"><a href=\"http:\/\/www.marianagurza.ro\/blog\/wp-content\/uploads\/2013\/04\/rachieru1.jpg\"><img loading=\"lazy\" decoding=\"async\" class=\"size-medium wp-image-12497\" title=\"rachieru1\" src=\"http:\/\/www.marianagurza.ro\/blog\/wp-content\/uploads\/2013\/04\/rachieru1-300x199.jpg\" alt=\"\" width=\"300\" height=\"199\" srcset=\"https:\/\/www.marianagurza.ro\/blog\/wp-content\/uploads\/2013\/04\/rachieru1-300x199.jpg 300w, https:\/\/www.marianagurza.ro\/blog\/wp-content\/uploads\/2013\/04\/rachieru1-1024x681.jpg 1024w\" sizes=\"auto, (max-width: 300px) 100vw, 300px\" \/><\/a><\/p>\n<p style=\"text-align: center;\"><a href=\"http:\/\/www.marianagurza.ro\/blog\/wp-content\/uploads\/2013\/04\/eu-rachieru.jpg\"><img loading=\"lazy\" decoding=\"async\" class=\"size-medium wp-image-12498\" title=\"eu rachieru\" src=\"http:\/\/www.marianagurza.ro\/blog\/wp-content\/uploads\/2013\/04\/eu-rachieru-300x199.jpg\" alt=\"\" width=\"300\" height=\"199\" srcset=\"https:\/\/www.marianagurza.ro\/blog\/wp-content\/uploads\/2013\/04\/eu-rachieru-300x199.jpg 300w, https:\/\/www.marianagurza.ro\/blog\/wp-content\/uploads\/2013\/04\/eu-rachieru-1024x681.jpg 1024w\" sizes=\"auto, (max-width: 300px) 100vw, 300px\" \/><\/a><\/p>\n<p style=\"text-align: center;\"><a href=\"http:\/\/www.marianagurza.ro\/blog\/wp-content\/uploads\/2013\/04\/interviu-lansare.jpg\"><img loading=\"lazy\" decoding=\"async\" class=\"size-medium wp-image-12500\" title=\"interviu lansare\" src=\"http:\/\/www.marianagurza.ro\/blog\/wp-content\/uploads\/2013\/04\/interviu-lansare-300x199.jpg\" alt=\"\" width=\"300\" height=\"199\" srcset=\"https:\/\/www.marianagurza.ro\/blog\/wp-content\/uploads\/2013\/04\/interviu-lansare-300x199.jpg 300w, https:\/\/www.marianagurza.ro\/blog\/wp-content\/uploads\/2013\/04\/interviu-lansare-1024x681.jpg 1024w\" sizes=\"auto, (max-width: 300px) 100vw, 300px\" \/><\/a><\/p>\n<p style=\"text-align: center;\"><a href=\"http:\/\/www.marianagurza.ro\/blog\/wp-content\/uploads\/2013\/04\/inmanarea-diplomei.jpg\"><img loading=\"lazy\" decoding=\"async\" class=\"size-medium wp-image-12501\" title=\"inmanarea diplomei\" src=\"http:\/\/www.marianagurza.ro\/blog\/wp-content\/uploads\/2013\/04\/inmanarea-diplomei-300x199.jpg\" alt=\"\" width=\"300\" height=\"199\" srcset=\"https:\/\/www.marianagurza.ro\/blog\/wp-content\/uploads\/2013\/04\/inmanarea-diplomei-300x199.jpg 300w, https:\/\/www.marianagurza.ro\/blog\/wp-content\/uploads\/2013\/04\/inmanarea-diplomei-1024x681.jpg 1024w\" sizes=\"auto, (max-width: 300px) 100vw, 300px\" \/><\/a><\/p>\n<p style=\"text-align: center;\"><a href=\"http:\/\/www.marianagurza.ro\/blog\/wp-content\/uploads\/2013\/04\/lansare-3.jpg\"><img loading=\"lazy\" decoding=\"async\" class=\"size-medium wp-image-12502\" title=\"lansare 3\" src=\"http:\/\/www.marianagurza.ro\/blog\/wp-content\/uploads\/2013\/04\/lansare-3-300x199.jpg\" alt=\"\" width=\"300\" height=\"199\" srcset=\"https:\/\/www.marianagurza.ro\/blog\/wp-content\/uploads\/2013\/04\/lansare-3-300x199.jpg 300w, https:\/\/www.marianagurza.ro\/blog\/wp-content\/uploads\/2013\/04\/lansare-3-1024x681.jpg 1024w\" sizes=\"auto, (max-width: 300px) 100vw, 300px\" \/><\/a><\/p>\n<p style=\"text-align: center;\"><a href=\"http:\/\/www.marianagurza.ro\/blog\/wp-content\/uploads\/2013\/04\/lansare2.jpg\"><img loading=\"lazy\" decoding=\"async\" class=\"size-medium wp-image-12504\" title=\"lansare2\" src=\"http:\/\/www.marianagurza.ro\/blog\/wp-content\/uploads\/2013\/04\/lansare2-300x199.jpg\" alt=\"\" width=\"300\" height=\"199\" srcset=\"https:\/\/www.marianagurza.ro\/blog\/wp-content\/uploads\/2013\/04\/lansare2-300x199.jpg 300w, https:\/\/www.marianagurza.ro\/blog\/wp-content\/uploads\/2013\/04\/lansare2-1024x681.jpg 1024w\" sizes=\"auto, (max-width: 300px) 100vw, 300px\" \/><\/a><\/p>\n","protected":false},"excerpt":{"rendered":"<p>\u00cen data de 23 Aprilie 2013,\u00a0 \u00een Sala festiv\u0103 a Parcului \u015etiin\u0163ific \u015fi Tehnologic TIM SCIENCE PARK, (Str. Dr. Aurel [&#038;hellip<\/p>\n","protected":false},"author":1,"featured_media":0,"comment_status":"closed","ping_status":"closed","sticky":false,"template":"","format":"standard","meta":{"footnotes":""},"categories":[3],"tags":[],"class_list":["post-12491","post","type-post","status-publish","format-standard","hentry","category-articole"],"_links":{"self":[{"href":"https:\/\/www.marianagurza.ro\/blog\/wp-json\/wp\/v2\/posts\/12491","targetHints":{"allow":["GET"]}}],"collection":[{"href":"https:\/\/www.marianagurza.ro\/blog\/wp-json\/wp\/v2\/posts"}],"about":[{"href":"https:\/\/www.marianagurza.ro\/blog\/wp-json\/wp\/v2\/types\/post"}],"author":[{"embeddable":true,"href":"https:\/\/www.marianagurza.ro\/blog\/wp-json\/wp\/v2\/users\/1"}],"replies":[{"embeddable":true,"href":"https:\/\/www.marianagurza.ro\/blog\/wp-json\/wp\/v2\/comments?post=12491"}],"version-history":[{"count":15,"href":"https:\/\/www.marianagurza.ro\/blog\/wp-json\/wp\/v2\/posts\/12491\/revisions"}],"predecessor-version":[{"id":12506,"href":"https:\/\/www.marianagurza.ro\/blog\/wp-json\/wp\/v2\/posts\/12491\/revisions\/12506"}],"wp:attachment":[{"href":"https:\/\/www.marianagurza.ro\/blog\/wp-json\/wp\/v2\/media?parent=12491"}],"wp:term":[{"taxonomy":"category","embeddable":true,"href":"https:\/\/www.marianagurza.ro\/blog\/wp-json\/wp\/v2\/categories?post=12491"},{"taxonomy":"post_tag","embeddable":true,"href":"https:\/\/www.marianagurza.ro\/blog\/wp-json\/wp\/v2\/tags?post=12491"}],"curies":[{"name":"wp","href":"https:\/\/api.w.org\/{rel}","templated":true}]}}