{"id":12524,"date":"2013-04-28T08:22:40","date_gmt":"2013-04-28T08:22:40","guid":{"rendered":"http:\/\/www.marianagurza.ro\/blog\/?p=12524"},"modified":"2013-04-28T08:22:40","modified_gmt":"2013-04-28T08:22:40","slug":"duminica-floriilor-%e2%80%93-intrarea-domnului-in-ierusalim","status":"publish","type":"post","link":"https:\/\/www.marianagurza.ro\/blog\/2013\/04\/28\/duminica-floriilor-%e2%80%93-intrarea-domnului-in-ierusalim\/","title":{"rendered":"Duminica Floriilor \u2013 Intrarea Domnului \u00een Ierusalim"},"content":{"rendered":"<p style=\"text-align: center;\"><a href=\"http:\/\/www.marianagurza.ro\/blog\/wp-content\/uploads\/2013\/04\/Duminica_Floriilor-222x3001.jpg\"><img loading=\"lazy\" decoding=\"async\" class=\"size-full wp-image-12525\" title=\"Duminica_Floriilor-222x300\" src=\"http:\/\/www.marianagurza.ro\/blog\/wp-content\/uploads\/2013\/04\/Duminica_Floriilor-222x3001.jpg\" alt=\"\" width=\"222\" height=\"300\" \/><\/a><\/p>\n<p style=\"text-align: center;\">\n<p style=\"text-align: justify;\"><strong>\u201cDeci, cu \u015fase zile \u00eenainte de Pa\u015fti, Iisus a venit \u00een Betania, unde era Laz\u0103r, pe care \u00eel \u00eenviase din mor\u0163i. \u015ei I-au f\u0103cut acolo cin\u0103 \u015fi Marta slujea. Iar Laz\u0103r era unul dintre cei ce \u015fedeau cu El la mas\u0103. Deci Maria, lu\u00e2nd o litr\u0103 cu mir de nard curat, de mare pre\u0163, a uns picioarele lui Iisus \u015fi le-a \u015fters cu p\u0103rul capului ei, iar casa s-a umplut de mirosul mirului. Iar Iuda Iscarioteanul, unul dintre ucenicii Lui, care avea s\u0103-L v\u00e2nd\u0103, a zis: Pentru ce nu s-a v\u00e2ndut mirul acesta cu trei sute de dinari \u015fi s\u0103-i fi dat s\u0103racilor? Dar el a zis aceasta, nu pentru c\u0103 \u00eei era grij\u0103 de s\u0103raci, ci pentru c\u0103 era fur \u015fi, av\u00e2nd punga, lua din ce se punea \u00een ea. A zis deci Iisus: Las-o, c\u0103 pentru ziua \u00eengrop\u0103rii Mele l-a p\u0103strat. C\u0103 pe s\u0103raci totdeauna \u00eei ave\u0163i cu voi, dar pe Mine nu M\u0103 ave\u0163i totdeauna. Deci mul\u0163ime mare de iudei au aflat c\u0103 este acolo \u015fi au venit nu numai pentru Iisus, ci s\u0103 vad\u0103 \u015fi pe Laz\u0103r pe care-l \u00eenviase din mor\u0163i. \u015ei s-au sf\u0103tuit arhiereii ca \u015fi pe Laz\u0103r s\u0103-l omoare. C\u0103ci, din cauza lui mul\u0163i dintre iudei mergeau \u015fi credeau \u00een Iisus. A doua zi, mul\u0163ime mult\u0103, care venise la s\u0103rb\u0103toare, auzind c\u0103 Iisus vine \u00een Ierusalim, Au luat ramuri de finic \u015fi au ie\u015fit \u00eentru \u00eent\u00e2mpinarea Lui \u015fi strigau: Osana! Binecuv\u00e2ntat este Cel ce vine \u00eentru numele Domnului, \u00cemp\u0103ratul lui Israel! \u015ei Iisus, g\u0103sind un asin t\u00e2n\u0103r, a \u015fezut pe el, precum este scris: \u201cNu te teme, fiica Sionului! Iat\u0103 \u00cemp\u0103ratul t\u0103u vine, \u015fez\u00e2nd pe m\u00e2nzul asinei\u201d. Acestea nu le-au \u00een\u0163eles ucenicii Lui la \u00eenceput, dar c\u00e2nd S-a preasl\u0103vit Iisus, atunci \u015fi-au adus aminte c\u0103 acestea I le-au f\u0103cut Lui. Deci da m\u0103rturie mul\u0163imea care era cu El, c\u00e2nd l-a strigat pe Laz\u0103r din morm\u00e2nt \u015fi l-a \u00eenviat din mor\u0163i. De aceea L-a \u015fi \u00eent\u00e2mpinat mul\u0163imea, pentru c\u0103 auzise c\u0103 El a f\u0103cut minunea aceasta. \u201c(Ev.\u00a0 Ioan 12, 1-18)<\/strong><\/p>\n","protected":false},"excerpt":{"rendered":"<p>\u201cDeci, cu \u015fase zile \u00eenainte de Pa\u015fti, Iisus a venit \u00een Betania, unde era Laz\u0103r, pe care \u00eel \u00eenviase din [&#038;hellip<\/p>\n","protected":false},"author":1,"featured_media":0,"comment_status":"closed","ping_status":"closed","sticky":false,"template":"","format":"standard","meta":{"footnotes":""},"categories":[3],"tags":[],"class_list":["post-12524","post","type-post","status-publish","format-standard","hentry","category-articole"],"_links":{"self":[{"href":"https:\/\/www.marianagurza.ro\/blog\/wp-json\/wp\/v2\/posts\/12524","targetHints":{"allow":["GET"]}}],"collection":[{"href":"https:\/\/www.marianagurza.ro\/blog\/wp-json\/wp\/v2\/posts"}],"about":[{"href":"https:\/\/www.marianagurza.ro\/blog\/wp-json\/wp\/v2\/types\/post"}],"author":[{"embeddable":true,"href":"https:\/\/www.marianagurza.ro\/blog\/wp-json\/wp\/v2\/users\/1"}],"replies":[{"embeddable":true,"href":"https:\/\/www.marianagurza.ro\/blog\/wp-json\/wp\/v2\/comments?post=12524"}],"version-history":[{"count":2,"href":"https:\/\/www.marianagurza.ro\/blog\/wp-json\/wp\/v2\/posts\/12524\/revisions"}],"predecessor-version":[{"id":12527,"href":"https:\/\/www.marianagurza.ro\/blog\/wp-json\/wp\/v2\/posts\/12524\/revisions\/12527"}],"wp:attachment":[{"href":"https:\/\/www.marianagurza.ro\/blog\/wp-json\/wp\/v2\/media?parent=12524"}],"wp:term":[{"taxonomy":"category","embeddable":true,"href":"https:\/\/www.marianagurza.ro\/blog\/wp-json\/wp\/v2\/categories?post=12524"},{"taxonomy":"post_tag","embeddable":true,"href":"https:\/\/www.marianagurza.ro\/blog\/wp-json\/wp\/v2\/tags?post=12524"}],"curies":[{"name":"wp","href":"https:\/\/api.w.org\/{rel}","templated":true}]}}