{"id":12555,"date":"2013-04-29T20:22:45","date_gmt":"2013-04-29T20:22:45","guid":{"rendered":"http:\/\/www.marianagurza.ro\/blog\/?p=12555"},"modified":"2013-04-29T20:22:45","modified_gmt":"2013-04-29T20:22:45","slug":"vasile-voiculescu-in-gradina-ghetsemani","status":"publish","type":"post","link":"https:\/\/www.marianagurza.ro\/blog\/2013\/04\/29\/vasile-voiculescu-in-gradina-ghetsemani\/","title":{"rendered":"Vasile Voiculescu &#8211; \u00cen Gr\u0103dina Ghetsemani"},"content":{"rendered":"<p style=\"text-align: center;\"><a href=\"http:\/\/www.marianagurza.ro\/blog\/wp-content\/uploads\/2013\/04\/gradina1.jpg\"><img loading=\"lazy\" decoding=\"async\" class=\"size-medium wp-image-12556\" title=\"gradina1\" src=\"http:\/\/www.marianagurza.ro\/blog\/wp-content\/uploads\/2013\/04\/gradina1-300x207.jpg\" alt=\"\" width=\"300\" height=\"207\" srcset=\"https:\/\/www.marianagurza.ro\/blog\/wp-content\/uploads\/2013\/04\/gradina1-300x207.jpg 300w, https:\/\/www.marianagurza.ro\/blog\/wp-content\/uploads\/2013\/04\/gradina1.jpg 400w\" sizes=\"auto, (max-width: 300px) 100vw, 300px\" \/><\/a><\/p>\n<p style=\"text-align: center;\">\n<p style=\"text-align: left;\">\n<p><strong>\u00a0\u00a0\u00a0\u00a0\u00a0\u00a0\u00a0\u00a0\u00a0\u00a0\u00a0\u00a0\u00a0 \u00cen Gr\u0103dina Ghetsemani<\/strong><\/p>\n<p><strong>\u00a0\u00a0\u00a0\u00a0\u00a0\u00a0\u00a0\u00a0\u00a0\u00a0\u00a0\u00a0\u00a0\u00a0\u00a0\u00a0\u00a0\u00a0\u00a0\u00a0\u00a0\u00a0\u00a0\u00a0\u00a0\u00a0\u00a0\u00a0\u00a0 de Vasile Voiculescu<\/strong><\/p>\n<p>&nbsp;<\/p>\n<p><span>Iisus lupta cu soarta \u015fi nu primea paharul&#8230;<br \/>\nC\u0103zut pe br\u00e2nci \u00een iarb\u0103, se-mpotrivea \u00eetruna.<br \/>\nCurgeau sudori de s\u00e2nge pe chipu-i alb ca varul<br \/>\n\u015ei-amarnica-i strigare st\u00e2rnea \u00een sl\u0103vi furtuna.<\/p>\n<p>O m\u00e2na nendurat\u0103, \u0163in\u00e2nd grozava cup\u0103,<br \/>\nSe coboar\u0103-miindu-l \u015fi i-o ducea la gur\u0103&#8230;<br \/>\n\u015ei-o sete uria\u015f\u0103 st\u0103 sufletul s\u0103-i rup\u0103&#8230;<br \/>\nDar nu voia s-ating\u0103 infama b\u0103utur\u0103.<\/p>\n<p>\u00cen apa ei verzuie jucau sterlici de miere<br \/>\n\u015ei sub veninul groaznic sim\u0163ea c\u0103 e dulcea\u0163\u0103&#8230;<br \/>\nDar f\u0103lcile-nclest\u00e2ndu-\u015fi, cu ultima putere<br \/>\nB\u0103t\u00e2ndu-se cu moartea, uitase de via\u0163\u0103!<\/p>\n<p>Deasupra f\u0103r\u0103 tihn\u0103, se fr\u0103m\u00e2ntau m\u0103slinii,<br \/>\nP\u0103reau c\u0103 vor s\u0103 fug\u0103 din loc, s\u0103 nu-l mai vad\u0103&#8230;<br \/>\nTreceau b\u0103t\u0103i de aripi prin vrai\u015ftea gr\u0103dinii<br \/>\n\u015ei uliii de sear\u0103 dau roate dupa prad\u0103.<\/span><\/p>\n","protected":false},"excerpt":{"rendered":"<p>\u00a0\u00a0\u00a0\u00a0\u00a0\u00a0\u00a0\u00a0\u00a0\u00a0\u00a0\u00a0\u00a0 \u00cen Gr\u0103dina Ghetsemani \u00a0\u00a0\u00a0\u00a0\u00a0\u00a0\u00a0\u00a0\u00a0\u00a0\u00a0\u00a0\u00a0\u00a0\u00a0\u00a0\u00a0\u00a0\u00a0\u00a0\u00a0\u00a0\u00a0\u00a0\u00a0\u00a0\u00a0\u00a0\u00a0 de Vasile Voiculescu &nbsp; Iisus lupta cu soarta \u015fi nu primea paharul&#8230; C\u0103zut pe br\u00e2nci [&#038;hellip<\/p>\n","protected":false},"author":1,"featured_media":0,"comment_status":"closed","ping_status":"closed","sticky":false,"template":"","format":"standard","meta":{"footnotes":""},"categories":[3],"tags":[],"class_list":["post-12555","post","type-post","status-publish","format-standard","hentry","category-articole"],"_links":{"self":[{"href":"https:\/\/www.marianagurza.ro\/blog\/wp-json\/wp\/v2\/posts\/12555","targetHints":{"allow":["GET"]}}],"collection":[{"href":"https:\/\/www.marianagurza.ro\/blog\/wp-json\/wp\/v2\/posts"}],"about":[{"href":"https:\/\/www.marianagurza.ro\/blog\/wp-json\/wp\/v2\/types\/post"}],"author":[{"embeddable":true,"href":"https:\/\/www.marianagurza.ro\/blog\/wp-json\/wp\/v2\/users\/1"}],"replies":[{"embeddable":true,"href":"https:\/\/www.marianagurza.ro\/blog\/wp-json\/wp\/v2\/comments?post=12555"}],"version-history":[{"count":2,"href":"https:\/\/www.marianagurza.ro\/blog\/wp-json\/wp\/v2\/posts\/12555\/revisions"}],"predecessor-version":[{"id":12558,"href":"https:\/\/www.marianagurza.ro\/blog\/wp-json\/wp\/v2\/posts\/12555\/revisions\/12558"}],"wp:attachment":[{"href":"https:\/\/www.marianagurza.ro\/blog\/wp-json\/wp\/v2\/media?parent=12555"}],"wp:term":[{"taxonomy":"category","embeddable":true,"href":"https:\/\/www.marianagurza.ro\/blog\/wp-json\/wp\/v2\/categories?post=12555"},{"taxonomy":"post_tag","embeddable":true,"href":"https:\/\/www.marianagurza.ro\/blog\/wp-json\/wp\/v2\/tags?post=12555"}],"curies":[{"name":"wp","href":"https:\/\/api.w.org\/{rel}","templated":true}]}}