{"id":12601,"date":"2013-05-11T21:19:59","date_gmt":"2013-05-11T21:19:59","guid":{"rendered":"http:\/\/www.marianagurza.ro\/blog\/?p=12601"},"modified":"2013-05-15T07:39:47","modified_gmt":"2013-05-15T07:39:47","slug":"omul-are-dimensiunile-intentiei-divine-centrul-si-sinteza-creatiunii-sale","status":"publish","type":"post","link":"https:\/\/www.marianagurza.ro\/blog\/2013\/05\/11\/omul-are-dimensiunile-intentiei-divine-centrul-si-sinteza-creatiunii-sale\/","title":{"rendered":",,Omul are dimensiunile inten\u0163iei divine: centrul \u015fi sinteza crea\u0163iunii Sale&#8221;"},"content":{"rendered":"<p style=\"text-align: justify;\"><a href=\"http:\/\/www.marianagurza.ro\/blog\/wp-content\/uploads\/2013\/05\/biserica-invierii.jpg\"><img loading=\"lazy\" decoding=\"async\" class=\"size-medium wp-image-12602 alignleft\" title=\"biserica-invierii\" src=\"http:\/\/www.marianagurza.ro\/blog\/wp-content\/uploads\/2013\/05\/biserica-invierii-231x300.jpg\" alt=\"\" width=\"231\" height=\"300\" srcset=\"https:\/\/www.marianagurza.ro\/blog\/wp-content\/uploads\/2013\/05\/biserica-invierii-231x300.jpg 231w, https:\/\/www.marianagurza.ro\/blog\/wp-content\/uploads\/2013\/05\/biserica-invierii-789x1024.jpg 789w, https:\/\/www.marianagurza.ro\/blog\/wp-content\/uploads\/2013\/05\/biserica-invierii.jpg 900w\" sizes=\"auto, (max-width: 231px) 100vw, 231px\" \/><\/a>Fiecare dintre noi viseaz\u0103\u00a0 ca m\u0103car odat\u0103 \u00een via\u0163\u0103 s\u0103 ajung\u0103 la Sf\u00e2ntul Morm\u00e2nt, \u00een locurile binecuv\u00e2ntate din \u0162ara Sf\u00e2nt\u0103.<\/p>\n<p style=\"text-align: justify;\">Dumnezeu mi-a r\u00e2nduit s\u0103 ajung \u015fi anul acesta pentru a treia oar\u0103, sper\u00e2nd s\u0103 primesc Sf\u00e2nta Lumin\u0103 a Invierii Domnului Iisus Hristos din Biserica Invierii.<\/p>\n<p style=\"text-align: justify;\">Pentru a descrie sentimentele ce m-au n\u0103p\u0103dit ar fi prea mult, p\u0103str\u00e2nd \u00eenc\u0103 sfin\u0163enia locului \u00een sufletul meu de umil pelerin. Sunt tr\u0103iri care nu pot fi descrise, le putem reg\u0103si poate prin file de pateric a celor ce s-au nevoit de veacuri prin acele locuri.<\/p>\n<p>&nbsp;<\/p>\n<p style=\"text-align: justify;\">M-a\u015f opri \u00eens\u0103 la atitudinea organelor de ordine fa\u0163\u0103 de cei veni\u0163i din zorii zilei, a\u015ftept\u00e2nd s\u0103 p\u0103trund\u0103 \u00een Cetate prin una din por\u0163i. Modul umilitor \u00een care am fost trata\u0163i m-a determinat s\u0103-mi pun mai multe \u00eentreb\u0103ri.<\/p>\n<p style=\"text-align: justify;\">De ce rom\u00e2nii sunt at\u00e2t de huli\u0163i ? \u00cembr\u00e2nceli, garduri de fier pentru a ne limita accesul, arogan\u0163\u0103 \u015fi injurii\u2026Din loc \u00een loc acele garduri pentru a ne determina s\u0103 ie\u015fim din cetate. Eram ca animalele \u00een \u0163arcuri\u2026<\/p>\n<p style=\"text-align: justify;\">Doar o parte din noi am reu\u015fit s\u0103 ne apropiem de Biserica \u00cenvierii. M-am num\u0103rat printre cei care au reu\u015fit s\u0103 ajung\u0103 undeva &#8220;\u00eentre cer \u015fi p\u0103m\u00e2nt&#8221;, pe o teras\u0103 amplasat\u0103 undeva, deasupra locului unde se a\u0219tepta Sf\u00e2nta Lumina \u00een Biserica Invierii, \u00eentr-un loc destinat cre\u015ftinilor greci. \u00cencerc\u00e2nd s\u0103 merg mai departe, am constatat, c\u0103, \u00een general se intra pe baza unei legitima\u0163ii gratuite din partea organizatorilor. Pentru rom\u00e2ni nu exista a\u015fa ceva\u2026Vina nu apar\u0163ine Biserici Ortodoxe Rom\u00e2ne&#8230;<\/p>\n<p style=\"text-align: justify;\"><a href=\"http:\/\/www.marianagurza.ro\/blog\/wp-content\/uploads\/2013\/05\/venirea-luminii.jpg\"><img loading=\"lazy\" decoding=\"async\" class=\"alignright size-full wp-image-12630\" title=\"venirea luminii\" src=\"http:\/\/www.marianagurza.ro\/blog\/wp-content\/uploads\/2013\/05\/venirea-luminii.jpg\" alt=\"\" width=\"275\" height=\"183\" \/><\/a>Tr\u0103iri unice \u015fi plin\u0103 de lumin\u0103&#8230; M-am trezit ie\u015find prin Biserica Invierii al\u0103turi de al\u0163i credincio\u015fi greci.<\/p>\n<p style=\"text-align: justify;\">Faptul c\u0103 Rom\u00e2nia nu \u00ee\u0219i are \u0219i ea locul ei printre celelalte biserici ortodoxe, \u00een incinta Sfintei Biserici, nu mi se pare drept. \u0162\u0103rile Rom\u00e2ne nu au putut r\u0103m\u00e2ne indiferente de-a lungul vremurilor c\u00e2nd se impunea p\u0103strarea Ortodoxiei la Morm\u00e2ntul Domnului Hristos. M\u0103rturia daniilor se regasesc \u00een Biserica \u00cenvierii, a\u0219a cum mii de pelerini rom\u00e2ni \u00ee\u0219i reg\u0103sesc pacea \u00een acel loc binecuv\u00e2ntat.<\/p>\n<p style=\"text-align: justify;\">,,Pe l\u00e2ng\u0103 ajutoarele \u00een bani \u015fi tot felul de danii, domnitorii rom\u00e2ni au \u00eenchinat Patriarhiei din Ierusalim venitul mai multor m\u0103n\u0103stiri din \u0163ar\u0103. Din venitul acestora Patriarhia din Ierusalim \u00eentre\u0163inea a\u015fez\u0103mintele ortodoxe de la Sfintele Locuri \u015fi achita d\u0103rile din ce \u00een ce mai mari impuse de c\u0103tre turci, sau de c\u0103tre al\u0163i st\u0103p\u00e2nitori ai vremilor.<br \/>\nDeseori domnitorii \u015fi ierarhii rom\u00e2ni organizau colecte pentru ajutorarea a\u015fez\u0103mintelor de la Locurile Sfinte sau ei \u00een\u015fi\u015fi f\u0103ceau dona\u0163ii considerabile. Amintim aici pe domnitorii Vasile Lupu, Matei Basarab, Constantin Br\u00e2ncoveanu, \u015fi al\u0163i binef\u0103c\u0103tori de neam rom\u00e2n, voievozi \u015fi domni\u0163e, boieri sau oameni \u00eenst\u0103ri\u0163i, care \u00een mod constant f\u0103ceau danii importante c\u0103tre a\u015fez\u0103mintele m\u0103n\u0103stire\u015fti de aici.\u015ei ast\u0103zi se mai pot vedea \u00een bisericile ortodoxe de la Sfintele Locuri \u015fi \u00een tezaurul Bisericii Sf\u00e2ntului Morm\u00e2nt diverse odoare pre\u0163ioase \u015fi acte de danie din partea acestora c\u0103tre Patriarhia din Ierusalim.Cu toate acestea, la acea vreme, Biserica Ortodox\u0103 Rom\u00e2n\u0103 nu avea \u00een \u0162ara Sf\u00e2nt\u0103 nici o a\u015fezare bisericeasc\u0103 proprie, \u015fi nici o alt\u0103 m\u0103n\u0103stire sau schit \u00een care s\u0103 se \u00eenal\u0163e rug\u0103ciuni \u015fi slujbe \u00een graiul credincio\u015filor rom\u00e2ni. Desigur c\u0103 \u015fi mijloacele vremii f\u0103ceau s\u0103 se ajung\u0103 destul de greu la Sfintele Locuri, \u015fi numai oamenii foarte boga\u0163i sau credincio\u015fi \u00ee\u015fi \u00eeng\u0103duiau o astfel de c\u0103l\u0103torie. Mul\u0163i dintre ei r\u0103m\u00e2neau acolo pentru totdeauna tr\u0103ind cu bucurie \u00een marile lavre duhovnice\u015fti de pe valea Iordanului sau de pe tot cuprinsul \u0162\u0103rii Sfinte.\u201d <a href=\"http:\/\/www.jerusalem.ro\/ierusalim_ist.htm\">http:\/\/www.jerusalem.ro\/ierusalim_ist.htm<\/a><\/p>\n<p style=\"text-align: center;\"><a href=\"http:\/\/www.marianagurza.ro\/blog\/wp-content\/uploads\/2013\/05\/IMG_0142.jpg\"><img loading=\"lazy\" decoding=\"async\" class=\"size-medium wp-image-12631\" title=\"IMG_0142\" src=\"http:\/\/www.marianagurza.ro\/blog\/wp-content\/uploads\/2013\/05\/IMG_0142-300x225.jpg\" alt=\"\" width=\"300\" height=\"225\" srcset=\"https:\/\/www.marianagurza.ro\/blog\/wp-content\/uploads\/2013\/05\/IMG_0142-300x225.jpg 300w, https:\/\/www.marianagurza.ro\/blog\/wp-content\/uploads\/2013\/05\/IMG_0142-1024x768.jpg 1024w\" sizes=\"auto, (max-width: 300px) 100vw, 300px\" \/><\/a><\/p>\n<p style=\"text-align: justify;\">\u015ei cu toate acestea, noi, nu suntem tolera\u0163i. Nu \u015ftiu s\u0103 avem un loc al nostru nici \u00een\u00a0 interiorul Cet\u0103\u0163ii. Am v\u0103zut lacrimi disperate, persoane \u00een c\u0103rucioare \u00eenl\u0103turate. B\u0103tr\u00e2ni ce se \u0163ineau de ziduri implor\u00e2nd s\u0103 poat\u0103 intra. Oare chiar ne-am dezumanizat \u00een urma acestei \u201cglobaliz\u0103ri\u201d ? Cred c\u0103 aceast\u0103 criza financiar\u0103 \u015fi moral\u0103, este un rezultat al acestei \u00a0globaliz\u0103ri paguboase, din punctual meu de vedere, \u015fi poate chiar o criz\u0103 ,,fabricat\u0103,, pentru a ne putea lua si aerul\u2026Uit\u0103 \u00eens\u0103 ace\u015fti domni scor\u0163o\u015fi, c\u0103, sunt rom\u00e2ni care \u015fi-au p\u0103strat demnitatea \u015fi credin\u0163a noastr\u0103 ne m\u00e2ntuie\u015fte, chiar dac\u0103 ajungem la jertf\u0103&#8230;<\/p>\n<p style=\"text-align: justify;\"><em>&#8220;<strong>Neamurile au un destin ascuns \u00een Dumnezeu&#8221; ! C\u00e2nd \u00ee\u015fi urmeaz\u0103 destinul, au ap\u0103rarea lui Dumnezeu. C\u00e2nd \u015fi-l tr\u0103deaz\u0103, s\u0103 se g\u0103teasc\u0103 de pedeaps\u0103 !<\/strong><\/em><\/p>\n<p style=\"text-align: justify;\"><strong><em>Faptul c\u0103 din partea Sa, Dumnezeu a f\u0103cut totul pentru om, p\u00e2na \u015fi jertfa Sa pe Cruce, dovede\u015fte c\u0103 omul are un pre\u0163 imens, necrezut de mare.\u201d<\/em><\/strong>Pr. Arsenie Boca<\/p>\n<p style=\"text-align: center;\"><a href=\"http:\/\/www.marianagurza.ro\/blog\/wp-content\/uploads\/2013\/05\/140593_golgota-locul-capatanii-0.jpg\"><img loading=\"lazy\" decoding=\"async\" class=\"size-medium wp-image-12725\" title=\"140593_golgota-locul-capatanii-0\" src=\"http:\/\/www.marianagurza.ro\/blog\/wp-content\/uploads\/2013\/05\/140593_golgota-locul-capatanii-0-207x300.jpg\" alt=\"\" width=\"207\" height=\"300\" srcset=\"https:\/\/www.marianagurza.ro\/blog\/wp-content\/uploads\/2013\/05\/140593_golgota-locul-capatanii-0-207x300.jpg 207w, https:\/\/www.marianagurza.ro\/blog\/wp-content\/uploads\/2013\/05\/140593_golgota-locul-capatanii-0.jpg 450w\" sizes=\"auto, (max-width: 207px) 100vw, 207px\" \/><\/a><\/p>\n<p style=\"text-align: center;\"><em><br \/>\n<\/em><\/p>\n<p style=\"text-align: justify;\">Revenind la globalizare, sunt multe mi\u015fc\u0103ri, viziunile fiind diferite.<em> \u201cSunt numai dou\u0103 probleme globale ale omenirii, energia \u015fi educa\u0163ia Energia e baza existen\u0163ei materiale iar educa\u0163ia a celei sociale. Ele trebuie rezovate. Restul sunt specula\u0163ii, afaceri!-Tetsuo Yoshiba-freelancer, despre libertatea g\u00e2ndirii, \u00een cartea lui Mircea B\u0103tr\u00e2nu ,,Nea Vasile \u015fi japonezul\u2019\u2019- 2009.<\/em><\/p>\n<p style=\"text-align: center;\"><a href=\"http:\/\/www.marianagurza.ro\/blog\/wp-content\/uploads\/2013\/05\/IMG_0168.jpg\"><img loading=\"lazy\" decoding=\"async\" class=\"size-medium wp-image-12680\" title=\"IMG_0168\" src=\"http:\/\/www.marianagurza.ro\/blog\/wp-content\/uploads\/2013\/05\/IMG_0168-300x225.jpg\" alt=\"\" width=\"300\" height=\"225\" srcset=\"https:\/\/www.marianagurza.ro\/blog\/wp-content\/uploads\/2013\/05\/IMG_0168-300x225.jpg 300w, https:\/\/www.marianagurza.ro\/blog\/wp-content\/uploads\/2013\/05\/IMG_0168-1024x768.jpg 1024w\" sizes=\"auto, (max-width: 300px) 100vw, 300px\" \/><\/a><\/p>\n<p style=\"text-align: justify;\">Profesorul de moral\u0103 \u015fi sociologie a cre\u015ftinismului de la Tesalonic, Georgios Mantzaridis, expune un punct de vedere foarte critic \u00een analiza fenomenului globalizarii care, \u00een opinia sa, nu este dec\u00eet <strong>o ideologie politic\u0103 promovat\u0103 de noua ordine mondial\u0103<\/strong>. Al\u0103turi de tendin\u0163a globalizant\u0103 \u00een care este angrenat\u0103 lumea contemporan\u0103 \u015fi provocat\u0103 de aceast\u0103 tendin\u0163\u0103, \u00ee\u015fi face sim\u0163ite efectele mi\u015fcarea de autolimitare promovat\u0103 de na\u0163ionalismele militante, ambele orient\u0103ri lu\u00e2nd adesea dimensiuni amenin\u0163\u0103toare. Trec\u00e2nd prin comunism, popoarele respective se \u00eentorc la fondul lor etnic, \u00een timp ce statele care nu au avut experien\u0163a interna\u0163ionalismului promoveaz\u0103 globalizarea. Ambele mi\u015fc\u0103ri arat\u0103 c\u0103 nu exist\u0103 sinceritate pentru adevarata universalitate nici de o parte, nici de cealalt\u0103. Totusi, Mantzaridis opteaz\u0103 pentru o atitudine critic\u0103 la adresa globalizarii care \u201c<strong>duce la transformarea popoarelor \u00een mase de indivizi, la nivelarea culturilor, la amestecul religiilor, la omogenizarea \u00eenf\u0103\u0163i\u015f\u0103rii \u015fi a comportamentului oamenilor, la americanizarea modului de viata<\/strong>\u201d.<\/p>\n<p style=\"text-align: center;\"><a href=\"http:\/\/www.marianagurza.ro\/blog\/wp-content\/uploads\/2013\/05\/IMG_0167.jpg\"><img loading=\"lazy\" decoding=\"async\" class=\"size-medium wp-image-12666\" title=\"IMG_0167\" src=\"http:\/\/www.marianagurza.ro\/blog\/wp-content\/uploads\/2013\/05\/IMG_0167-300x225.jpg\" alt=\"\" width=\"300\" height=\"225\" srcset=\"https:\/\/www.marianagurza.ro\/blog\/wp-content\/uploads\/2013\/05\/IMG_0167-300x225.jpg 300w, https:\/\/www.marianagurza.ro\/blog\/wp-content\/uploads\/2013\/05\/IMG_0167-1024x768.jpg 1024w\" sizes=\"auto, (max-width: 300px) 100vw, 300px\" \/><\/a><\/p>\n<p style=\"text-align: justify;\">Am legat acest eveniment cre\u0219tin, de\u00a0 globalizare, derutat\u0103 de atitudinea localnicilor fa\u021b\u0103 de pelerini. Nu este pentru prima daca c\u00e2nd \u00eemi exprim nemul\u021bumirea personal\u0103 privind ceea ce ni se preg\u0103te\u0219te. Nu a\u0219 putea renun\u021ba vreodat\u0103 la credin\u021ba mea primit\u0103 prin Sf\u00e2ntul Botez. A\u0219a cum afirmam odat\u0103, nu-mi doresc pierderea identit\u0103\u021bii, renun\u021barea la tradi\u021biile neamului meu iubitor de Hristos. \u021aara mea, a voastr\u0103, este unic\u0103. ,,Rugul aprins,, \u00eenc\u0103 ne mai arat\u0103 drumul de a fi mai aproape de Dumnezeu \u0219i Maica Domnului prin rug\u0103ciune. Avem o \u021bar\u0103 bogat\u0103 prin sfin\u021benia celor ce nu au renun\u021bat la credin\u021b\u0103 nici cu pre\u021bul vie\u021bii. Oare \u0219tim s\u0103 apreciem?<\/p>\n<p style=\"text-align: center;\">\u00a0<a href=\"http:\/\/www.marianagurza.ro\/blog\/wp-content\/uploads\/2013\/05\/david.jpg\"><img loading=\"lazy\" decoding=\"async\" class=\"size-full wp-image-12603\" title=\"david\" src=\"http:\/\/www.marianagurza.ro\/blog\/wp-content\/uploads\/2013\/05\/david.jpg\" alt=\"\" width=\"194\" height=\"259\" \/><\/a><\/p>\n<p style=\"text-align: center;\"><em><br \/>\n<\/em><\/p>\n<p style=\"text-align: justify;\">\u00cendrept\u00e2ndu-ne spre Muntele Sion, nume dat Cet\u0103\u0163ii lui David (nu este propriu-zis un munte, ci un platou mai \u00eenalt, situat \u00een partea de sud-vest a Ierusalimului Vechi), am \u00eent\u00e2lnit grupuri de tineri localnici \u00eentre 8-17 ani care \u00een engleza ne-au \u00eenjurat pe noi rom\u00e2nii\u00a0 \u015fi ne-au scuipat. Acesta este efectul educa\u0163iei \u00eentr-o lume ce se dore\u015fte globalizat\u0103? Am v\u0103zut at\u00e2ta ur\u0103 \u00een ochii acelor copii\u2026Ce le-au f\u0103cut rom\u00e2nii? Pentru ce sunt preg\u0103ti\u0163i \u00een uniformele lor frumoase? \u015ei a\u015fa am ajuns \u201crobii albi\u201d ai lumii&#8230;Ne conduc cum vor, suntem manipula\u0163i, ei fiind r\u0103sp\u00e2ndi\u0163i \u00een \u00eentreaga lume, ocup\u00e2nd posturi cheie. Suntem controla\u0163i \u015fi probabil \u00een mintea lor, acei tineri se v\u0103d viitorii conduc\u0103tori.<\/p>\n<p style=\"text-align: justify;\">Vorbesc de civiliza\u021bie, dar nu \u0219tiu s\u0103-\u0219i educe tineretul. Un popor ales, dar dominat de r\u0103u. Niciodat\u0103 noi nu am putea s\u0103 nu le respect\u0103m momentele de s\u0103rb\u0103toare. Ne-am \u00eenjosi s\u0103 nu avem puterea de a ne respecta aproapele&#8230;<\/p>\n<p style=\"text-align: justify;\">Poate ar trebui s\u0103 am un sentiment de mil\u0103 pentru acei tineri indoctrina\u021bi \u00een r\u0103u. Noi, cre\u0219tinii rom\u00e2ni ortodoc\u0219i \u0219tim sa ne iubim aproapele, avem puterea de a ierta, \u0219i chiar umilin\u021ba ne \u00eenal\u021b\u0103&#8230;Ei, nu vor putea cunoa\u0219te aceast\u0103 treapt\u0103 niciodat\u0103. Sfin\u021bii rom\u00e2ni ai \u00eenchisorilor nu vor r\u0103zbunare.<\/p>\n<p style=\"text-align: justify;\">Ei, acei localnici &#8230;se hr\u0103nesc din r\u0103zbunare \u0219i ur\u0103&#8230;educ\u00e2ndu-\u0219i pruncii eronat&#8230;S\u0103 aib\u0103 mil\u0103 Cel de Sus de sufletele nevinovate \u0219i pierdute.<\/p>\n<p style=\"text-align: justify;\">Am g\u0103sit o lume s\u0103rac\u0103 \u015fi o lume a celor ce \u015ftiu doar s\u0103 st\u0103p\u00e2neasc\u0103 av\u00e2nd talantul.<\/p>\n<p style=\"text-align: center;\">\u00a0<a href=\"http:\/\/www.marianagurza.ro\/blog\/wp-content\/uploads\/2013\/05\/SP_A2290.jpg\"><img loading=\"lazy\" decoding=\"async\" class=\"size-medium wp-image-12605\" title=\"SP_A2290\" src=\"http:\/\/www.marianagurza.ro\/blog\/wp-content\/uploads\/2013\/05\/SP_A2290-300x225.jpg\" alt=\"\" width=\"300\" height=\"225\" srcset=\"https:\/\/www.marianagurza.ro\/blog\/wp-content\/uploads\/2013\/05\/SP_A2290-300x225.jpg 300w, https:\/\/www.marianagurza.ro\/blog\/wp-content\/uploads\/2013\/05\/SP_A2290-1024x768.jpg 1024w, https:\/\/www.marianagurza.ro\/blog\/wp-content\/uploads\/2013\/05\/SP_A2290.jpg 1152w\" sizes=\"auto, (max-width: 300px) 100vw, 300px\" \/><\/a><\/p>\n<p style=\"text-align: justify;\">Ironiile nu s-au oprit aici\u2026Urc\u00e2nd spre M\u0103n\u0103stirea Sf\u00e2ntul Gheorghe Hozevitul din Pustiul Iudeii, beduinii ne-au \u00eent\u00e2mpinat \u00eentreb\u00e2nd-ne cu cine dorim s\u0103 c\u0103l\u0103torim cu B\u0103sescu, Obama sau Udrea\u2026a\u015fa au fost numiti asinii ce urcau pelerinii pe munte\u2026<\/p>\n<p style=\"text-align: justify;\">Nu doresc s\u0103 aduc atingere nim\u0103nui. Iubesc Ierusalimul \u015fi acest drum m-a schimbat, devenind mai iubitoare, mai \u00eeng\u0103duitoare, plin\u0103 de o pace sacr\u0103. Dar rom\u00e2nismul din mine nu m-a l\u0103sat s\u0103 trec cu vederea umilin\u0163a noastr\u0103, a Neamului Rom\u00e2nesc. Am cunoscut evrei remarcabili, \u015fi \u015ftiu c\u0103-n \u0163ara mea se bucur\u0103 de pretuire. \u00cei sperie oare faptul c\u0103 p\u0103m\u00e2ntul \u0163\u0103rii mele ar putea s\u0103 fie un alt Ierusalim? Nu le ajunge c\u0103 ne conduc? La noi sunt bine veni\u0163i, au toate privilegiile din lume\u2026si pentru toate astea merit\u0103m s\u0103 fim scuipa\u0163i? Noi nu am furat nimic din \u0163ara lor, dar cineva de-al lor \u00een ziua plec\u0103rii noastre,\u00a0 furase borseta unui pelerin\u2026<\/p>\n<p style=\"text-align: center;\"><a href=\"http:\/\/www.marianagurza.ro\/blog\/wp-content\/uploads\/2013\/05\/golgota_03.jpg\"><img loading=\"lazy\" decoding=\"async\" class=\"size-medium wp-image-12726\" title=\"golgota_03\" src=\"http:\/\/www.marianagurza.ro\/blog\/wp-content\/uploads\/2013\/05\/golgota_03-205x300.jpg\" alt=\"\" width=\"205\" height=\"300\" srcset=\"https:\/\/www.marianagurza.ro\/blog\/wp-content\/uploads\/2013\/05\/golgota_03-205x300.jpg 205w, https:\/\/www.marianagurza.ro\/blog\/wp-content\/uploads\/2013\/05\/golgota_03.jpg 299w\" sizes=\"auto, (max-width: 205px) 100vw, 205px\" \/><\/a><\/p>\n<p style=\"text-align: justify;\"><strong>,,<em>Omul are dimensiunile inten\u0163iei divine: centrul \u015fi sinteza crea\u0163iunii Sale: lumea v\u0103zut\u0103 \u00eembinat\u0103 cu lumea nevazut\u0103. Iat\u0103 de ce suntem datori a vie\u0163ui potrivit acestei inten\u0163ii divine; adic\u0103 s\u0103 traim deodat\u0103, \u015fi ca persoane v\u0103zute, \u015fi ca persoane nev\u0103zute, c\u0103ci omul are valoarea ar\u0103tat\u0103 de jertfa de pe Cruce.<\/em><\/strong><\/p>\n<p style=\"text-align: justify;\"><strong><em>C\u00e2nd omul tr\u0103ie\u015fte \u00een adev\u0103rata lui valoare, e subiect de istorie, pe c\u00e2nd, dac\u0103 renun\u0163\u0103 la dimensiunile sale divine, ajunge obiect de istorie, \u00een r\u00e2nd cu oricare dintre obiecte, nu mai poart\u0103 un nume, ci poart\u0103 un num\u0103r.<\/em><\/strong><\/p>\n<p style=\"text-align: justify;\"><strong><em>Deci, ce poate s\u0103 \u00eensemneze cobor\u00e2rea omului la simpl\u0103 valoare economic\u0103, dec\u00e2t o degradare a lui \u00een r\u00e2ndul vitelor, care se vor s\u0103lbatici \u00eentreolalt\u0103 \u015fi-\u015fi vor \u00eempinge conduc\u0103torii p\u00e2n\u0103 la marginile nebuniei ?<\/em><\/strong><\/p>\n<p style=\"text-align: justify;\"><strong><em>Asta \u00eenseamn\u0103 treaba unuia, care ar \u00eencovoia crinii \u00een gunoi, pre\u0163uind mai mult gunoiul dec\u00e2t mirosul crinului.<\/em><\/strong><\/p>\n<p style=\"text-align: justify;\"><strong><em>Pentru o alunecare a omului de la nume la num\u0103r, au s\u0103 dea seama to\u0163i \u00eenzestra\u0163ii lui Dumnezeu, cei cu daruri, cu r\u0103spunderi, cu m\u0103riri, cu puteri \u015fi cu tot felul de haruri<\/em>.&#8221;<\/strong>Pr. Arsenie Boca<\/p>\n<p>Hristos a \u00cenviat<\/p>\n<p style=\"text-align: center;\"><a href=\"http:\/\/www.marianagurza.ro\/blog\/wp-content\/uploads\/2013\/05\/invierea-domnului.jpg\"><img loading=\"lazy\" decoding=\"async\" class=\"size-medium wp-image-12727\" title=\"invierea-domnului\" src=\"http:\/\/www.marianagurza.ro\/blog\/wp-content\/uploads\/2013\/05\/invierea-domnului-211x300.jpg\" alt=\"\" width=\"211\" height=\"300\" srcset=\"https:\/\/www.marianagurza.ro\/blog\/wp-content\/uploads\/2013\/05\/invierea-domnului-211x300.jpg 211w, https:\/\/www.marianagurza.ro\/blog\/wp-content\/uploads\/2013\/05\/invierea-domnului.jpg 700w\" sizes=\"auto, (max-width: 211px) 100vw, 211px\" \/><\/a><\/p>\n<p style=\"text-align: center;\"><em><br \/>\n<\/em><\/p>\n<p style=\"text-align: left;\">Mariana Gurza<\/p>\n<p style=\"text-align: left;\">11 mai 2013<\/p>\n","protected":false},"excerpt":{"rendered":"<p>Fiecare dintre noi viseaz\u0103\u00a0 ca m\u0103car odat\u0103 \u00een via\u0163\u0103 s\u0103 ajung\u0103 la Sf\u00e2ntul Morm\u00e2nt, \u00een locurile binecuv\u00e2ntate din \u0162ara Sf\u00e2nt\u0103. [&#038;hellip<\/p>\n","protected":false},"author":1,"featured_media":0,"comment_status":"closed","ping_status":"closed","sticky":false,"template":"","format":"standard","meta":{"footnotes":""},"categories":[3],"tags":[],"class_list":["post-12601","post","type-post","status-publish","format-standard","hentry","category-articole"],"_links":{"self":[{"href":"https:\/\/www.marianagurza.ro\/blog\/wp-json\/wp\/v2\/posts\/12601","targetHints":{"allow":["GET"]}}],"collection":[{"href":"https:\/\/www.marianagurza.ro\/blog\/wp-json\/wp\/v2\/posts"}],"about":[{"href":"https:\/\/www.marianagurza.ro\/blog\/wp-json\/wp\/v2\/types\/post"}],"author":[{"embeddable":true,"href":"https:\/\/www.marianagurza.ro\/blog\/wp-json\/wp\/v2\/users\/1"}],"replies":[{"embeddable":true,"href":"https:\/\/www.marianagurza.ro\/blog\/wp-json\/wp\/v2\/comments?post=12601"}],"version-history":[{"count":23,"href":"https:\/\/www.marianagurza.ro\/blog\/wp-json\/wp\/v2\/posts\/12601\/revisions"}],"predecessor-version":[{"id":12607,"href":"https:\/\/www.marianagurza.ro\/blog\/wp-json\/wp\/v2\/posts\/12601\/revisions\/12607"}],"wp:attachment":[{"href":"https:\/\/www.marianagurza.ro\/blog\/wp-json\/wp\/v2\/media?parent=12601"}],"wp:term":[{"taxonomy":"category","embeddable":true,"href":"https:\/\/www.marianagurza.ro\/blog\/wp-json\/wp\/v2\/categories?post=12601"},{"taxonomy":"post_tag","embeddable":true,"href":"https:\/\/www.marianagurza.ro\/blog\/wp-json\/wp\/v2\/tags?post=12601"}],"curies":[{"name":"wp","href":"https:\/\/api.w.org\/{rel}","templated":true}]}}