{"id":12692,"date":"2013-05-14T10:59:34","date_gmt":"2013-05-14T10:59:34","guid":{"rendered":"http:\/\/www.marianagurza.ro\/blog\/?p=12692"},"modified":"2013-05-14T11:02:00","modified_gmt":"2013-05-14T11:02:00","slug":"frate-draga-de-valeriu-gafencu","status":"publish","type":"post","link":"https:\/\/www.marianagurza.ro\/blog\/2013\/05\/14\/frate-draga-de-valeriu-gafencu\/","title":{"rendered":"Frate drag\u00e3 de Valeriu Gafencu"},"content":{"rendered":"<p style=\"text-align: center;\"><a href=\"http:\/\/www.marianagurza.ro\/blog\/wp-content\/uploads\/2013\/05\/Sf-Valeriu-Gafencu-Zeghe.jpg\">\u00a0<img loading=\"lazy\" decoding=\"async\" class=\"size-medium wp-image-12693\" title=\"Sf Valeriu Gafencu Zeghe\" src=\"http:\/\/www.marianagurza.ro\/blog\/wp-content\/uploads\/2013\/05\/Sf-Valeriu-Gafencu-Zeghe-212x300.jpg\" alt=\"\" width=\"212\" height=\"300\" srcset=\"https:\/\/www.marianagurza.ro\/blog\/wp-content\/uploads\/2013\/05\/Sf-Valeriu-Gafencu-Zeghe-212x300.jpg 212w, https:\/\/www.marianagurza.ro\/blog\/wp-content\/uploads\/2013\/05\/Sf-Valeriu-Gafencu-Zeghe.jpg 283w\" sizes=\"auto, (max-width: 212px) 100vw, 212px\" \/><\/a><\/p>\n<p style=\"text-align: left;\"><strong>\u00a0\u00a0\u00a0\u00a0\u00a0\u00a0\u00a0\u00a0\u00a0 Frate drag\u00e3<\/strong><\/p>\n<p style=\"text-align: left;\">\nde Valeriu Gafencu<\/p>\n<p>&nbsp;<\/p>\n<p>Frate drag\u00e3, din gr\u00e3din\u00e3,<br \/>\n\u00ceti trimit \u00een dar un crin,<br \/>\nS\u00e3-ti m\u00e2ng\u00e2ie lin privirea,<br \/>\nCu vesm\u00e2ntul lui divin.<\/p>\n<p>Floare drag\u00e3, floare dalb\u00e3,<br \/>\nC\u00e2t de mult as vrea si eu,<br \/>\n\u00cembr\u00e3cat \u00een hain\u00e3 alb\u00e3,<br \/>\nS\u00e3 m\u00e3 duc la Dumnezeu.<\/p>\n<p>R\u00e3s\u00e3dit acolo sus,<br \/>\n\u00cen gr\u00e3dina minunat\u00e3,<br \/>\nS\u00e3-mi simt viata&#8217;mb\u00e3ls\u00e3mat\u00e3,<br \/>\nCu iubirea lui Iisus.<\/p>\n<p>Pl\u00e2ng \u00een\u00e3busit \u00een noapte<br \/>\nSi suspin cu glasul stins,<br \/>\nD\u00e3-mi vesm\u00e2ntul alb de nunt\u00e3,<br \/>\nCu crini minunati \u00eencins.<\/p>\n","protected":false},"excerpt":{"rendered":"<p>\u00a0 \u00a0\u00a0\u00a0\u00a0\u00a0\u00a0\u00a0\u00a0\u00a0 Frate drag\u00e3 de Valeriu Gafencu &nbsp; Frate drag\u00e3, din gr\u00e3din\u00e3, \u00ceti trimit \u00een dar un crin, S\u00e3-ti m\u00e2ng\u00e2ie [&#038;hellip<\/p>\n","protected":false},"author":1,"featured_media":0,"comment_status":"closed","ping_status":"closed","sticky":false,"template":"","format":"standard","meta":{"footnotes":""},"categories":[3],"tags":[],"class_list":["post-12692","post","type-post","status-publish","format-standard","hentry","category-articole"],"_links":{"self":[{"href":"https:\/\/www.marianagurza.ro\/blog\/wp-json\/wp\/v2\/posts\/12692","targetHints":{"allow":["GET"]}}],"collection":[{"href":"https:\/\/www.marianagurza.ro\/blog\/wp-json\/wp\/v2\/posts"}],"about":[{"href":"https:\/\/www.marianagurza.ro\/blog\/wp-json\/wp\/v2\/types\/post"}],"author":[{"embeddable":true,"href":"https:\/\/www.marianagurza.ro\/blog\/wp-json\/wp\/v2\/users\/1"}],"replies":[{"embeddable":true,"href":"https:\/\/www.marianagurza.ro\/blog\/wp-json\/wp\/v2\/comments?post=12692"}],"version-history":[{"count":4,"href":"https:\/\/www.marianagurza.ro\/blog\/wp-json\/wp\/v2\/posts\/12692\/revisions"}],"predecessor-version":[{"id":12695,"href":"https:\/\/www.marianagurza.ro\/blog\/wp-json\/wp\/v2\/posts\/12692\/revisions\/12695"}],"wp:attachment":[{"href":"https:\/\/www.marianagurza.ro\/blog\/wp-json\/wp\/v2\/media?parent=12692"}],"wp:term":[{"taxonomy":"category","embeddable":true,"href":"https:\/\/www.marianagurza.ro\/blog\/wp-json\/wp\/v2\/categories?post=12692"},{"taxonomy":"post_tag","embeddable":true,"href":"https:\/\/www.marianagurza.ro\/blog\/wp-json\/wp\/v2\/tags?post=12692"}],"curies":[{"name":"wp","href":"https:\/\/api.w.org\/{rel}","templated":true}]}}