{"id":12928,"date":"2013-05-26T11:13:11","date_gmt":"2013-05-26T11:13:11","guid":{"rendered":"http:\/\/www.marianagurza.ro\/blog\/?p=12928"},"modified":"2013-05-26T11:27:07","modified_gmt":"2013-05-26T11:27:07","slug":"victor-roncea-ips-teofan-l-a-vizitat-pe-parintele-justin-parvu-si-a-savarsit-taina-sfantului-maslu","status":"publish","type":"post","link":"https:\/\/www.marianagurza.ro\/blog\/2013\/05\/26\/victor-roncea-ips-teofan-l-a-vizitat-pe-parintele-justin-parvu-si-a-savarsit-taina-sfantului-maslu\/","title":{"rendered":"Victor Roncea: &#8220;IPS Teofan l-a vizitat pe P\u0103rintele Justin P\u00e2rvu \u0219i a s\u0103v\u00e2r\u0219it taina Sf\u00e2ntului Maslu&#8230;&#8221;"},"content":{"rendered":"<p style=\"text-align: center;\"><a href=\"http:\/\/www.marianagurza.ro\/blog\/wp-content\/uploads\/2013\/05\/Mitropolitul-Teofan-la-Taina-Sf\u00eentului-Maslu-la-M\u0103n\u0103stirea-Paltin-Vineri-24-Mai-2013.jpg\"><img loading=\"lazy\" decoding=\"async\" class=\"size-medium wp-image-12929\" title=\"Mitropolitul-Teofan-la-Taina-Sf\u00eentului-Maslu-la-M\u0103n\u0103stirea-Paltin-Vineri-24-Mai-2013\" src=\"http:\/\/www.marianagurza.ro\/blog\/wp-content\/uploads\/2013\/05\/Mitropolitul-Teofan-la-Taina-Sf\u00eentului-Maslu-la-M\u0103n\u0103stirea-Paltin-Vineri-24-Mai-2013-300x200.jpg\" alt=\"\" width=\"300\" height=\"200\" srcset=\"https:\/\/www.marianagurza.ro\/blog\/wp-content\/uploads\/2013\/05\/Mitropolitul-Teofan-la-Taina-Sf\u00eentului-Maslu-la-M\u0103n\u0103stirea-Paltin-Vineri-24-Mai-2013-300x200.jpg 300w, https:\/\/www.marianagurza.ro\/blog\/wp-content\/uploads\/2013\/05\/Mitropolitul-Teofan-la-Taina-Sf\u00eentului-Maslu-la-M\u0103n\u0103stirea-Paltin-Vineri-24-Mai-2013.jpg 800w\" sizes=\"auto, (max-width: 300px) 100vw, 300px\" \/><\/a><\/p>\n<p style=\"text-align: center;\" align=\"center\"><strong>Hristos a \u00eenviat!<\/strong><\/p>\n<p><strong>Actualizare 2 (Joi, 23 Mai 2013, ora 17):<br \/>\n<\/strong><\/p>\n<p style=\"text-align: justify;\">P\u0103rintele Arhimandrit Justin P\u00e2rvu se simte ast\u0103zi mai bine dec\u00eet ieri \u015fi a\u015ftept\u0103m semnele medicale ale unei schimb\u0103ri majore \u00een bine, continu\u00eendu-se tratamentul de terapie intensiv\u0103 \u015fi de recuperare. Ast\u0103zi a m\u00eencat pu\u0163in; sfin\u0163ia sa este lini\u015ftit \u015fi s-a odihnit mai bine dec\u00eet zilele trecute.<\/p>\n<p style=\"text-align: justify;\">Pe cei care doresc s\u0103-l vad\u0103 s\u0103n\u0103tos pe P\u0103rintele Justin \u00eei chem\u0103m s\u0103 fie al\u0103turi de noi la Taina Sf\u00eentului Maslu, s\u0103v\u00eer\u015fit\u0103 \u00een fiecare zi \u00een ambele m\u0103n\u0103stiri de un sobor de preo\u0163i, \u015fi \u00eei rug\u0103m s\u0103 aibe credin\u0163\u0103 c\u0103 dragostea lor trece \u015fi prin u\u015file \u00eencuiate, ce se vor deschide de \u00eendat\u0103 ce Dumnezeu \u00eel va \u00eent\u0103ri \u015fi \u00eel va t\u0103m\u0103dui pe p\u0103rintele nostru duhovnic. Amin.<\/p>\n<p style=\"text-align: center;\"><a href=\"http:\/\/www.marianagurza.ro\/blog\/wp-content\/uploads\/2013\/05\/Mitropolitul-Teofan-ungind-cu-untdelemn-maicile-si-credinciosii-prezenti-la-taina-Sfintului-Maslu-la-Manastirea-Paltin-Petru-Voda-vineri-24-mai-2013.jpg\"><img loading=\"lazy\" decoding=\"async\" class=\"size-medium wp-image-12932\" title=\"Mitropolitul-Teofan-ungind-cu-untdelemn-maicile-si-credinciosii-prezenti-la-taina-Sfintului-Maslu-la-Manastirea-Paltin-Petru-Voda-vineri-24-mai-2013\" src=\"http:\/\/www.marianagurza.ro\/blog\/wp-content\/uploads\/2013\/05\/Mitropolitul-Teofan-ungind-cu-untdelemn-maicile-si-credinciosii-prezenti-la-taina-Sfintului-Maslu-la-Manastirea-Paltin-Petru-Voda-vineri-24-mai-2013-300x200.jpg\" alt=\"\" width=\"300\" height=\"200\" srcset=\"https:\/\/www.marianagurza.ro\/blog\/wp-content\/uploads\/2013\/05\/Mitropolitul-Teofan-ungind-cu-untdelemn-maicile-si-credinciosii-prezenti-la-taina-Sfintului-Maslu-la-Manastirea-Paltin-Petru-Voda-vineri-24-mai-2013-300x200.jpg 300w, https:\/\/www.marianagurza.ro\/blog\/wp-content\/uploads\/2013\/05\/Mitropolitul-Teofan-ungind-cu-untdelemn-maicile-si-credinciosii-prezenti-la-taina-Sfintului-Maslu-la-Manastirea-Paltin-Petru-Voda-vineri-24-mai-2013.jpg 652w\" sizes=\"auto, (max-width: 300px) 100vw, 300px\" \/><\/a><\/p>\n<p><strong>Actualizare 3 (Vineri, 24 Mai 2013, ora 23:00):<\/strong><\/p>\n<p style=\"text-align: justify;\">Ast\u0103zi diminea\u0163\u0103, \u00een jurul orei 11, ob\u015ftea de c\u0103lug\u0103ri a M\u0103n\u0103stirii Petru Vod\u0103 a fost primit\u0103 de p\u0103rintele stare\u0163, care, de\u015fi sl\u0103bit, s-a bucurat s\u0103 \u00eei vad\u0103 pe ucenicii s\u0103i. \u00cencep\u00eend cu ora 17, <strong>\u00cenalt Prea Sfin\u0163itul Mitropolit Teofan al Moldovei<\/strong>, sosit la M\u0103n\u0103stirea Paltin, a s\u0103v\u00eer\u015fit Taina Sf\u00eentului Maslu \u00eempreun\u0103 cu c\u00ee\u0163iva preo\u0163i \u015fi diaconi, pentru P\u0103rintele Arhimandrit Justin P\u00e2rvu. La sf\u00eer\u015fit a \u0163inut un scurt cuv\u00eent de \u00eemb\u0103rb\u0103tare pentru maicile \u015fi mirenii care erau de fa\u0163\u0103.<\/p>\n<p style=\"text-align: justify;\">Starea s\u0103n\u0103t\u0103\u0163ii p\u0103rintelui este stabil\u0103; nu s\u00eent schimb\u0103ri majore. \u00cen ambele noastre m\u0103n\u0103stiri se s\u0103v\u00eer\u015fe\u015fte zilnic Taina Sf\u00eentului Maslu; to\u0163i cei ce vor s\u0103 ni se al\u0103ture \u00een rug\u0103ciune s\u00eent bineveni\u0163i, at\u00eet clerici \u015fi monahi, c\u00eet \u015fi mireni, \u015ftiut fiind c\u0103 adev\u0103rat \u015fi prea-adev\u0103rat este cuv\u00eentul Domnului nostru Iisus Hristos care zice \u201cAmin gr\u0103iesc vou\u0103, c\u0103 dac\u0103 doi din voi se vor uni pe p\u0103m\u00eent pentru tot lucrul ce vor cere, va fi lor de la Tat\u0103l Meu care este \u00een ceruri\u201d (Matthei 18:19).<\/p>\n<p style=\"text-align: justify;\">Surse: <a href=\"http:\/\/petruvoda.ro\/2013\/05\/22\/pentru-adevar-starea-sanatatii-parintelui-justin-parvu-este-stabila\/\">Petru Voda Ro<\/a> si <a href=\"http:\/\/www.doxologia.ro\/actualitate\/arhiepiscopia-iasilor\/inaltpreasfintitul-parinte-teofan-slujit-taina-sfantului-maslu\">Doxologia<\/a><\/p>\n<p>Mai multe imagini foto si video la <a title=\"Pentru adev\u0103r: starea s\u0103n\u0103t\u0103\u0163ii P\u0103rintelui Justin P\u00e2rvu este stabil\u0103\" href=\"http:\/\/petruvoda.ro\/2013\/05\/22\/pentru-adevar-starea-sanatatii-parintelui-justin-parvu-este-stabila\/\">Pentru adev\u0103r: starea s\u0103n\u0103t\u0103\u0163ii P\u0103rintelui Justin P\u00e2rvu este stabil\u0103<\/a><\/p>\n<p>Sursa: <a href=\"http:\/\/roncea.ro\/\" target=\"_blank\">Victor Roncea<\/a><\/p>\n","protected":false},"excerpt":{"rendered":"<p>Hristos a \u00eenviat! Actualizare 2 (Joi, 23 Mai 2013, ora 17): P\u0103rintele Arhimandrit Justin P\u00e2rvu se simte ast\u0103zi mai bine [&#038;hellip<\/p>\n","protected":false},"author":1,"featured_media":0,"comment_status":"closed","ping_status":"closed","sticky":false,"template":"","format":"standard","meta":{"footnotes":""},"categories":[3,6],"tags":[],"class_list":["post-12928","post","type-post","status-publish","format-standard","hentry","category-articole","category-linkuri-externe"],"_links":{"self":[{"href":"https:\/\/www.marianagurza.ro\/blog\/wp-json\/wp\/v2\/posts\/12928","targetHints":{"allow":["GET"]}}],"collection":[{"href":"https:\/\/www.marianagurza.ro\/blog\/wp-json\/wp\/v2\/posts"}],"about":[{"href":"https:\/\/www.marianagurza.ro\/blog\/wp-json\/wp\/v2\/types\/post"}],"author":[{"embeddable":true,"href":"https:\/\/www.marianagurza.ro\/blog\/wp-json\/wp\/v2\/users\/1"}],"replies":[{"embeddable":true,"href":"https:\/\/www.marianagurza.ro\/blog\/wp-json\/wp\/v2\/comments?post=12928"}],"version-history":[{"count":4,"href":"https:\/\/www.marianagurza.ro\/blog\/wp-json\/wp\/v2\/posts\/12928\/revisions"}],"predecessor-version":[{"id":12931,"href":"https:\/\/www.marianagurza.ro\/blog\/wp-json\/wp\/v2\/posts\/12928\/revisions\/12931"}],"wp:attachment":[{"href":"https:\/\/www.marianagurza.ro\/blog\/wp-json\/wp\/v2\/media?parent=12928"}],"wp:term":[{"taxonomy":"category","embeddable":true,"href":"https:\/\/www.marianagurza.ro\/blog\/wp-json\/wp\/v2\/categories?post=12928"},{"taxonomy":"post_tag","embeddable":true,"href":"https:\/\/www.marianagurza.ro\/blog\/wp-json\/wp\/v2\/tags?post=12928"}],"curies":[{"name":"wp","href":"https:\/\/api.w.org\/{rel}","templated":true}]}}