{"id":12999,"date":"2013-05-27T07:17:16","date_gmt":"2013-05-27T07:17:16","guid":{"rendered":"http:\/\/www.marianagurza.ro\/blog\/?p=12999"},"modified":"2013-05-27T07:17:16","modified_gmt":"2013-05-27T07:17:16","slug":"iuliana-paloda-popescu-poeme-crestine","status":"publish","type":"post","link":"https:\/\/www.marianagurza.ro\/blog\/2013\/05\/27\/iuliana-paloda-popescu-poeme-crestine\/","title":{"rendered":"Iuliana Paloda-Popescu: Poeme cre\u0219tine"},"content":{"rendered":"<p style=\"text-align: center;\"><a href=\"http:\/\/www.marianagurza.ro\/blog\/wp-content\/uploads\/2013\/05\/iuliana-popescu1.jpg\"><img loading=\"lazy\" decoding=\"async\" class=\"size-medium wp-image-13000\" title=\"iuliana popescu\" src=\"http:\/\/www.marianagurza.ro\/blog\/wp-content\/uploads\/2013\/05\/iuliana-popescu1-249x300.jpg\" alt=\"\" width=\"249\" height=\"300\" srcset=\"https:\/\/www.marianagurza.ro\/blog\/wp-content\/uploads\/2013\/05\/iuliana-popescu1-249x300.jpg 249w, https:\/\/www.marianagurza.ro\/blog\/wp-content\/uploads\/2013\/05\/iuliana-popescu1.jpg 798w\" sizes=\"auto, (max-width: 249px) 100vw, 249px\" \/><\/a><\/p>\n<p style=\"text-align: center;\">\n<p><strong>\u00cengerul<\/strong><\/p>\n<p><strong>\u00a0<\/strong><\/p>\n<p>&nbsp;<\/p>\n<p>Scriu poeme cu \u00cengeri<\/p>\n<p>pe care nu le mai cite\u015fte nimeni &#8211;<\/p>\n<p>alfabetul e vechi, m\u00e2na e singur\u0103,<\/p>\n<p>prea \u00eenceat\u0103,<\/p>\n<p>parc\u0103 nimeni n-ar vrea s\u0103 mai \u015ftie<\/p>\n<p>lumina dint\u00e2i, necreat\u0103.<\/p>\n<p>&nbsp;<\/p>\n<p>Numai \u00cengerul<\/p>\n<p>se a\u015feaz\u0103 l\u00e2ng\u0103 um\u0103rul meu<\/p>\n<p>\u015fi \u00eemi aprinde inima<\/p>\n<p>Doamne, \u00eemi spun &#8211; e un semn &#8211;<\/p>\n<p>parc\u0103-ar ninge din vis,<\/p>\n<p>parc\u0103-aievea am fi, ne-am roti,<\/p>\n<p>spre-a ne pierde t\u00e2rziu,<\/p>\n<p>lumina\u0163i \u00eentr-un c\u00e2ntec!&#8230;<\/p>\n<p>&nbsp;<\/p>\n<p>&nbsp;<\/p>\n<p><strong>M\u0103-nchin Luminii<\/strong><\/p>\n<p><strong>\u00a0<\/strong><\/p>\n<p><strong>\u00a0<\/strong><\/p>\n<p>Manuel, zorile sunt departe,<\/p>\n<p>suflete stinse pleac\u0103 pe nori,<\/p>\n<p>\u00cengerii num\u0103r\u0103 zilele toate<\/p>\n<p>\u00eenchise-n tain\u0103 pe sub comori!&#8230;<\/p>\n<p>&nbsp;<\/p>\n<p>P\u0103s\u0103ri pogoar\u0103 din Ceruri \u2018nalte<\/p>\n<p>\u015fi cern pe lume dalbe ninsori,<\/p>\n<p>s\u0103 ne \u00eengroape p\u00e2n\u0103 la pleoape,<\/p>\n<p>p\u00e2n\u0103 la ochii nemuritori!&#8230;<\/p>\n<p>&nbsp;<\/p>\n<p>Inima-mi bate &#8211; clopot \u00een noapte,<\/p>\n<p>p\u0103m\u00e2ntul fuge de sub p\u0103duri,<\/p>\n<p>zidul se-nal\u0163\u0103 \u015fi ne desparte,<\/p>\n<p>visul se pierde \u00een muguri puri!&#8230;<\/p>\n<p>&nbsp;<\/p>\n<p>M\u0103-nchin Luminii \u00eentru iertare,<\/p>\n<p>s\u0103 ard\u0103-n rug\u0103 sufletul meu,<\/p>\n<p>s\u0103 creasc\u0103-n tain\u0103 flac\u0103r\u0103 mare,<\/p>\n<p>s-ajung\u0103-n Ceruri, la Dumnezeu!&#8230;<\/p>\n<p>&nbsp;<\/p>\n<p>Prime\u015fte-mi, Doamne, ruga t\u00e2rzie,<\/p>\n<p>cuv\u00e2ntul singur prime\u015fte-l sus,<\/p>\n<p>m\u0103-mbrac\u0103-n rou\u0103 de ap\u0103 vie<\/p>\n<p>\u015fi f\u0103-m\u0103 jertf\u0103 \u00eentru Iisus!&#8230;<\/p>\n<p>&nbsp;<\/p>\n<p><strong>Manuel<a title=\"\" href=\"#_ftn1\">*<\/a><\/strong><\/p>\n<p><strong><em>\u00a0<\/em><\/strong><\/p>\n<p>I<\/p>\n<p><strong>\u00a0<\/strong><\/p>\n<p>Manuel era fratele ne\u015ftiut<\/p>\n<p>\u00eens\u0103 eu \u00eendelung l-am chemat,<\/p>\n<p>p\u00e2n\u0103 c\u00e2nd, \u00eentr-o zi,<\/p>\n<p>m-a auzit \u00cengerul!&#8230;<\/p>\n<p><strong>\u00a0<\/strong><\/p>\n<p>II<\/p>\n<p><strong>\u00a0<\/strong><\/p>\n<p>Erai ales Manuel,<\/p>\n<p>Domnul te zidise a\u015fa,<\/p>\n<p>nimic nu era \u00eempotriva<\/p>\n<p>inimii Sale!&#8230;<\/p>\n<p>\u00cen timp ce culegeai flori<\/p>\n<p>\u015fi ni le a\u015fezai pe pleoape,<\/p>\n<p>s\u0103 nu deschidem ochii<\/p>\n<p>peste umbra ce voia<\/p>\n<p>s\u0103 ne-ngroape,<\/p>\n<p>eu \u00eencercam s\u0103 \u00eenduplec \u00cengerii,<\/p>\n<p>a\u015fez\u00e2ndu-mi visul \u00een Ceruri,<\/p>\n<p>pe ape,<\/p>\n<p>unde Pas\u0103rea-suflet venea<\/p>\n<p>\u015fi pun\u00e2ndu-ne aripi,<\/p>\n<p>ne ducea peste lume, departe!&#8230;<\/p>\n<p><strong>\u00a0<\/strong><\/p>\n<p>III<\/p>\n<p><strong>\u00a0<\/strong><\/p>\n<p>Totul era scris &#8211;<\/p>\n<p>eu aici, tu dincolo,<\/p>\n<p>\u00eencercam s\u0103 \u00eenchidem por\u0163ile<\/p>\n<p>\u015fi cu lac\u0103te mari le-ncuiam,<\/p>\n<p>s\u0103 nu ajung\u0103 la noi<\/p>\n<p>cei ce ne v\u00e2nau inima!&#8230;<\/p>\n<p><strong>\u00a0<\/strong><\/p>\n<p>IV<\/p>\n<p><strong>\u00a0<\/strong><\/p>\n<p>T\u00e2rziu,<\/p>\n<p>am aflat c\u0103 te-au prins<\/p>\n<p>\u015fi te-au \u00eenf\u0103\u015fat \u00een p\u00e2nzele mor\u0163ii &#8211;<\/p>\n<p>b\u0103nuiam cum te durea s\u00e2ngele<\/p>\n<p>\u015fi-a\u015f fi vrut s\u0103 \u00eenl\u0103tur<\/p>\n<p>v\u0103l dup\u0103 v\u0103l,<\/p>\n<p>\u00eens\u0103 teama de moarte<\/p>\n<p>m-a oprit s\u0103 \u00eencerc ceva!&#8230;<\/p>\n<p><strong>\u00a0<\/strong><\/p>\n<p>V<\/p>\n<p><strong>\u00a0<\/strong><\/p>\n<p>Ne-am privit \u00eendelung<\/p>\n<p>\u015fi nu am v\u0103zut nici o lacrim\u0103<\/p>\n<p>\u00een ochii t\u0103i<\/p>\n<p>ce m\u0103 opreau s\u0103 trec pragul<\/p>\n<p>\u015fi \u00eemi spuneau<\/p>\n<p>c\u0103 totul va lua sf\u00e2r\u015fit,<\/p>\n<p>\u00een timp ce zidul cre\u015ftea,<\/p>\n<p>frate al meu,<\/p>\n<p>\u00eenchiz\u00e2ndu-ne<\/p>\n<p>\u00een cetatea f\u0103r\u0103 de nume!&#8230;<\/p>\n<p>&nbsp;<\/p>\n<p><strong>\u00a0<\/strong><\/p>\n<p>&nbsp;<\/p>\n<p><strong>Iuliana Paloda-Popescu<\/strong> \u2013 selec\u021bie din volumul, <em>Cu privighetoarea pe um\u0103r<\/em>, Editura Rawex Coms, Bucure\u015fti, 2010<\/p>\n<p>&nbsp;<\/p>\n<div>\n<hr align=\"left\" size=\"1\" width=\"33%\" \/>\n<div>\n<p><a title=\"\" href=\"#_ftnref1\">*<\/a> <strong>Manuel<\/strong> \u2013 Sf\u00e2nt Martir,\u00a0 de sabie s-a s\u0103v\u00e2r\u015fit, \u00een 30 octombrie.<\/p>\n<\/div>\n<\/div>\n","protected":false},"excerpt":{"rendered":"<p>\u00cengerul \u00a0 &nbsp; Scriu poeme cu \u00cengeri pe care nu le mai cite\u015fte nimeni &#8211; alfabetul e vechi, m\u00e2na e [&#038;hellip<\/p>\n","protected":false},"author":1,"featured_media":0,"comment_status":"closed","ping_status":"closed","sticky":false,"template":"","format":"standard","meta":{"footnotes":""},"categories":[3],"tags":[],"class_list":["post-12999","post","type-post","status-publish","format-standard","hentry","category-articole"],"_links":{"self":[{"href":"https:\/\/www.marianagurza.ro\/blog\/wp-json\/wp\/v2\/posts\/12999","targetHints":{"allow":["GET"]}}],"collection":[{"href":"https:\/\/www.marianagurza.ro\/blog\/wp-json\/wp\/v2\/posts"}],"about":[{"href":"https:\/\/www.marianagurza.ro\/blog\/wp-json\/wp\/v2\/types\/post"}],"author":[{"embeddable":true,"href":"https:\/\/www.marianagurza.ro\/blog\/wp-json\/wp\/v2\/users\/1"}],"replies":[{"embeddable":true,"href":"https:\/\/www.marianagurza.ro\/blog\/wp-json\/wp\/v2\/comments?post=12999"}],"version-history":[{"count":2,"href":"https:\/\/www.marianagurza.ro\/blog\/wp-json\/wp\/v2\/posts\/12999\/revisions"}],"predecessor-version":[{"id":13002,"href":"https:\/\/www.marianagurza.ro\/blog\/wp-json\/wp\/v2\/posts\/12999\/revisions\/13002"}],"wp:attachment":[{"href":"https:\/\/www.marianagurza.ro\/blog\/wp-json\/wp\/v2\/media?parent=12999"}],"wp:term":[{"taxonomy":"category","embeddable":true,"href":"https:\/\/www.marianagurza.ro\/blog\/wp-json\/wp\/v2\/categories?post=12999"},{"taxonomy":"post_tag","embeddable":true,"href":"https:\/\/www.marianagurza.ro\/blog\/wp-json\/wp\/v2\/tags?post=12999"}],"curies":[{"name":"wp","href":"https:\/\/api.w.org\/{rel}","templated":true}]}}