{"id":13200,"date":"2013-06-10T15:34:18","date_gmt":"2013-06-10T15:34:18","guid":{"rendered":"http:\/\/www.marianagurza.ro\/blog\/?p=13200"},"modified":"2013-06-10T15:34:18","modified_gmt":"2013-06-10T15:34:18","slug":"nichifor-crainic","status":"publish","type":"post","link":"https:\/\/www.marianagurza.ro\/blog\/2013\/06\/10\/nichifor-crainic\/","title":{"rendered":"Nichifor Crainic: Rug\u0103ciunea din amurg"},"content":{"rendered":"<p style=\"text-align: center;\"><a href=\"http:\/\/www.marianagurza.ro\/blog\/wp-content\/uploads\/2013\/06\/Rugaciunea-din-amurg-Nichifor-Crainic.gif\"><img loading=\"lazy\" decoding=\"async\" class=\"size-medium wp-image-13201\" title=\"Rugaciunea-din-amurg-Nichifor-Crainic\" src=\"http:\/\/www.marianagurza.ro\/blog\/wp-content\/uploads\/2013\/06\/Rugaciunea-din-amurg-Nichifor-Crainic-300x251.gif\" alt=\"\" width=\"300\" height=\"251\" srcset=\"https:\/\/www.marianagurza.ro\/blog\/wp-content\/uploads\/2013\/06\/Rugaciunea-din-amurg-Nichifor-Crainic-300x251.gif 300w, https:\/\/www.marianagurza.ro\/blog\/wp-content\/uploads\/2013\/06\/Rugaciunea-din-amurg-Nichifor-Crainic.gif 502w\" sizes=\"auto, (max-width: 300px) 100vw, 300px\" \/><\/a><\/p>\n<p>&nbsp;<\/p>\n<p><strong>\u00a0\u00a0\u00a0\u00a0\u00a0\u00a0 RUG\u0102CIUNEA DIN AMURG<\/strong><\/p>\n<p>de Nichifor Crainic<\/p>\n<p>&nbsp;<\/p>\n<p>M\u0103 rog si pentru viii si pentru mortii mei.<br \/>\nTot una&#8217;mi sunt acuma p\u0103rtasii si dusmanii,<br \/>\nCu ei deopotriv\u0103 mi-am sf\u0103r\u00e2mat eu anii,<br \/>\nSi dragostea si vrajba le-am \u00eemp\u0103rtit cu ei.<\/p>\n<p>Pe morti \u00een rugaciunea de sear\u0103 mi-i culeg.<br \/>\nAcestia sunt ei, Doamne, iar eu printre morminte.<br \/>\nAu fost \u00een ei av\u00e2nturi si-au fost si pogor\u0103minte.<br \/>\nPutin \u00een fiecare, \u00een toti am fost \u00eentreg.<\/p>\n<p>De viforele vietii ei sunt acum deserti,<br \/>\nDar dragostea, dar vrajba, din toate ce r\u0103m\u00e2ne?<br \/>\nZdrobita rug\u0103ciune la mila Ta, St\u0103p\u00e2ne,<br \/>\nSunt si eu printre mortii rugandu-m\u0103 s\u0103-i ierti.<\/p>\n<p>Si adun\u00e2ndu-mi viii, la mila Ta recurg,<br \/>\nC\u00e2nd crugul alb al zilei p\u0103m\u00e2ntul \u00eencunun\u0103:<br \/>\nTu d\u0103-le, Doamne, d\u0103-le cu toata m\u00e2na bun\u0103<br \/>\nT\u00e2rzia&#8217;ntelepciune din tristul meu amurg.<\/p>\n<p>(Inchisoarea Aiud)<br \/>\n<strong>Nichifor CRAINIC<\/strong><\/p>\n<p style=\"text-align: left;\">\n","protected":false},"excerpt":{"rendered":"<p>&nbsp; \u00a0\u00a0\u00a0\u00a0\u00a0\u00a0 RUG\u0102CIUNEA DIN AMURG de Nichifor Crainic &nbsp; M\u0103 rog si pentru viii si pentru mortii mei. Tot una&#8217;mi [&#038;hellip<\/p>\n","protected":false},"author":1,"featured_media":0,"comment_status":"closed","ping_status":"closed","sticky":false,"template":"","format":"standard","meta":{"footnotes":""},"categories":[3],"tags":[],"class_list":["post-13200","post","type-post","status-publish","format-standard","hentry","category-articole"],"_links":{"self":[{"href":"https:\/\/www.marianagurza.ro\/blog\/wp-json\/wp\/v2\/posts\/13200","targetHints":{"allow":["GET"]}}],"collection":[{"href":"https:\/\/www.marianagurza.ro\/blog\/wp-json\/wp\/v2\/posts"}],"about":[{"href":"https:\/\/www.marianagurza.ro\/blog\/wp-json\/wp\/v2\/types\/post"}],"author":[{"embeddable":true,"href":"https:\/\/www.marianagurza.ro\/blog\/wp-json\/wp\/v2\/users\/1"}],"replies":[{"embeddable":true,"href":"https:\/\/www.marianagurza.ro\/blog\/wp-json\/wp\/v2\/comments?post=13200"}],"version-history":[{"count":2,"href":"https:\/\/www.marianagurza.ro\/blog\/wp-json\/wp\/v2\/posts\/13200\/revisions"}],"predecessor-version":[{"id":13203,"href":"https:\/\/www.marianagurza.ro\/blog\/wp-json\/wp\/v2\/posts\/13200\/revisions\/13203"}],"wp:attachment":[{"href":"https:\/\/www.marianagurza.ro\/blog\/wp-json\/wp\/v2\/media?parent=13200"}],"wp:term":[{"taxonomy":"category","embeddable":true,"href":"https:\/\/www.marianagurza.ro\/blog\/wp-json\/wp\/v2\/categories?post=13200"},{"taxonomy":"post_tag","embeddable":true,"href":"https:\/\/www.marianagurza.ro\/blog\/wp-json\/wp\/v2\/tags?post=13200"}],"curies":[{"name":"wp","href":"https:\/\/api.w.org\/{rel}","templated":true}]}}