{"id":13387,"date":"2013-06-19T16:31:58","date_gmt":"2013-06-19T16:31:58","guid":{"rendered":"http:\/\/www.marianagurza.ro\/blog\/?p=13387"},"modified":"2013-06-20T10:40:00","modified_gmt":"2013-06-20T10:40:00","slug":"justin-parvu-daruitor-de-har","status":"publish","type":"post","link":"https:\/\/www.marianagurza.ro\/blog\/2013\/06\/19\/justin-parvu-daruitor-de-har\/","title":{"rendered":"Justin P\u00e2rvu, d\u0103ruitor de har"},"content":{"rendered":"<p style=\"text-align: center;\"><a href=\"http:\/\/www.marianagurza.ro\/blog\/wp-content\/uploads\/2013\/06\/Parintele-nostru-Justin-Parvu-Sfant-Erou-al-Neamului-Romanesc-de-Cristina-Nichitus-Roncea1.jpg\"><img loading=\"lazy\" decoding=\"async\" class=\"size-medium wp-image-13388\" title=\"Parintele-nostru-Justin-Parvu-Sfant-Erou-al-Neamului-Romanesc-de-Cristina-Nichitus-Roncea\" src=\"http:\/\/www.marianagurza.ro\/blog\/wp-content\/uploads\/2013\/06\/Parintele-nostru-Justin-Parvu-Sfant-Erou-al-Neamului-Romanesc-de-Cristina-Nichitus-Roncea1-209x300.jpg\" alt=\"\" width=\"209\" height=\"300\" srcset=\"https:\/\/www.marianagurza.ro\/blog\/wp-content\/uploads\/2013\/06\/Parintele-nostru-Justin-Parvu-Sfant-Erou-al-Neamului-Romanesc-de-Cristina-Nichitus-Roncea1-209x300.jpg 209w, https:\/\/www.marianagurza.ro\/blog\/wp-content\/uploads\/2013\/06\/Parintele-nostru-Justin-Parvu-Sfant-Erou-al-Neamului-Romanesc-de-Cristina-Nichitus-Roncea1.jpg 600w\" sizes=\"auto, (max-width: 209px) 100vw, 209px\" \/><\/a><\/p>\n<p>Motto:<\/p>\n<p>&nbsp;<\/p>\n<p style=\"text-align: justify;\"><em>\u201cP\u0103m\u00e2ntul este baza de existen\u0163\u0103 a na\u0163iei. Na\u0163iunea\u00a0 st\u0103 ca un pom, cu r\u0103d\u0103cinile ei \u00eenfipte \u00een p\u0103m\u00e2ntul \u0163\u0103rii. Nu exist\u0103 neam care s\u0103 poat\u0103 tr\u0103i f\u0103r\u0103 p\u0103m\u00e2nt, dup\u0103 cum nu exist\u0103 pom care s\u0103 tr\u0103iasc\u0103 at\u00e2rnat\u00a0 \u00een aer\u2026.<\/em><\/p>\n<p style=\"text-align: justify;\"><em>\u00a0<\/em><\/p>\n<p style=\"text-align: justify;\"><em>Ne-am n\u0103scut din negura vremii pe acest p\u0103m\u00e2nt odat\u0103 cu stejarii \u015fi cu brazii! De ei suntem lega\u0163i nu numai prin p\u00e2inea \u015fi existen\u0163a pe care ne-o d\u0103 muncindu-l din greu, dar \u015fi prin toate oasele mo\u015filor \u015fi str\u0103mo\u015filor care dorm \u00een \u0163\u0103r\u00e2na lui! To\u0163i p\u0103rin\u0163ii no<\/em><em>\u015f<\/em><em>tril sunt aici.Toate amintirile noastre, toat\u0103 gloria noastr\u0103 r\u0103zboinic\u0103, \u00eentrega noastr\u0103 istorie, cu fapte bune \u015fi rele , aici st\u0103 \u00eengropat\u0103\u2026<\/em><\/p>\n<p style=\"text-align: justify;\"><em>\u00a0<\/em><\/p>\n<p style=\"text-align: justify;\"><em>Moartea nu anuleaz\u0103 \u015fi nici m\u0103car nu simplific\u0103 lucrurile \u015fi faptele, vorbele sau g\u00e2ndurile noastre de aici de pe p\u0103m\u00e2nt, ci le complic\u0103, implic\u00e2ndu-le \u00een ve\u015fnicie\u2026\u201d<\/em><\/p>\n<p style=\"text-align: justify;\"><em>(P<\/em><em>\u0103rintele Justin P\u00e2rvu \u015fi bog\u0103\u0163ia unei vie\u0163i d\u0103ruit\u0103 lui Hristos, vol.2, pag.130-131<\/em><em>)<\/em><\/p>\n<p style=\"text-align: justify;\">\u00cent\u00e2lnirea cu bunul p\u0103rinte Justin Parvu, \u015fi darul primit la Petru Voda, cartea &#8220;M\u0103rturii ortodoxe&#8221;, av\u00e2ndu-l ca autor pe Arhimandrit Cleopa Ilie, m\u0103 determin\u0103 din nou \u00a0s\u0103 revin\u00a0 \u00een lumea celor care prin lumina Cuv\u00e2ntului Dumnezeiesc au f\u0103cut din str\u0103mo\u015fii no\u015ftri adevara\u0163i tr\u0103itori ai mesajului divin.<\/p>\n<p style=\"text-align: justify;\">&#8220;Cade-se celui ce \u00eenva\u0163\u0103 \u015fi nu face, ca, ru\u015fin\u00e2ndu-se de cuvintele sale, s\u0103 \u00eenceapa \u015fi el a lucra \u00eentr-o bun\u0103 zi&#8221;. (Sf.Ioan Scararul)<\/p>\n<p style=\"text-align: justify;\">\u00a0P\u0103rintele Iustin P\u00e2rvu, un om al jertfei, al dragostei fa\u0163\u0103 de semeni \u015fi na\u0163ie. Nu l-au putut schimba \u00eenchisorile comuniste. \u00cen rug\u0103ciune a g\u0103sit for\u0163a, puterea de a merge mai departe, ca ziditor de suflete, ca om al faptei \u00een slujba poporului s\u0103u.&#8221;<em>Credinta este moarta fara fapte si faptele fara dreapta credinta sunt moarte <\/em>!&#8221;(Arhimandrit Cleopa Ilie-Marturii Ortodoxe)<\/p>\n<p style=\"text-align: justify;\">La Sf\u00e2nta M\u00e2n\u0103stire Petru Vod\u0103, duhovnicul rom\u00e2nilor, r\u0103bd\u0103tor, \u015fi bl\u00e2nd deschide o fereastr\u0103 pentru fiecare, prin rug\u0103ciune, \u015fi cuvinte de folos.<\/p>\n<p style=\"text-align: justify;\">Un adev\u0103rat ap\u0103r\u0103tor al credin\u0163ei ortodoxe str\u0103bune, un iubitor de neam, preocupat de \u201cvremuri\u201d , \u00eendemn\u00e2ndu-ne mereu spre \u201clumina\u201d, \u00een c\u0103utarea m\u00e2ntuirii, f\u0103r\u0103 team\u0103, purt\u00e2ndu-l \u00een noi pe Hristos, rug\u00e2ndu-ne ne\u00eencetat la M\u0103icu\u0163a Domnului.<\/p>\n<p style=\"text-align: justify;\"><em>\u201cDac\u0103 vom ajunge s\u0103 ni se impun\u0103 condi\u0163ii str\u0103ine adev\u0103rurilor noastre de credin\u0163\u0103, Biserica neap\u0103rat se va rupe. Arta vr\u0103jma\u015fului este de a \u00eemp\u0103r\u0163i, divide \u015fi st\u0103p\u00e2ne\u015fte. E un principiu valabil dintotdeauna. Nici cei 12 apostoli nu au r\u0103mas \u00een unitatea lor de la \u00eenceput, pe unul l-a dezmo\u015ftenit diavolul. La crucea lui Iisus au r\u0103mas Maica Preamilostiv\u0103 \u015fi al\u0163i vreo c\u00e2\u0163iva, restul s-au risipit, au fugit. P\u00e2n\u0103 \u015fi Petru a fost re\u00eencadrat \u00eentre apostoli. A\u015fa este \u015fi la ora pe care o tr\u0103im. Vremurile sunt mult mai grave acum, pentru c\u0103 atunci mai exista o \u015fans\u0103 de revenire, cum s-a \u015fi \u00eent\u00e2mplat de altfel. Acum, \u00eens\u0103, nu mai e nici o \u015fans\u0103: ori Hristos, ori Satana! P\u00e2n\u0103 acum mai mergea, cu carnetul de partid, renun\u0163ai la el, mai cu steaua \u00een cinci col\u0163uri, mai cu crucea, dar de data asta nu se mai poate a\u015fa. Acum e tran\u015fant: ori 666 \u015fi cardul, ori crucea! De-acum se alege \u015fi urmeaz\u0103 un cre\u015ftinism adev\u0103rat \u015fi un anarhism cu totul lep\u0103dat. A\u015fa cum ne \u00eentreab\u0103 la botez: \u201eTe lepezi de Satana \u015fi de toate lucrurile lui?\u201d \u201eM\u0103 lep\u0103d de Satana \u015fi de toate lucrurile lui\u201d. Iat\u0103 c\u0103 acum se \u00eemplinesc ni\u015fte f\u0103g\u0103duin\u0163e ale tale, puse deoparte mai de demult. La c\u0103lug\u0103rie, \u00een fa\u0163a altarului, iar\u0103\u015fi te \u00eentreab\u0103: \u201eDe ce-ai venit, frate? Din vreo sil\u0103 sau din vreo nevoie?\u201d \u201eDe bun\u0103voie am venit, P\u0103rinte\u201d. \u201eDar nu \u015ftii c\u0103 ai durere, ai necazuri, ai am\u0103r\u0103ciune, ai lupt\u0103, ai crucea lui Hristos?\u201d \u201eCu ajutorul lui Dumnezeu, da, P\u0103rinte\u201d. Ce avem noi cre\u015ftinii \u015fi monahii care tr\u0103im \u00een acest g\u00e2nd frumos al Maicii Domnului, ca s\u0103 ne putem \u00eempotrivi vr\u0103jm\u0103\u015fiei care s-a ridicat \u00eempotriva noastr\u0103? S\u0103 nu ne temem de zilele acestea care sunt cele mai favorabile pentru sp\u0103larea \u015fi dezbr\u0103carea noastr\u0103 de omul vechi \u015fi \u00eembr\u0103carea \u00eentru Iisus Hristos, Domnul nostru. Nu mai tr\u0103iesc eu, ci Hristos tr\u0103ie\u015fte \u00een mine! E un prilej de fericire, ca s\u0103 ne lumin\u0103m \u015fi s\u0103 ne \u00eent\u0103rim pe calea m\u00e2ntuirii\u201d.(Pr . JUSTIN P\u00c2RVU)<\/em><\/p>\n<p style=\"text-align: justify;\"><em>2007<\/em><\/p>\n<p style=\"text-align: justify;\">(Mariana Gurza, <em>Destine umbrite<\/em>, Ed.Atticea, Timisoara, 2008)<\/p>\n<p style=\"text-align: justify;\">Acum c\u00e2nd cerul a mai primit un rug\u0103tor, pentru noi, pentru Neamul Rom\u00e2nesc, amintirea P\u0103rintelui Justin m\u0103 cople\u015fe\u015fte. Un voievod al Neamului ce ne-a l\u0103sat cuv\u00e2nt de folos pentru azi, pentru m\u00e2ine&#8230;<\/p>\n<p style=\"text-align: justify;\">Dumnezeu s\u0103-l a\u015feze \u00een cortul celor drep\u0163i!<\/p>\n<p>Sfinte P\u0103rinte Justin roag\u0103-te lui Hristos Dumnezeu pentru noi!<\/p>\n<p>Mariana Gurza<\/p>\n<p>Foto: <a href=\"http:\/\/precum-in-cer.ro\/\">&#8220;Precum \u00een cer, a\u0219a \u0219i pe p\u0103m\u00e2nt&#8221; \u2013 Cristina Nichitus Roncea<\/a><\/p>\n","protected":false},"excerpt":{"rendered":"<p>Motto: &nbsp; \u201cP\u0103m\u00e2ntul este baza de existen\u0163\u0103 a na\u0163iei. Na\u0163iunea\u00a0 st\u0103 ca un pom, cu r\u0103d\u0103cinile ei \u00eenfipte \u00een p\u0103m\u00e2ntul [&#038;hellip<\/p>\n","protected":false},"author":1,"featured_media":0,"comment_status":"closed","ping_status":"closed","sticky":false,"template":"","format":"standard","meta":{"footnotes":""},"categories":[3],"tags":[],"class_list":["post-13387","post","type-post","status-publish","format-standard","hentry","category-articole"],"_links":{"self":[{"href":"https:\/\/www.marianagurza.ro\/blog\/wp-json\/wp\/v2\/posts\/13387","targetHints":{"allow":["GET"]}}],"collection":[{"href":"https:\/\/www.marianagurza.ro\/blog\/wp-json\/wp\/v2\/posts"}],"about":[{"href":"https:\/\/www.marianagurza.ro\/blog\/wp-json\/wp\/v2\/types\/post"}],"author":[{"embeddable":true,"href":"https:\/\/www.marianagurza.ro\/blog\/wp-json\/wp\/v2\/users\/1"}],"replies":[{"embeddable":true,"href":"https:\/\/www.marianagurza.ro\/blog\/wp-json\/wp\/v2\/comments?post=13387"}],"version-history":[{"count":4,"href":"https:\/\/www.marianagurza.ro\/blog\/wp-json\/wp\/v2\/posts\/13387\/revisions"}],"predecessor-version":[{"id":13390,"href":"https:\/\/www.marianagurza.ro\/blog\/wp-json\/wp\/v2\/posts\/13387\/revisions\/13390"}],"wp:attachment":[{"href":"https:\/\/www.marianagurza.ro\/blog\/wp-json\/wp\/v2\/media?parent=13387"}],"wp:term":[{"taxonomy":"category","embeddable":true,"href":"https:\/\/www.marianagurza.ro\/blog\/wp-json\/wp\/v2\/categories?post=13387"},{"taxonomy":"post_tag","embeddable":true,"href":"https:\/\/www.marianagurza.ro\/blog\/wp-json\/wp\/v2\/tags?post=13387"}],"curies":[{"name":"wp","href":"https:\/\/api.w.org\/{rel}","templated":true}]}}