{"id":13474,"date":"2013-06-22T07:55:05","date_gmt":"2013-06-22T07:55:05","guid":{"rendered":"http:\/\/www.marianagurza.ro\/blog\/?p=13474"},"modified":"2013-06-22T07:55:05","modified_gmt":"2013-06-22T07:55:05","slug":"colocviile-de-marti-moarte-in-iunie-eminescu","status":"publish","type":"post","link":"https:\/\/www.marianagurza.ro\/blog\/2013\/06\/22\/colocviile-de-marti-moarte-in-iunie-eminescu\/","title":{"rendered":"COLOCVIILE DE MAR\u021aI &#8211; Moarte \u00een iunie. Eminescu"},"content":{"rendered":"<p style=\"text-align: center;\"><a href=\"http:\/\/www.marianagurza.ro\/blog\/wp-content\/uploads\/2013\/06\/Eminescu.jpg\"><img loading=\"lazy\" decoding=\"async\" class=\"size-full wp-image-13475\" title=\"Eminescu\" src=\"http:\/\/www.marianagurza.ro\/blog\/wp-content\/uploads\/2013\/06\/Eminescu.jpg\" alt=\"\" width=\"200\" height=\"300\" \/><\/a><\/p>\n<p style=\"text-align: center;\">\n<p align=\"center\">\u00a0\u00a0\u00a0\u00a0\u00a0\u00a0 Evenimentul va avea loc la Centrul socio-cultural \u201eJean Louis Calderon\u201d,<\/p>\n<p align=\"center\">\u00a0 Str.<strong> <\/strong>J.L. Calderon nr.39, tel. 0213156670<\/p>\n<p align=\"center\">\n<p align=\"center\">\n<p style=\"text-align: justify;\">Death in June, grupul neofolk englez creat de Douglas Pierce \u00een 1981, a fost conexat speculativ cu Noaptea cu\u0163itelor lungi, Sturmabteilung, din 30 iunie 1934, sau cu asasinatul din Sarajevo la \u00eenceputul Primului R\u0103zboi Mondial. Douglas P., acum \u00een Australia, a m\u0103rturisit, \u00eens\u0103, c\u0103, \u00een fapt, a auzit gre\u015fit aceast\u0103 sintagm\u0103 \u015fi a f\u0103cut-o nume al trupei. Moarte \u00een iunie se aude, la noi, Mihai Eminescu.<\/p>\n<p style=\"text-align: justify;\"><em>Invita\u0163i<\/em>: Ion Andrei\u0163\u0103, Vasile Andru, Adrian Botez, Radu C\u00e2rneci, Radu Com\u0103nescu, Florin Costinescu, Petru Costinescu, Pu\u015fi Dinulescu, Nicolae Dr\u0103gul\u0103nescu, Adina Dumitrescu, Doina Ghi\u0163escu, Aureliu Goci, Monica Grigorescu, Neculai Hilohi, Sorana Georgescu-Gorjan, Mariana Gurza, Elisabeta Isanos, George Lupa\u015fcu, Toma George Maiorescu, Dan Mateescu, Vasile Menzel, Bianca Beatrice Michi, Ioan Mititelu, Mircea Monu, Doru Mo\u0163oc, Mircea Muntenescu, Gheorghe Neagu, Tudor Nedelcea, Lucia Negoi\u0163\u0103, Radu Cristian Nema, Matei Romeo Pitula, Florentin Popescu, Andrei Radu, Arghira Ravanis, Felix Sima, Florentin Smarandache, Ion Soare, Viorel Speteanu, Mihai Stan, Victor Stinghi\u0163eanu, Marian Stroia, Constantin-Dumitru Surdu, Mihai Teodorescu, Ben Todic\u0103, Victor \u0162\u0103peanu, Neagu Udroiu, Viorica Vatamanu, Tiberiu-Sebastian V\u0103duva, George Toma Veseliu, Corneliu Zeana.<\/p>\n<p><strong>Amfitrion: Dr George Anca\u00a0<\/strong><\/p>\n<p>&nbsp;<\/p>\n<p style=\"text-align: justify;\">\u00a0\u00a0\u00a0\u00a0\u00a0\u00a0\u00a0\u00a0\u00a0 <em>Interven\u0163ii:<\/em><\/p>\n<ul style=\"text-align: justify;\">\n<li>Adrian Botez: <em>Sfin\u0163i militari, genii protectoare de neam, mucenici \u015fi martiri: Mihai Eminescu <\/em><\/li>\n<li>Gheorghe Neagu: <em>Eminescu \u00een Oglinda literar\u0103<\/em><\/li>\n<li>Pu\u015fi Dinulescu: <em>Luna \u2013 Eminescu, Lorca<\/em><\/li>\n<li>George Anca: <em>Doctorat coreean \u2013 Eminescu \u015fi Kim Sowol <\/em><\/li>\n<li>Nicolae Dr\u0103gul\u0103nescu: <em>Comunism \u015fi societate informa\u0163ional\u0103 \u00een Peninsula Coreean\u0103<\/em><\/li>\n<li>Mihai Teodorescu: <em>Influen\u0163a religiei asupra politicii<\/em><\/li>\n<li>Viorel Speteanu: <em>Traian \u015fi Decebal pe Column\u0103<\/em><\/li>\n<li>Marian Stroia: <em>Cuza \u015fi Carol<\/em><\/li>\n<li>Tuor Nedelcea: <em>Grup statuar alegoric Pap\u0103-Teoctist\u00a0<\/em><\/li>\n<\/ul>\n<p style=\"text-align: justify;\">\n<p style=\"text-align: justify;\">&#8211;\u00a0\u00a0\u00a0\u00a0\u00a0 <em>Lans\u0103ri<\/em>: <em>Oglinda literar\u0103<\/em> nr. 138, <em>Antologie de poezie contemporan\u0103<\/em>, TipoMoldova, 2013<\/p>\n<p style=\"text-align: justify;\"><em>Du Congo aux Danube<\/em>, Paris, 2013, <em>Golgota spiritualit\u0103\u0163ii<\/em>, ed. Armonii culturale, 2013, Gheorghe Neagu: <em>De la st\u00e2nga la dreapta<\/em>, TipoMoldova; <em>Lacrima iubirii<\/em> ,Victor Stinghi\u0163eanu: <em>Poeme<\/em> , Felix Sima: <em>Album cu versuri \u015fi icoane<\/em>, Ruda-M\u0103gura, 2013, George Toma Veseliu: <em>Colonia<\/em>, Bibliotheca, 2013, Mircea Monu: <em>Nemateria, Ipoteza Smarandache \u015fi Fuziunea informa\u0163iei<\/em>, Duran&#8217;s, 2013.<\/p>\n<p style=\"text-align: justify;\">\n<p style=\"text-align: justify;\">&#8211;\u00a0\u00a0\u00a0\u00a0\u00a0 <em>Teatru de poezie<\/em>: <em>Memento mori<\/em> de Mihai Eminescu, interpreteaz\u0103 Andrei Radu \u015fi Victor \u0162\u0103mpeanu , <em>Azalee <\/em>de Kim Sowol<\/p>\n<p style=\"text-align: justify;\">\n<p style=\"text-align: justify;\">&#8211;\u00a0\u00a0\u00a0\u00a0\u00a0 <em>Portrete: <\/em>Radu Cristian Nema<\/p>\n<p style=\"text-align: justify;\">\n<p style=\"text-align: justify;\">&#8211;\u00a0\u00a0\u00a0\u00a0\u00a0 Medalion <em>Radu C\u00e2rneci<\/em><em> <\/em><\/p>\n<p style=\"text-align: justify;\"><strong>\u00a0\u00a0\u00a0 <\/strong><\/p>\n<p style=\"text-align: justify;\"><strong>\u00a0\u00a0 La eveniment particip\u0103 scriitori, actori, ziari\u015fti \u015fi membrii Centrului.<\/strong><\/p>\n<p style=\"text-align: justify;\">\n","protected":false},"excerpt":{"rendered":"<p>\u00a0\u00a0\u00a0\u00a0\u00a0\u00a0 Evenimentul va avea loc la Centrul socio-cultural \u201eJean Louis Calderon\u201d, \u00a0 Str. J.L. Calderon nr.39, tel. 0213156670 Death in [&#038;hellip<\/p>\n","protected":false},"author":1,"featured_media":0,"comment_status":"closed","ping_status":"closed","sticky":false,"template":"","format":"standard","meta":{"footnotes":""},"categories":[3],"tags":[],"class_list":["post-13474","post","type-post","status-publish","format-standard","hentry","category-articole"],"_links":{"self":[{"href":"https:\/\/www.marianagurza.ro\/blog\/wp-json\/wp\/v2\/posts\/13474","targetHints":{"allow":["GET"]}}],"collection":[{"href":"https:\/\/www.marianagurza.ro\/blog\/wp-json\/wp\/v2\/posts"}],"about":[{"href":"https:\/\/www.marianagurza.ro\/blog\/wp-json\/wp\/v2\/types\/post"}],"author":[{"embeddable":true,"href":"https:\/\/www.marianagurza.ro\/blog\/wp-json\/wp\/v2\/users\/1"}],"replies":[{"embeddable":true,"href":"https:\/\/www.marianagurza.ro\/blog\/wp-json\/wp\/v2\/comments?post=13474"}],"version-history":[{"count":2,"href":"https:\/\/www.marianagurza.ro\/blog\/wp-json\/wp\/v2\/posts\/13474\/revisions"}],"predecessor-version":[{"id":13477,"href":"https:\/\/www.marianagurza.ro\/blog\/wp-json\/wp\/v2\/posts\/13474\/revisions\/13477"}],"wp:attachment":[{"href":"https:\/\/www.marianagurza.ro\/blog\/wp-json\/wp\/v2\/media?parent=13474"}],"wp:term":[{"taxonomy":"category","embeddable":true,"href":"https:\/\/www.marianagurza.ro\/blog\/wp-json\/wp\/v2\/categories?post=13474"},{"taxonomy":"post_tag","embeddable":true,"href":"https:\/\/www.marianagurza.ro\/blog\/wp-json\/wp\/v2\/tags?post=13474"}],"curies":[{"name":"wp","href":"https:\/\/api.w.org\/{rel}","templated":true}]}}