{"id":13563,"date":"2013-06-26T05:13:00","date_gmt":"2013-06-26T05:13:00","guid":{"rendered":"http:\/\/www.marianagurza.ro\/blog\/?p=13563"},"modified":"2013-06-26T05:13:00","modified_gmt":"2013-06-26T05:13:00","slug":"alexandru-macedonski-%e2%80%93-psalmi-moderni","status":"publish","type":"post","link":"https:\/\/www.marianagurza.ro\/blog\/2013\/06\/26\/alexandru-macedonski-%e2%80%93-psalmi-moderni\/","title":{"rendered":"Alexandru Macedonski \u2013 Psalmi moderni"},"content":{"rendered":"<p style=\"text-align: center;\"><a href=\"http:\/\/www.marianagurza.ro\/blog\/wp-content\/uploads\/2013\/06\/Alexandru_Macedonski_1878_2.jpg\"><img loading=\"lazy\" decoding=\"async\" class=\"size-medium wp-image-13564\" title=\"Alexandru_Macedonski_1878_2\" src=\"http:\/\/www.marianagurza.ro\/blog\/wp-content\/uploads\/2013\/06\/Alexandru_Macedonski_1878_2-229x300.jpg\" alt=\"\" width=\"229\" height=\"300\" srcset=\"https:\/\/www.marianagurza.ro\/blog\/wp-content\/uploads\/2013\/06\/Alexandru_Macedonski_1878_2-229x300.jpg 229w, https:\/\/www.marianagurza.ro\/blog\/wp-content\/uploads\/2013\/06\/Alexandru_Macedonski_1878_2.jpg 406w\" sizes=\"auto, (max-width: 229px) 100vw, 229px\" \/><\/a><\/p>\n<p style=\"text-align: center;\">\n<p><strong>I.\u00a0 OH ! DOAMNE<\/p>\n<p><\/strong><br \/>\nOh ! Doamne, r\u0103u m-ai urgisit,<br \/>\n\u00cem soarta mea m-am \u00eempietrit:<br \/>\nR\u0103m\u00e2n ca marmura de rece&#8230;<br \/>\nS\u0103 pl\u00e2ng, s\u0103 suf\u0103r, am uitat.<br \/>\nAm fost un c\u00e2ntec care trece,<br \/>\n\u0218i sunt un c\u00e2ntec \u00eencetat:<br \/>\nR\u0103m\u00e2n ca marmura de rece&#8230;<br \/>\nUscat e tot ce-a \u00eenflorit,<br \/>\nEntuziasmul a murit,<br \/>\n\u0218i a mea inim\u0103 a \u00eenghe\u021bat&#8230;<br \/>\nAm fost un c\u00e2ntec care trece<br \/>\n\u0218i sunt un c\u00e2ntec \u00eencetat.<br \/>\n<strong><\/p>\n<p><\/strong><br \/>\n<strong><br \/>\nII.\u00a0\u00a0 \u021a\u0102R\u00c2N\u0102<\/p>\n<p><\/strong>T\u0103r\u00e2n\u0103 &#8211; suntem to\u021bi \u021b\u0103r\u00e2n\u0103,<br \/>\nE de prisos orice trufie&#8230;<br \/>\nCe-a fost, \u00een veci are s\u0103 fie&#8230;<br \/>\nDin noi nimic n-o s\u0103 r\u0103m\u00e2n\u0103.<br \/>\nZadarnic falnice palate<br \/>\nSunt \u00een p\u0103m\u00e2nt r\u0103d\u0103cinate:<br \/>\nNici o pieire nu s-am\u00e2n\u0103.<br \/>\nDespo\u021bi, cu frun\u021bi \u00eencoronate,<br \/>\nPoe\u021bi, cu harpe coronate,<br \/>\nFilozofi, oameni de \u0219tiin\u021b\u0103,<br \/>\nP\u0103g\u00e2ni, vesti\u021bi prin necredin\u021b\u0103.<br \/>\nNici o pieire nu s-am\u00e2n\u0103&#8230;<\/p>\n<p>\u021a\u0103r\u00e2n\u0103, suntem to\u021bi \u021b\u0103r\u00e2n\u0103.<br \/>\n<strong><\/p>\n<p>III.\u00a0 IERTARE<\/strong><\/p>\n<p><strong><br \/>\n<\/strong>Iertare ! Sunt ca orice om:<br \/>\nM-am \u00eendoit de-a ta putere,<br \/>\nAm r\u00e2s de sfintele mistere<br \/>\nCe sunt \u00een fiecare-atom&#8230;<br \/>\nIertare ! Sunt ca orice om.<br \/>\nSunt tic\u0103losul peste care<br \/>\nDac\u0103 se las\u0103 o-ntristare<br \/>\nDe to\u021bi se crede prigonit.<br \/>\nDar Doamne, nu m-ai p\u0103r\u0103sit&#8230;<\/p>\n<p>Sunt om ca orice om &#8211; iertare.<\/p>\n<p><strong><br \/>\nIV.\u00a0\u00a0\u00a0 DU\u0218MANII<\/p>\n<p><\/strong>Du\u0219manii mei se \u00eenmul\u021besc<br \/>\n\u0218i nedreptatea m\u0103-nf\u0103\u0219oar\u0103&#8230;<br \/>\nAbia mai pot s\u0103 mai tr\u0103iesc<br \/>\nDe cine n-am l\u0103sat s\u0103 moar\u0103,<br \/>\nAlearg\u0103 to\u021bi \u0219i m\u0103-nnegresc.<\/p>\n<p>Ah ! Via\u021ba nu este u\u0219oar\u0103.<\/p>\n<p><strong><\/p>\n<p><\/strong><\/p>\n<p><strong>V.\u00a0\u00a0\u00a0 ZBURAM<\/p>\n<p><\/strong>Zburam pe aripi str\u0103lucite&#8230;<br \/>\nCopilul cel de alt\u0103dat\u0103<br \/>\nNevinovat ca \u0219i o fat\u0103<br \/>\nNeve\u0219tejit\u0103 de ispite,<br \/>\nE azi mocirla noroioas\u0103<br \/>\nCu ad\u00e2ncime-ntunecoas\u0103<br \/>\n\u0218i cu miasme otr\u0103vite.<\/p>\n<p>Sunt eu de vin\u0103 sau nu sunt,<br \/>\nOh ! Dumnezeule preasf\u00e2nt,<br \/>\nAuzi-mi glasul poc\u0103in\u021bei,<br \/>\nRef\u0103-m\u0103 omul care-am fost<br \/>\nSau d\u0103-mi ob\u0219tescul ad\u0103post&#8230;<\/p>\n<p>Zburam pe aripi str\u0103lucite.<\/p>\n<p><strong><br \/>\nVI.\u00a0\u00a0\u00a0 \u0218I-AU ZIS&#8230;.<\/p>\n<p><\/strong>\u0218i-au zis &#8211; e singur &#8211; e pierdut;<br \/>\nAsupra mea se n\u0103pustir\u0103&#8230;<br \/>\nOnoarea mea o nimicir\u0103,<br \/>\nAm s\u00e2ngerat, dar am t\u0103cut.<br \/>\nM\u0103 \u00eenjosir\u0103, m\u0103 lovir\u0103,<br \/>\nCu mici, cu mari, m\u0103 r\u0103stignir\u0103;<br \/>\nDin inim\u0103 nu mi-au l\u0103sat<br \/>\nUn singur col\u021b nesf\u00e2\u0219iat.<br \/>\nFra\u021bi, rude, to\u021bi m\u0103 du\u0219m\u0103nir\u0103,<br \/>\nPe c\u00e2t pl\u00e2ngeam, pe-at\u00e2t r\u00e2njir\u0103,<br \/>\nO \u021bar\u0103-ntreag\u0103 s-a-ntrecut<br \/>\nS\u0103-mi dea venin &#8211; \u0219i l-am b\u0103ut.<\/p>\n<p>Dar, Doamne, nu te biruir\u0103.<\/p>\n<p><strong><br \/>\nVII.\u00a0 C\u00c2T AM TRUDIT&#8230;<\/p>\n<p><\/strong>C\u00e2t am trudit, c\u00e2t am muncit,<br \/>\n\u0218i cum nimic n-am folosit,<br \/>\n\u00cen lume nu este r\u0103splat\u0103,<br \/>\n\u0218i omul bun nesocotit.<br \/>\nPe fruntea mea n-am nici o pat\u0103 &#8211;<br \/>\nZadarnic ! &#8211; sunt un os\u00e2ndit,<br \/>\n\u00cen lume nu este r\u0103splat\u0103.<\/p>\n<p>C\u00e2t am trudit, c\u00e2t am muncit.<br \/>\n<strong><br \/>\n<\/strong><\/p>\n<p><strong>VIII.\u00a0\u00a0\u00a0\u00a0 ERAM<\/p>\n<p><\/strong>Eram puternic \u00eemp\u0103rat:<br \/>\nPrin sufleteasc\u0103 poezie,<br \/>\nPrin tinee\u021be, prin m\u00e2ndrie,<br \/>\nPrin chip de \u00eenger \u00eentrupat.<br \/>\nMi se-mplinea orice dorin\u021b\u0103,<br \/>\nEra o lege-a mea voin\u021b\u0103;<br \/>\nR\u00e2deam de orice du\u0219m\u0103nie&#8230;<br \/>\nPrin sufleteasc\u0103 poezie,<br \/>\nDomneam de soart\u0103 nencercat.<\/p>\n<p>Eram puternic \u00eemp\u0103rat.<br \/>\n<strong><br \/>\n<\/strong><br \/>\n<strong><br \/>\nIX\u00a0\u00a0\u00a0\u00a0\u00a0 N-AM \u00ceN CERURI<\/p>\n<p><\/strong>N-am \u00een ceruri nici o stea&#8230;<br \/>\nSoarta mea e soart\u0103 rea.<br \/>\nAm pierdut orice credin\u021b\u0103<br \/>\n\u00cenecat\u0103-n suferin\u021b\u0103,<br \/>\nAm pierdut orice putere;<br \/>\nNimicit\u0103 de durere;<br \/>\n\u00cens\u0103 via\u021ba nu-mi blestem<br \/>\n\u0218i nici moartea nu mi-o chem;<br \/>\nF\u0103r\u0103 scop tr\u0103iesc \u00een lume:<br \/>\nNu mai sunt dec\u00e2t un nume,<br \/>\nNu mai pl\u00e2ng, nici nu mai gem,<br \/>\nIar coprins de griji amare,<br \/>\nNu mai sunt dec\u00e2t r\u0103bdare&#8230;<\/p>\n<p>N-am \u00een ceruri nici o stea.<\/p>\n<p><strong><br \/>\nX\u00a0\u00a0\u00a0\u00a0 DOAMNE, TOATE&#8230;<\/p>\n<p><\/strong>Doamne, toate sunt prin tine;<br \/>\n\u0218i averea, \u0219i puterea,<br \/>\nFericirea, m\u00e2ng\u00e2ierea;<br \/>\nCe ne trebuie \u0219tii bne,<br \/>\nDai cu dreapt\u0103 socotin\u021b\u0103<br \/>\nMul\u021bumiri \u0219i suferin\u021b\u0103:<br \/>\nLui Iisus i-ai dat o cruce<br \/>\nC\u0103ci \u0219tiai c-o poate duce;<br \/>\nC\u00e2nd dureri ne dai \u0219i nou\u0103<br \/>\nNe dai pl\u00e2nsul ca o rou\u0103,<br \/>\nC\u00e2nd dai marilor putere,<br \/>\nNu le dai nici o pl\u0103cere,<br \/>\nC\u00e2nd dai r\u0103ilor cruzime,<br \/>\nDai bl\u00e2nde\u021be la victime.<br \/>\nE\u0219ti puterea \u00een\u021beleapt\u0103<br \/>\n\u0218i justi\u021bia cea dreapt\u0103:<br \/>\nF\u0103 oric\u00e2nd ce vrei cu mine.<\/p>\n<p>Doamne, toate sunt prin tine&#8230;<\/p>\n<p><strong><br \/>\nXI.\u00a0\u00a0\u00a0 M-AM UITAT<\/p>\n<p><\/strong>M-am uitat la ferici\u021bi&#8230;<br \/>\nI-am v\u0103zut nemul\u021bumi\u021bi:<br \/>\nE orice z\u0103d\u0103rnicie<br \/>\nCei pe care-i vezi \u00een sl\u0103vi<br \/>\nAd\u0103pa\u021bi sunt cu otr\u0103vi;<br \/>\nCei tr\u0103i\u021bi \u00een s\u0103r\u0103cie<br \/>\nPl\u00e2ng pe-a lor nemernicie:<br \/>\nCei mai m\u00e2ndri \u00eemp\u0103ra\u021bi<br \/>\nSunt de chinuri zbuciuma\u021bi:<br \/>\nE orice z\u0103d\u0103rnicie.<br \/>\nVai, n\u0103scut e\u0219ti s\u0103 tr\u0103ie\u0219ti<br \/>\nNencetat s\u0103 p\u0103time\u0219ti;<br \/>\nFii frumos, fii s\u0103n\u0103tos,<br \/>\nE\u0219ti de-acela\u0219i vierme ros;<br \/>\nTraiul crud \u0219i ne-mp\u0103cat<br \/>\nTe sf\u0103r\u00e2m\u0103 ne-ncetat<br \/>\nS\u0103 te soarb\u0103 are prip\u0103.<br \/>\nNu-\u021bi d\u0103 pace de o clip\u0103.<br \/>\nBog\u0103\u021bie, s\u0103r\u0103cie,<br \/>\nE orice z\u0103d\u0103rnicie.<br \/>\nS\u0103n\u0103tate, tinere\u021be,<br \/>\nMinte, suflet, frumuse\u021be,<br \/>\nTot ce-a fost, ce-are s\u0103 fie,<br \/>\nE orice z\u0103d\u0103rnicie.<br \/>\nFi\u021bi, tr\u0103i\u021bi, dar nu dori\u021bi&#8230;<\/p>\n<p>M-am uitat la ferici\u021bi.<\/p>\n","protected":false},"excerpt":{"rendered":"<p>I.\u00a0 OH ! DOAMNE Oh ! Doamne, r\u0103u m-ai urgisit, \u00cem soarta mea m-am \u00eempietrit: R\u0103m\u00e2n ca marmura de rece&#8230; [&#038;hellip<\/p>\n","protected":false},"author":1,"featured_media":0,"comment_status":"closed","ping_status":"closed","sticky":false,"template":"","format":"standard","meta":{"footnotes":""},"categories":[3],"tags":[],"class_list":["post-13563","post","type-post","status-publish","format-standard","hentry","category-articole"],"_links":{"self":[{"href":"https:\/\/www.marianagurza.ro\/blog\/wp-json\/wp\/v2\/posts\/13563","targetHints":{"allow":["GET"]}}],"collection":[{"href":"https:\/\/www.marianagurza.ro\/blog\/wp-json\/wp\/v2\/posts"}],"about":[{"href":"https:\/\/www.marianagurza.ro\/blog\/wp-json\/wp\/v2\/types\/post"}],"author":[{"embeddable":true,"href":"https:\/\/www.marianagurza.ro\/blog\/wp-json\/wp\/v2\/users\/1"}],"replies":[{"embeddable":true,"href":"https:\/\/www.marianagurza.ro\/blog\/wp-json\/wp\/v2\/comments?post=13563"}],"version-history":[{"count":2,"href":"https:\/\/www.marianagurza.ro\/blog\/wp-json\/wp\/v2\/posts\/13563\/revisions"}],"predecessor-version":[{"id":13566,"href":"https:\/\/www.marianagurza.ro\/blog\/wp-json\/wp\/v2\/posts\/13563\/revisions\/13566"}],"wp:attachment":[{"href":"https:\/\/www.marianagurza.ro\/blog\/wp-json\/wp\/v2\/media?parent=13563"}],"wp:term":[{"taxonomy":"category","embeddable":true,"href":"https:\/\/www.marianagurza.ro\/blog\/wp-json\/wp\/v2\/categories?post=13563"},{"taxonomy":"post_tag","embeddable":true,"href":"https:\/\/www.marianagurza.ro\/blog\/wp-json\/wp\/v2\/tags?post=13563"}],"curies":[{"name":"wp","href":"https:\/\/api.w.org\/{rel}","templated":true}]}}