{"id":1362,"date":"2012-01-23T09:33:17","date_gmt":"2012-01-23T09:33:17","guid":{"rendered":"http:\/\/www.marianagurza.ro\/blog\/?p=1362"},"modified":"2012-03-20T16:42:28","modified_gmt":"2012-03-20T16:42:28","slug":"indemn-la-unire-versuri","status":"publish","type":"post","link":"https:\/\/www.marianagurza.ro\/blog\/2012\/01\/23\/indemn-la-unire-versuri\/","title":{"rendered":"Poeme: \u00cendemn la Unire de Daris Basarab"},"content":{"rendered":"<p><strong>\u00a0\u00a0\u00a0 <a href=\"http:\/\/www.marianagurza.ro\/blog\/wp-content\/uploads\/2012\/01\/i.a.cuza_1.jpg\"><img loading=\"lazy\" decoding=\"async\" class=\"size-full wp-image-1378 aligncenter\" title=\"i.a.cuza\" src=\"http:\/\/www.marianagurza.ro\/blog\/wp-content\/uploads\/2012\/01\/i.a.cuza_1.jpg\" alt=\"\" width=\"181\" height=\"279\" \/><\/a><\/strong><\/p>\n<p><strong><a href=\"http:\/\/www.youtube.com\/watch?v=uL1bgOtoL3s\">HORA UNIRII<\/a><\/strong><\/p>\n<p>&nbsp;<\/p>\n<p><a href=\"http:\/\/3.bp.blogspot.com\/-KL1-KEfqbmE\/Tx6DQcTcamI\/AAAAAAAAAjM\/IkL_RSVTl4g\/s1600\/harta.jpg\"><img loading=\"lazy\" decoding=\"async\" class=\"aligncenter\" src=\"http:\/\/3.bp.blogspot.com\/-KL1-KEfqbmE\/Tx6DQcTcamI\/AAAAAAAAAjM\/IkL_RSVTl4g\/s400\/harta.jpg\" alt=\"\" width=\"400\" height=\"271\" border=\"0\" \/><\/a><\/p>\n<p><strong>\u00a0\u00a0 \u00a0 \u00a0 \u00a0 \u00a0 \u00a0 \u00a0 \u00a0 \u00a0 \u00a0 \u00a0 \u00a0 \u00a0 \u00a0 \u00a0 \u00cendemn la Unire<\/strong><\/p>\n<p>C\u00e2nd Mihai intra \u00een Alba<\/p>\n<p>Consfin\u0163ind prima Unire<\/p>\n<p>El venea s\u0103 \u00eemplineasc\u0103<\/p>\n<p>A rom\u00e2nilor g\u00e2ndire.<\/p>\n<p style=\"text-align: right;\"><strong><a href=\"http:\/\/4.bp.blogspot.com\/-w1wwV67S5ug\/Tx6Cmfwv94I\/AAAAAAAAAjE\/E9ouc0HyyHg\/s1600\/200px-Theodor_Aman_-_Proclamarea_Unirii.jpg\"><img loading=\"lazy\" decoding=\"async\" src=\"http:\/\/4.bp.blogspot.com\/-w1wwV67S5ug\/Tx6Cmfwv94I\/AAAAAAAAAjE\/E9ouc0HyyHg\/s400\/200px-Theodor_Aman_-_Proclamarea_Unirii.jpg\" alt=\"\" width=\"400\" height=\"280\" border=\"0\" \/><\/a><br \/>\n<\/strong><\/p>\n<p>To\u0163i \u015ftiau ce-nseamn\u0103 asta<\/p>\n<p>Un \u00eendemn strigat pe fa\u0163\u0103<\/p>\n<p>Pentru-o unic\u0103 Na\u0163iune<\/p>\n<p>Pentru limb\u0103, pentru via\u0163\u0103.<\/p>\n<p>&nbsp;<\/p>\n<p style=\"text-align: left;\">A fost o idee mare<\/p>\n<p style=\"text-align: left;\">Ce-a speriat p\u00e2n\u2019 h\u0103t departe<\/p>\n<p>Neg\u0103sind o alt\u0103 cale<\/p>\n<p>Unii s-au g\u00e2ndit la moarte.<\/p>\n<p>&nbsp;<\/p>\n<p>&nbsp;<\/p>\n<p>Capul lui c\u0103zu c\u00e2nd visul<\/p>\n<p>P\u0103rea gata \u00eemplinit<\/p>\n<p>A r\u0103mas \u00eens\u0103 \u00eendemnul<\/p>\n<p>Peste vremuri mo\u015ftenit.<\/p>\n<p>&nbsp;<\/p>\n<p>Dou\u0103 veacuri jum\u0103tate<\/p>\n<p>Au trecut f\u0103r\u2019 s\u0103 aline<\/p>\n<p>Dorul pentru liberate<\/p>\n<p>G\u00e2ndul c-o s\u0103 se \u00eempline.<\/p>\n<p><a href=\"http:\/\/4.bp.blogspot.com\/-lExwlDjX3rs\/Tx6DjoI6kyI\/AAAAAAAAAjU\/Z_xlqyo8KlQ\/s1600\/images.jpg\"><img loading=\"lazy\" decoding=\"async\" class=\"alignright\" src=\"http:\/\/4.bp.blogspot.com\/-lExwlDjX3rs\/Tx6DjoI6kyI\/AAAAAAAAAjU\/Z_xlqyo8KlQ\/s400\/images.jpg\" alt=\"\" width=\"258\" height=\"400\" border=\"0\" \/><\/a><\/p>\n<p>&nbsp;<\/p>\n<p>C\u00e2nd sub Cuza Voievod<\/p>\n<p>S-a c\u00e2ntat Hora Unirii<\/p>\n<p>To\u0163i sim\u0163eau c\u0103-i un \u00eendemn<\/p>\n<p>Primul pas al \u00eemplinirii.<\/p>\n<p>&nbsp;<\/p>\n<p>Milcovul era secat<\/p>\n<p>De doi fra\u0163i, dintr-o sorbire<\/p>\n<p>G\u00e2ndul le era-ndreptat<\/p>\n<p>Spre to\u0163i cei de o sim\u0163ire.<\/p>\n<p>&nbsp;<\/p>\n<p>Cei c\u0103zu\u0163i la M\u0103r\u0103\u015fe\u015fti<\/p>\n<p>S-au g\u00e2ndit la dezrobire<\/p>\n<p>Pacea care a venit<\/p>\n<p>A-nsemnat, de fapt, Unire!<\/p>\n<p>&nbsp;<\/p>\n<p>Ast\u0103zi c\u00e2nd al nost\u2019 P\u0103m\u00e2nt<\/p>\n<p>E ciuntit prin siluire<\/p>\n<p>Plini suntem de-un vechi \u00eendemn<\/p>\n<p>Pentru marea \u00eemplinire.<\/p>\n<p>&nbsp;<\/p>\n<p>19 nov.\u201977<\/p>\n<p>Maputo<\/p>\n<p>&nbsp;<\/p>\n<p>&nbsp;<\/p>\n<p><a href=\"http:\/\/2.bp.blogspot.com\/-Forj4pmQtc8\/Tx1iMe9GnOI\/AAAAAAAAAiM\/BHDlkfH6Ftg\/s1600\/catedrala+ortodoxa+din+Ismail.jpg\"><img loading=\"lazy\" decoding=\"async\" class=\"aligncenter\" src=\"http:\/\/2.bp.blogspot.com\/-Forj4pmQtc8\/Tx1iMe9GnOI\/AAAAAAAAAiM\/BHDlkfH6Ftg\/s400\/catedrala+ortodoxa+din+Ismail.jpg\" alt=\"\" width=\"400\" height=\"300\" border=\"0\" \/><\/a><\/p>\n<p style=\"text-align: left;\"><strong>Contrast de decembrie\u00a0\u00a0<\/strong><\/p>\n<p style=\"text-align: left;\"><strong>\u00a0\u00a0\u00a0\u00a0\u00a0\u00a0\u00a0\u00a0\u00a0\u00a0\u00a0\u00a0\u00a0\u00a0\u00a0\u00a0\u00a0\u00a0\u00a0\u00a0\u00a0\u00a0\u00a0\u00a0\u00a0\u00a0\u00a0 <\/strong><\/p>\n<p>Aici, \u00een decembrie<\/p>\n<p>Un g\u00e2nd de vecernie<\/p>\n<p>Se-ndreapt\u0103 cu dor<\/p>\n<p>Pe-un val c\u0103l\u0103tor<\/p>\n<p>Colo, departe<\/p>\n<p>Pe-a Dun\u0103rii parte<\/p>\n<p>Spre-ora\u015ful albit<\/p>\n<p>Ismailul iubit.<\/p>\n<p>&nbsp;<\/p>\n<p>&nbsp;<\/p>\n<p>G\u00e2ndul se-opre\u015fte<\/p>\n<p>\u015ei-uimit \u015fi-amine\u015fte<\/p>\n<p>De podul de ghia\u0163\u0103<\/p>\n<p>Ce-i st\u0103 parc\u0103-n fa\u0163\u0103<\/p>\n<p>De apa ce trece<\/p>\n<p>Sub lespedea rece<\/p>\n<p>C-a\u015fa-i \u00een vecernie<\/p>\n<p>Acolo-n decembrie.<\/p>\n<p>&nbsp;<\/p>\n<p>\u015ei g\u00e2ndul porne\u015fte<\/p>\n<p>Pe ghia\u0163\u0103, se-opre\u015fte<\/p>\n<p>Ascult\u0103 cum gerul<\/p>\n<p>Sub pasu-i trosne\u015fte<\/p>\n<p>Se uit\u0103 \u00een zare<\/p>\n<p>\u015ei vede cum cerul<\/p>\n<p>Cu albii s\u0103i nouri<\/p>\n<p>Coboar\u0103-n n\u0103me\u0163i \u015fi se odihne\u015fte.<\/p>\n<p>&nbsp;<\/p>\n<p>Apoi, cu privirea-i<\/p>\n<p>De g\u00e2nd zbur\u0103tor<\/p>\n<p>Fixeaz\u0103 peisajul de alb curg\u0103tor<\/p>\n<p>Ce-acoper\u0103 case cu uli\u0163i cu tot<\/p>\n<p>\u015ei-a\u015fa el aude un clinchet de dor<\/p>\n<p>Al biciului sunet<\/p>\n<p>Al troicilor cor<\/p>\n<p>Ce parc\u0103-l \u00eendeamn\u0103, \u00eel cheam\u0103 de zor.<\/p>\n<p>&nbsp;<\/p>\n<p>O, iarn\u0103 pufoas\u0103<\/p>\n<p>Ce mult te doresc!<\/p>\n<p>O, cas\u0103 din basme<\/p>\n<p>Ce clar te z\u0103resc!<\/p>\n<p>Acolo l\u0103sat-am eu sufletul meu<\/p>\n<p>Acolo se-ndreapt\u0103 \u015fi g\u00e2ndul mereu<\/p>\n<p>\u015ei-n miez de decembrie, pe mal indian<\/p>\n<p>Eu simt cum se-ncinge, un dor moldovean&#8230;<\/p>\n<p>&nbsp;<\/p>\n<p>19 dec.\u201977<\/p>\n<p>Maputo<\/p>\n<p>&nbsp;<\/p>\n<p><a href=\"http:\/\/www.marianagurza.ro\/blog\/wp-content\/uploads\/2012\/01\/MIHAI-VITEAZU1.jpg\"><img loading=\"lazy\" decoding=\"async\" class=\"size-full wp-image-1384 alignleft\" title=\"MIHAI VITEAZU\" src=\"http:\/\/www.marianagurza.ro\/blog\/wp-content\/uploads\/2012\/01\/MIHAI-VITEAZU1.jpg\" alt=\"\" width=\"142\" height=\"204\" \/><\/a><\/p>\n<p style=\"text-align: left;\"><strong>\u00a0\u00a0\u00a0\u00a0\u00a0\u00a0\u00a0\u00a0 Mihai<\/strong><\/p>\n<p style=\"text-align: left;\">Te \u015ftim din cronici \u015fi portrete,<\/p>\n<p style=\"text-align: left;\">Din ce-au transmis at\u00e2tea genera\u0163ii;<\/p>\n<p style=\"text-align: left;\">Te \u015ftim f\u0103uritorul unei na\u0163ii,<\/p>\n<p style=\"text-align: left;\">Ce faptele \u00eencearc\u0103 s\u0103-\u0163i repete.<\/p>\n<p>Tu e\u015fti viteazul cu securea,<\/p>\n<p>C\u0103lare \u00eendemn\u00e2ndu-\u015fi oastea;<\/p>\n<p>Te \u015ftim tr\u0103dat atunci c\u00e2nd vestea<\/p>\n<p>Victoriilor, dep\u0103\u015fise zarea.<\/p>\n<p>&nbsp;<\/p>\n<p>C\u0103lare, falnic, ai intrat \u00een Alba,<\/p>\n<p>Dar ochii i-ai \u00eentors spre soare:<\/p>\n<p>Acolo unde el r\u0103sare,<\/p>\n<p>Erau rom\u00e2nii de pe Molda.<\/p>\n<p>&nbsp;<\/p>\n<p>&nbsp;<\/p>\n<p>\u015ei-a\u015fa sfin\u0163it-ai tronul care,<\/p>\n<p>Un Decebal l\u0103sase mo\u015ftenire,<\/p>\n<p>D\u00e2nd pentru prima oar\u0103 \u00eemplinire,<\/p>\n<p>Dorin\u0163ei de-a r\u0103m\u00e2ne un Neam Mare.<\/p>\n<p>3o.aug.&#8217;81<\/p>\n<p>Bucuresti<\/p>\n<p><a href=\"http:\/\/1.bp.blogspot.com\/-NexBCkRPUPs\/Tx1inI6kEII\/AAAAAAAAAiU\/vPedqbTPu2A\/s1600\/images.jpg\"><img loading=\"lazy\" decoding=\"async\" class=\"aligncenter\" src=\"http:\/\/1.bp.blogspot.com\/-NexBCkRPUPs\/Tx1inI6kEII\/AAAAAAAAAiU\/vPedqbTPu2A\/s400\/images.jpg\" alt=\"\" width=\"400\" height=\"277\" border=\"0\" \/><\/a><\/p>\n<p><strong>\u00a0\u00a0\u00a0\u00a0\u00a0\u00a0\u00a0\u00a0\u00a0 <\/strong><\/p>\n<p><strong>\u00a0\u00a0\u00a0\u00a0\u00a0\u00a0\u00a0\u00a0\u00a0 Hora unirii&#8230;<\/strong><\/p>\n<p>&nbsp;<\/p>\n<p>Hai, s\u0103 ne unim to\u0163i glasul!<\/p>\n<p>S\u0103 vibreze-ntreg p\u0103m\u00e2ntul!<\/p>\n<p>La nevoie chiar \u015fi bra\u0163ul &#8211;<\/p>\n<p>S\u0103 ne ap\u0103r\u0103m cuv\u00e2ntul!<\/p>\n<p>&nbsp;<\/p>\n<p>\u015ei s-o spunem sus \u015fi tare &#8211;<\/p>\n<p>S\u0103 ne-aud\u0103 astfel g\u00e2ndul<\/p>\n<p>Ce-l nutrim cu \u00eenfocare<\/p>\n<p>Ca s\u0103 ap\u0103r\u0103m p\u0103m\u00e2ntul!<\/p>\n<p>&nbsp;<\/p>\n<p>Va fi hora b\u0103rb\u0103\u0163iei &#8211;<\/p>\n<p>Vom lua fr\u00e2nele-n m\u00e2n\u0103 &#8211;<\/p>\n<p>Din moment ce-s paranoici,<\/p>\n<p>S\u0103-i \u00eentoarcem \u00een \u0163\u0103r\u00e2n\u0103!<\/p>\n<p>&nbsp;<\/p>\n<p>&nbsp;<\/p>\n<p>S\u0103 chem\u0103m cu noi savan\u0163ii,<\/p>\n<p>Cei ce uit\u0103 \u00een ne\u015ftire,<\/p>\n<p>C-a lor vise minunate,<\/p>\n<p>Pot sf\u00e2r\u015fi o omenire.<\/p>\n<p>&nbsp;<\/p>\n<p>\u015ei \u00een hora asta mare &#8211;<\/p>\n<p>Nu tu grai, nu tu frontiere &#8211;<\/p>\n<p>S\u0103 cl\u0103dim o lume-a p\u0103cii,<\/p>\n<p>F\u0103r\u0103 boli, f\u0103r\u0103 durere.<\/p>\n<p>&nbsp;<\/p>\n<p>Hai, s\u0103 ne unim cu to\u0163ii!<\/p>\n<p>S\u0103 vibreze-ntreg p\u0103m\u00e2ntul!<\/p>\n<p>S\u0103-n\u0103l\u0163\u0103m un imn al p\u0103cii,<\/p>\n<p>P\u00e2n\u0103 nu ne-au furat g\u00e2ndul!&#8230;<\/p>\n<p>14 0ct.\u201981<\/p>\n<p>Bucure\u015fti<\/p>\n<p>&nbsp;<\/p>\n<p><a href=\"http:\/\/4.bp.blogspot.com\/-D37zhnXizA4\/Tx1j4Sj5JPI\/AAAAAAAAAic\/J5UxuOOJETk\/s1600\/VIS.jpg\"><img loading=\"lazy\" decoding=\"async\" class=\"aligncenter\" src=\"http:\/\/4.bp.blogspot.com\/-D37zhnXizA4\/Tx1j4Sj5JPI\/AAAAAAAAAic\/J5UxuOOJETk\/s400\/VIS.jpg\" alt=\"\" width=\"400\" height=\"266\" border=\"0\" \/><\/a><\/p>\n<p><strong>\u00a0\u00a0\u00a0 Nu m<\/strong><strong>\u0103-ntreba\u0163i&#8230;<\/strong><\/p>\n<p>&nbsp;<\/p>\n<p>Nu m\u0103-ntreba\u0163i de ce-am plecat!<\/p>\n<p>Nu m\u0103-ntreba\u0163i dac\u0103 mi-e dor!<\/p>\n<p>N-atrag pe nimeni \u00een p\u0103cat,<\/p>\n<p>Vreau lini\u015ftit s\u0103 pot s\u0103 mor.<\/p>\n<p>&nbsp;<\/p>\n<p>&nbsp;<\/p>\n<p>Nicic\u00e2nd eu Neamul n-am tr\u0103dat &#8211;<\/p>\n<p>Nici c\u00e2nd am stat, nici c\u00e2nd m-am dus-<\/p>\n<p>De \u0162ara mea am fost legat,<\/p>\n<p>\u00cen toate sufletul mi-am pus.<\/p>\n<p>&nbsp;<\/p>\n<p>De ce-am plecat? De ce m-am dus?<\/p>\n<p>Sunt treburi care-mi apar\u0163in!<\/p>\n<p>Sunt liber, parc\u0103 am mai spus,<\/p>\n<p>\u015ei nim\u0103nui nu m\u0103 \u00eenchin!<\/p>\n<p>&nbsp;<\/p>\n<p>Bine-n\u0163eles c\u0103 a\u015f fi vrut<\/p>\n<p>S\u0103 pot pleca f\u0103r\u0103 s\u0103 fug &#8211;<\/p>\n<p>Da, c\u00e2t de mult mi-ar fi pl\u0103cut<\/p>\n<p>S\u0103 nu cunosc ce-i aia jug!<\/p>\n<p>&nbsp;<\/p>\n<p>De c\u00e2nd rom\u00e2nu-i obligat<\/p>\n<p>S\u0103 moar\u0103 doar \u00een patul lui?!<\/p>\n<p>Dac\u0103 e\u015fti om, ne-nstr\u0103inat<\/p>\n<p>R\u0103m\u00e2i \u2013 o spun eu ori\u015ficui.<\/p>\n<p>&nbsp;<\/p>\n<p>\u015ei-atunci, de ce s\u0103 fiu proscris?<\/p>\n<p>Doar pentru dragostea-mi de drum?!<\/p>\n<p>De ce s\u0103 sufere \u015fi-n vis,<\/p>\n<p>Ai mei, ce-acas\u0103-s \u015fi acum?!<\/p>\n<p>&nbsp;<\/p>\n<p>Cu ce-a gre\u015fit al meu copil.<\/p>\n<p>Sau fra\u0163ii mei, sau verii buni?!<\/p>\n<p>Ca m\u00e2ine poate-un ruso-fil,<\/p>\n<p>Va fi trecut printre nebuni!<\/p>\n<p>&nbsp;<\/p>\n<p>Ne tragem, doar, din neam str\u0103vechi<\/p>\n<p>Ce-n lume s-a f\u0103cut iubit,<\/p>\n<p>\u015ei s-ar putea s\u0103 fie vechi<\/p>\n<p>Tot ce e ast\u0103zi preasl\u0103vit.<\/p>\n<p>&nbsp;<\/p>\n<p>S\u0103 nu uit\u0103m, suntem pu\u0163ini &#8211;<\/p>\n<p>Vecinii nu ne-au prea cru\u0163at \u2013<\/p>\n<p>S-avem \u00een lume pelerini,<\/p>\n<p>S\u0103 vindem tot ce-am \u00eenv\u0103\u0163at.<\/p>\n<p>&nbsp;<\/p>\n<p>\u00cen lume-s mul\u0163i de pe la noi<\/p>\n<p>De care-adesea nici nu \u015ftim &#8211;<\/p>\n<p>\u00cent\u00e2mpl\u0103tor afl\u0103m c\u0103-s soi,<\/p>\n<p>\u015ei-abia atuncea, ne m\u00e2ndrim.<\/p>\n<p>&nbsp;<\/p>\n<p>&nbsp;<\/p>\n<p>Enescu, Neamul n-a tr\u0103dat<\/p>\n<p>Murind departe de ai s\u0103i &#8211;<\/p>\n<p>Br\u00e2ncu\u015fi, cu-o treapt\u0103 s-a-n\u0103l\u0163at,<\/p>\n<p>Lupt\u00e2nd cu anii cei mai grei.<\/p>\n<p>&nbsp;<\/p>\n<p>De ce atuncea m\u0103-nfiera\u0163i?!<\/p>\n<p>De ce stigmatul pe-al meu tors?!<\/p>\n<p>De ce azi nu mai suntem fra\u0163i?!<\/p>\n<p>De ce n-am cale de \u00eentors?!&#8230;<\/p>\n<p>14 oct.\u201983<\/p>\n<p>Bucure\u015fti<\/p>\n<p>&nbsp;<\/p>\n<p>&nbsp;<\/p>\n<p>&nbsp;<\/p>\n<p style=\"text-align: center;\"><strong><br \/>\n<\/strong><\/p>\n<p><a href=\"http:\/\/3.bp.blogspot.com\/-UQOC9v1v8xA\/Tx1lhvncNeI\/AAAAAAAAAis\/LLA1rifw3Zs\/s1600\/EMINESCU.jpg\"><img loading=\"lazy\" decoding=\"async\" class=\"aligncenter\" src=\"http:\/\/3.bp.blogspot.com\/-UQOC9v1v8xA\/Tx1lhvncNeI\/AAAAAAAAAis\/LLA1rifw3Zs\/s400\/EMINESCU.jpg\" alt=\"\" width=\"374\" height=\"400\" border=\"0\" \/><\/a><\/p>\n<p style=\"text-align: left;\"><strong>\u00a0\u00a0\u00a0\u00a0\u00a0\u00a0<\/strong><\/p>\n<p><strong>To<\/strong><strong>\u0163i vorbim<\/strong><strong>&#8230;<\/strong><\/p>\n<p>&nbsp;<\/p>\n<p>To\u0163i vorbim de Eminescu,<\/p>\n<p>Ca de un trecut;<\/p>\n<p>Nu-n\u0163elegem c-acest Escu,<\/p>\n<p>Nici nu s-a n\u0103scut.<\/p>\n<p>&nbsp;<\/p>\n<p>El exist\u0103 precum lumea,<\/p>\n<p>F\u0103r\u0103 \u00eenceput;<\/p>\n<p>\u00centre El \u015fi noi, genunea &#8211;<\/p>\n<p>Noi suntem din lut.<\/p>\n<p>&nbsp;<\/p>\n<p>El e spirit ce-ntrupeaz\u0103,<\/p>\n<p>For\u0163a unui Zeu;<\/p>\n<p>Cine oare mai cuteaz\u0103,<\/p>\n<p>S\u0103 mai spun\u0103, Eu?!<\/p>\n<p>&nbsp;<\/p>\n<p>El va fi \u00eentotdeauna &#8211;<\/p>\n<p>Noi murim pe r\u00e2nd;<\/p>\n<p>El, purt\u00e2nd mereu cununa,<\/p>\n<p>Noi, c\u00e2rtind \u00een g\u00e2nd.<\/p>\n<p>&nbsp;<\/p>\n<p>C\u0103ci, ce-i drept, n-avem curajul,<\/p>\n<p>S\u0103-l \u00eenmorm\u00e2nt\u0103m;<\/p>\n<p>Dar al nostru-i apanajul,<\/p>\n<p>S\u0103 ne-ncumet\u0103m.<\/p>\n<p>&nbsp;<\/p>\n<p>Ce-i mai trist, c\u0103 ne prefacem,<\/p>\n<p>C\u0103 suntem umili;<\/p>\n<p>Printre versuri proaste zacem,<\/p>\n<p>Vr\u00e2nd s\u0103 fim utili!?<\/p>\n<p>&nbsp;<\/p>\n<p>Epigonii lui suntem dar,<\/p>\n<p>\u015ei vom fi \u00een veci!<\/p>\n<p>Nu se poate na\u015fte-un Hrist iar &#8211;<\/p>\n<p>Spiritele-s reci&#8230;<\/p>\n<p>22 ian.\u201989<\/p>\n<p>Bucure\u015fti<\/p>\n<p>&nbsp;<\/p>\n<p style=\"text-align: left;\"><strong><br \/>\n<\/strong><\/p>\n<p style=\"text-align: center;\"><a href=\"http:\/\/2.bp.blogspot.com\/-uWiSUXW0g2o\/Tx1lBK0DlqI\/AAAAAAAAAik\/qvRIUO6hop4\/s1600\/melancolie.jpg\"><img loading=\"lazy\" decoding=\"async\" src=\"http:\/\/2.bp.blogspot.com\/-uWiSUXW0g2o\/Tx1lBK0DlqI\/AAAAAAAAAik\/qvRIUO6hop4\/s400\/melancolie.jpg\" alt=\"\" width=\"400\" height=\"299\" border=\"0\" \/><\/a><\/p>\n<p style=\"text-align: center;\"><strong>\u00a0\u00a0\u00a0\u00a0\u00a0\u00a0\u00a0<\/strong><\/p>\n<p><strong>\u00a0\u00a0\u00a0\u00a0\u00a0\u00a0\u00a0\u00a0 Prin ochii mei&#8230;<\/strong><\/p>\n<p>&nbsp;<\/p>\n<p>Prin ochii mei privesc poe\u0163ii<\/p>\n<p>Scrut\u00e2nd al m\u0103rii nesf\u00e2r\u015fit;<\/p>\n<p>Cu to\u0163i \u00eencearc\u0103 s\u0103 dezlege<\/p>\n<p>Al visului dor infinit.<\/p>\n<p>&nbsp;<\/p>\n<p>De ce? Se-ntreab\u0103 ei \u00eentruna,<\/p>\n<p>Dorul de duc\u0103-i nesecat;<\/p>\n<p>C\u00e2nd valul \u00eenspumat se stinge,<\/p>\n<p>Zarea te cheam\u0103 \u00eenc-o dat\u2019.<\/p>\n<p>&nbsp;<\/p>\n<p>\u015ei to\u0163i rotesc a lor privire<\/p>\n<p>Un punct de sprijin c\u0103ut\u00e2nd;<\/p>\n<p>Spre care \u0163\u0103ri de farmec pline,<\/p>\n<p>Le scap\u0103 oful alerg\u00e2nd?<\/p>\n<p>&nbsp;<\/p>\n<p>\u015ei ochi-ace\u015ftia melancolici<\/p>\n<p>R\u0103m\u00e2n pe loc \u015fi nu mai pleac\u0103<\/p>\n<p>Sclipind de dorul infinit&#8230;<\/p>\n<p>25 mai \u201989<\/p>\n<p>Bucure\u015fti<\/p>\n<p style=\"text-align: center;\"><strong><a href=\"http:\/\/4.bp.blogspot.com\/-BoSD3ejhBsc\/Tx1l8KD37wI\/AAAAAAAAAi0\/oyUUnFHAyk4\/s1600\/unirea.jpg\"><img loading=\"lazy\" decoding=\"async\" src=\"http:\/\/4.bp.blogspot.com\/-BoSD3ejhBsc\/Tx1l8KD37wI\/AAAAAAAAAi0\/oyUUnFHAyk4\/s400\/unirea.jpg\" alt=\"\" width=\"400\" height=\"326\" border=\"0\" \/><\/a><br \/>\n<\/strong><\/p>\n<p style=\"text-align: left;\">(Din volumul:<strong> GLASUL T\u0102CERII)\u00a0<\/strong><\/p>\n<p style=\"text-align: left;\"><strong>\u00a0 <strong>Daris Basarab<\/strong> <\/strong><\/p>\n<p><strong>\u00a0<\/strong><\/p>\n","protected":false},"excerpt":{"rendered":"<p>\u00a0\u00a0\u00a0 HORA UNIRII &nbsp; \u00a0\u00a0 \u00a0 \u00a0 \u00a0 \u00a0 \u00a0 \u00a0 \u00a0 \u00a0 \u00a0 \u00a0 \u00a0 \u00a0 \u00a0 \u00a0 \u00cendemn [&#038;hellip<\/p>\n","protected":false},"author":1,"featured_media":0,"comment_status":"closed","ping_status":"closed","sticky":false,"template":"","format":"standard","meta":{"footnotes":""},"categories":[3,6],"tags":[],"class_list":["post-1362","post","type-post","status-publish","format-standard","hentry","category-articole","category-linkuri-externe"],"_links":{"self":[{"href":"https:\/\/www.marianagurza.ro\/blog\/wp-json\/wp\/v2\/posts\/1362","targetHints":{"allow":["GET"]}}],"collection":[{"href":"https:\/\/www.marianagurza.ro\/blog\/wp-json\/wp\/v2\/posts"}],"about":[{"href":"https:\/\/www.marianagurza.ro\/blog\/wp-json\/wp\/v2\/types\/post"}],"author":[{"embeddable":true,"href":"https:\/\/www.marianagurza.ro\/blog\/wp-json\/wp\/v2\/users\/1"}],"replies":[{"embeddable":true,"href":"https:\/\/www.marianagurza.ro\/blog\/wp-json\/wp\/v2\/comments?post=1362"}],"version-history":[{"count":0,"href":"https:\/\/www.marianagurza.ro\/blog\/wp-json\/wp\/v2\/posts\/1362\/revisions"}],"wp:attachment":[{"href":"https:\/\/www.marianagurza.ro\/blog\/wp-json\/wp\/v2\/media?parent=1362"}],"wp:term":[{"taxonomy":"category","embeddable":true,"href":"https:\/\/www.marianagurza.ro\/blog\/wp-json\/wp\/v2\/categories?post=1362"},{"taxonomy":"post_tag","embeddable":true,"href":"https:\/\/www.marianagurza.ro\/blog\/wp-json\/wp\/v2\/tags?post=1362"}],"curies":[{"name":"wp","href":"https:\/\/api.w.org\/{rel}","templated":true}]}}