{"id":13664,"date":"2013-06-29T07:01:32","date_gmt":"2013-06-29T07:01:32","guid":{"rendered":"http:\/\/www.marianagurza.ro\/blog\/?p=13664"},"modified":"2013-06-29T07:26:38","modified_gmt":"2013-06-29T07:26:38","slug":"felicia-nichita-toma-o-lacrima-ascunsa","status":"publish","type":"post","link":"https:\/\/www.marianagurza.ro\/blog\/2013\/06\/29\/felicia-nichita-toma-o-lacrima-ascunsa\/","title":{"rendered":"Felicia Nichita-Toma: O lacrim\u0103 ascuns\u0103"},"content":{"rendered":"<p style=\"text-align: justify;\"><a href=\"http:\/\/www.marianagurza.ro\/blog\/wp-content\/uploads\/2013\/06\/b_300_472_16777215_0___images_stories_jurnalistica_Inaugurare-bust-Eminescu-Hliboca.jpg\"><img loading=\"lazy\" decoding=\"async\" class=\"size-medium wp-image-13665 alignleft\" title=\"b_300_472_16777215_0___images_stories_jurnalistica_Inaugurare-bust-Eminescu-Hliboca\" src=\"http:\/\/www.marianagurza.ro\/blog\/wp-content\/uploads\/2013\/06\/b_300_472_16777215_0___images_stories_jurnalistica_Inaugurare-bust-Eminescu-Hliboca-190x300.jpg\" alt=\"\" width=\"190\" height=\"300\" srcset=\"https:\/\/www.marianagurza.ro\/blog\/wp-content\/uploads\/2013\/06\/b_300_472_16777215_0___images_stories_jurnalistica_Inaugurare-bust-Eminescu-Hliboca-190x300.jpg 190w, https:\/\/www.marianagurza.ro\/blog\/wp-content\/uploads\/2013\/06\/b_300_472_16777215_0___images_stories_jurnalistica_Inaugurare-bust-Eminescu-Hliboca.jpg 300w\" sizes=\"auto, (max-width: 190px) 100vw, 190px\" \/><\/a>Cu mai mult dor \u015fi triste\u0163e \u00een suflete am venit \u015fi de aceast\u0103 dat\u0103 la comemorarea celor 124 de ani de la trecerea \u00een eternitate a Luceaf\u0103rului poeziei rom\u00e2ne\u015fti, bucuriile fiindu-ne umbrite \u015fi de vestea decapit\u0103rii bustului Poetului, instalat cu dou\u0103 zile \u00een urm\u0103 la Hliboca (Ad\u00e2ncata), \u015fi de informa\u0163ia comunicat\u0103 de dna Elena V\u00e2ntu-T\u0103r\u00e2\u0163eanu, directoarea Muzeului \u201eMihai Eminescu&#8221;, existen\u0163a c\u0103ruia e evident\u0103 doar prin fantoma deteriorat\u0103 a casei ilustrului om de cultur\u0103 \u015fi mentor al Poetului, c\u0103 a mai ap\u0103rut un \u201eexponat&#8221; nou , un document cu urm\u0103torul con\u0163inut: din lips\u0103 de mijloace, autorit\u0103\u0163ile ucrainene \u015fi Muzeul Etnografic Regional, al c\u0103rui filial\u0103 este Muzeul \u201eMihai Eminescu&#8221; , p\u00e2n\u0103 ce nu pot sprijini finan\u0163area repara\u0163iei lui capitale. Iar dl D\u0103nu\u0163 Hu\u0163u, \u015feful Direc\u0163iei Jude\u0163ene de Cultur\u0103 Boto\u015fani, \u015fi Ducu Mihai, membru al Societ\u0103\u0163ii Culturale \u201eRom\u00e2nii la ei acas\u0103&#8221; din T\u00e2rgovi\u015fte, fosta capital\u0103 a \u0162\u0103rii Rom\u00e2ne\u015fti, s-au referit la faptul c\u0103 suntem obliga\u0163i s\u0103-i p\u0103str\u0103m vie amintirea, c\u0103ci prin Eminescu suntem \u015fi noi mai boga\u0163i suflete\u015fte, prin crea\u0163ia Poetului ne cunoa\u015ftem \u015fi ne pre\u0163uim valorile na\u0163ionale. Eminescu a tr\u0103it \u015fi a creat pentru noi, continu\u00e2ndu-\u015fi existen\u0163a spiritual\u0103 la Cern\u0103u\u0163i, anume prin aceast\u0103 cas\u0103, \u201e\u00eembr\u0103cat\u0103&#8221; \u00een tr\u0103iri \u015fi frumuse\u0163i poetice. Or, anume aici t\u00e2n\u0103rul \u00eenv\u0103\u0163\u0103cel Mihai Eminovici a \u015fi scris primele sale versuri &#8211; \u201eLa morm\u00e2ntul lui Aron Pumnul&#8221; &#8211; dedic\u00e2ndu-i-le iubitului s\u0103u dasc\u0103l.<\/p>\n<p style=\"text-align: justify;\"><strong>Ne men\u0163inem pe verticala existen\u0163ei &#8211; Rom\u00e2nia \u015fi Eminescu<\/strong><\/p>\n<p style=\"text-align: justify;\">Am visat \u015fi noi o alt\u0103 soart\u0103, \u201epe p\u0103m\u00e2ntul Daciei str\u0103bune, Eminescu-i steaua ce ne poart\u0103&#8221; g\u00e2ndurile \u015fi aspira\u0163iile \u00een univers. Mae\u015ftrii Corului \u201eDrago\u015f Vod\u0103&#8221;, sub nimbul Tricolorului, \u015fi cu el \u00een suflet, prin vocile inegalabile \u015fi acordurile melodioaselor c\u00e2ntece patriotice \u015fi roman\u0163e, ne-au emo\u0163ionat p\u00e2n\u0103 la lacrimi, \u00eenv\u0103luindu-ne sufletele \u00een oaza tulbur\u0103tor de dulce a liricii eminesciene, f\u0103c\u00e2ndu-ne s\u0103 ni se preling\u0103 o lacrim\u0103 de dor pentru Eminescu \u015fi la monumentul juvenil al Poetului din scuarul de l\u00e2ng\u0103 fosta Cas\u0103 Na\u0163ional\u0103 a Rom\u00e2nilor, unde chipul Luceaf\u0103rului s-aprinde tot mai viu sub cupola aromitoare a teilor \u00een floare. O mare de flori i se a\u015fterne la picioare, depuse de autorit\u0103\u0163i, de reprezentan\u0163ii misiunii diplomatice rom\u00e2ne la Cern\u0103u\u0163i &#8211; viceconsulul Denisa Gabor \u015fi consulul Corneliu Cibotaru, de membrii delega\u0163iilor din jude\u0163ul Suceava &#8211; consilierul jude\u0163ean Ioan Abutn\u0103ri\u0163ei \u015fi so\u0163ia sa, Paraschiva, pre\u015fedintele Societ\u0103\u0163ii Culturale \u201ePro Basarabia \u015fi Bucovina&#8221;, filiala \u201eArboroasa&#8221; (Vatra Dornei), din T\u00e2rgovi\u015fte &#8211; Gheorghe Popescu (pre\u015fedinte), Ducu Mihai, Mihail Mihai, Claudiu Duica, Costic\u0103 P\u0103un, membri ai Societ\u0103\u0163ii Culturale \u201eRom\u00e2nii la ei acas\u0103&#8221;, din jude\u0163ul Boto\u015fani &#8211; D\u0103nu\u0163 Hu\u0163u, \u015feful Direc\u0163iei Jude\u0163ene de Cultur\u0103, Gheorghe Ciobanu, reprezentant al organiza\u0163iei nonguvernamentale \u201eEuroconcept&#8221;, actorul Florin Aioni\u0163oaie, directorul Teatrului pentru copii \u015fi tineret din Boto\u015fani, jurnali\u015ftii Cristian Lupa\u015fcu \u015fi Gabriel B\u0103la\u015fa din \u0162ar\u0103&#8230;<\/p>\n<p style=\"text-align: justify;\">Deplasa\u0163i la Hliboca \u00eempreun\u0103 cu actualii \u015fi fo\u015ftii colegi de breasl\u0103, ziari\u015ftii Nicolae Toma, Maria Toac\u0103, Mihai Hu\u0163cal \u015fi so\u0163ia sa Lidia, Ion Cre\u0163u \u015fi Dumitru Covalciuc, l-am convocat la sinceritate pe Nicolae \u015eapc\u0103, vicepre\u015fedintele Societ\u0103\u0163ii \u201eMihai Eminescu&#8221;, unul din ini\u0163iatorii instal\u0103rii la Hliboca a bustului Poetului, deputat \u00een Consiliul Raional, care a \u0163inut s\u0103 specifice c\u0103 sculptura a putut fi instalat\u0103, \u00een primul r\u00e2nd, gra\u0163ie \u00een\u0163elegerii \u015fi sprijinului acordat de Valeriu Rotar, pre\u015fedintele Consiliului Raional, a deputa\u0163ilor locali, care au votat aproape \u00een unanimitate \u201epentru&#8221;, c\u0103ci, doar cu un an \u00een urm\u0103, deputa\u0163ii Consiliului Or\u0103\u015fenesc Hliboca s-au pronun\u0163at \u201e\u00eempotriv\u0103&#8221;. Referindu-se la dispari\u0163ia capului bustului lui M. Eminescu, Nicolae \u015eapc\u0103 \u015fi-a exprimat regretul c\u0103 n-a instalat aici, la bust, \u015fi o camer\u0103 de luat vederi. Or, poate era \u00eendeajuns ca sculptura s\u0103 fie p\u0103zit\u0103, p\u00e2n\u0103 a fi inaugurat\u0103, de lucr\u0103tori ai mili\u0163iei, cum s-a procedat cu ani \u00een urm\u0103, c\u00e2nd \u00een centrul Cern\u0103u\u0163iului a fost instalat monumentul lui Mihai Eminescu \u015fi, cert lucru, nu se \u00eent\u00e2mplau asemenea fapte dubioase. Posibil c\u0103 atunci nu era nevoie nici de faptele eroice ale celor care au f\u0103cut un alt cap temporar din ghips, nici de eforturile organelor de drept, care au descoperit \u201ecrima&#8221; abia peste dou\u0103 zile, \u015fi, curios lucru, doar la dou\u0103 ore dup\u0103 \u00eencheierea manifest\u0103rii de comemorare, nici de \u00eenvinuirile autorit\u0103\u0163ilor cum c\u0103 unele din for\u0163ele politice caut\u0103, cu orice pre\u0163, s\u0103-i \u00eempiedice Ucrainei colaborarea \u015fi aderarea la Uniunea European\u0103, nici declara\u0163iile Organiza\u0163iei regionale \u201e\u0421\u0432\u043e\u0431\u043e\u0434\u0430&#8221;, care \u00een zadar a a\u015fteptat ca puterea \u0163inutului s\u0103 anun\u0163e \u00een public denumirile partidelor, implicate \u00een nimicirea bustului lui M. Eminescu. Mai mult de-at\u00e2t, \u201e\u0421\u0432\u043e\u0431\u043e\u0434\u0430&#8221; pune accent pe faptul c\u0103 bustul Poetului a fost decapitat de persoane, rudele c\u0103rora la alegerile parlamentare precedente, au efectuat o activ\u0103 agita\u0163ie pentru deputa\u0163ii din Partidul Regiunilor, c\u0103 \u00een acest caz criminal sunt implica\u0163i \u015fi unii lideri ai societ\u0103\u0163ilor na\u0163ional-culturale rom\u00e2ne\u015fti din regiunea Cern\u0103u\u0163i. Iar duminica precedent\u0103, \u201eVai de biet rom\u00e2n, s\u0103racul,\/ \u00cend\u0103r\u0103t tot d\u0103 ca racul&#8221;&#8230;<\/p>\n<p style=\"text-align: justify;\"><strong>\u201eCu privire la principiile politicii de stat \u00een domeniul limbilor&#8221;<\/strong><\/p>\n<p style=\"text-align: justify;\">Dar ce e mai dureros, c\u0103 cei care \u015fi-au r\u0103corit sufletele, mi-au sunat seara \u015fi m-au rugat s\u0103 nu scriu \u00een ziar despre ce-i doare. Da, a\u015fa e rom\u00e2nul nostru, cu vina mereu \u00een c\u00e2rc\u0103. Or, frica are ochi mari \u015fi nu ne-am debarasat \u00eenc\u0103 de ea, nu ne-am sp\u0103lat \u00eenc\u0103 de p\u0103catul tr\u0103d\u0103rii. Nu \u00een zadar ne comp\u0103timea Eminescu \u00een \u201eDoina&#8221;: \u201eVai de biet rom\u00e2n s\u0103racul,\/\u00cend\u0103r\u0103t tot d\u0103 ca racul&#8221;. Cu un cuv\u00e2nt de salut au fost prezen\u0163i la manifestare membrii delega\u0163ilor din Rom\u00e2nia, Ducu Mihai, D\u0103nu\u0163 Hu\u0163u, actorul Florin Aioni\u0163oaie, poeta popular\u0103 Eugenia Ciocoboc, scriitorul Mircea Lutic, M. Zahariuk, \u015feful A.R.S. Hliboca, M. G\u0103iniceru \u015fi Valeriu Rotar, pre\u015fedin\u0163ii consiliilor regional \u015fi raional, Denisa Gabor, viceconsul la Consulatul General al Rom\u00e2niei la Cern\u0103u\u0163i, care a specificat faptul c\u0103 Eminescu face parte din fiin\u0163a noastr\u0103 na\u0163ional\u0103 \u015fi c\u0103 Rom\u00e2nia, prin valorile, prin personalit\u0103\u0163ile de marc\u0103, contribuie at\u00e2t la p\u0103strarea \u015fi \u00eembog\u0103\u0163irea patrimoniului na\u0163ional, c\u00e2t \u015fi a celui european, valori \u00een care a crezut Eminescu \u015fi la care aspir\u0103m \u015fi noi. Ucraineanul Myhailo Gorbani, veteran al culturii, a recunoscut c\u0103 Eminescu e idolul lui, iar poeta ucrainean\u0103 Oleksandra Vozneak \u015fi-a exprimat marea admira\u0163ie fa\u0163\u0103 de opera Poetului \u015fi dorin\u0163a de a studia facultativ \u00een \u015fcolile ucrainene limba rom\u00e2n\u0103 pentru a-i putea citi crea\u0163ia \u00een original. Arcadie Opai\u0163, cel care a instalat al patrulea bust al lui Eminescu, a recunoscut sincer c\u0103 nu s-a mai \u00eent\u00e2lnit cu un asemenea vandalism, confirm\u00e2nd faptul c\u0103 are deja consim\u0163\u0103m\u00e2ntul autorit\u0103\u0163ilor pentru a instala busturile lui Mihai Eminescu \u015fi a lui Iancu Flondor la Storojine\u0163.<\/p>\n<p style=\"text-align: justify;\">Preotul Ioan Gorda, parohul bisericii Sf\u00e2ntul Nicolai din Voloca, protopopul raionului Hliboca, a sfin\u0163it bustul Poetului. C\u00e2nt\u0103ri divine i-au \u00een\u0103l\u0163at Luceaf\u0103rului poeziei rom\u00e2ne\u015fti corul b\u0103rb\u0103tesc \u201eFiii Arboroasei&#8221; din Iord\u0103ne\u015fti \u015fi membrii Corului \u201eDrago\u015f Vod\u0103&#8221;.<\/p>\n<p style=\"text-align: justify;\">Sursa: Zorile Bucovinei<strong>[1]<\/strong><br \/>\nFoto: Nicolae H\u0103uc\u0103<br \/>\nGrafica: Ion M\u0103ld\u0103rescu<\/p>\n<p style=\"text-align: justify;\">&#8212;&#8212;&#8212;&#8212;&#8212;&#8212;&#8212;&#8212;&#8212;&#8212;&#8212;&#8212;&#8212;&#8212;&#8212;&#8212;&#8212;&#8212;&#8211;<\/p>\n<p style=\"text-align: justify;\">[1]<a href=\"http:\/\/www.zorilebucovinei.com\/news\/show\/207\/\">\u00a0<\/a><a href=\"http:\/\/www.zorilebucovinei.com\/news\/show\/207\/\">http:\/\/www.zorilebucovinei.com\/news\/show\/207\/<\/a><\/p>\n<p style=\"text-align: justify;\"><a href=\"http:\/\/www.art-emis.ro\/\" target=\"_blank\">Revista ART \u2013 EMIS<\/a><\/p>\n","protected":false},"excerpt":{"rendered":"<p>Cu mai mult dor \u015fi triste\u0163e \u00een suflete am venit \u015fi de aceast\u0103 dat\u0103 la comemorarea celor 124 de ani [&#038;hellip<\/p>\n","protected":false},"author":1,"featured_media":0,"comment_status":"closed","ping_status":"closed","sticky":false,"template":"","format":"standard","meta":{"footnotes":""},"categories":[3,6],"tags":[],"class_list":["post-13664","post","type-post","status-publish","format-standard","hentry","category-articole","category-linkuri-externe"],"_links":{"self":[{"href":"https:\/\/www.marianagurza.ro\/blog\/wp-json\/wp\/v2\/posts\/13664","targetHints":{"allow":["GET"]}}],"collection":[{"href":"https:\/\/www.marianagurza.ro\/blog\/wp-json\/wp\/v2\/posts"}],"about":[{"href":"https:\/\/www.marianagurza.ro\/blog\/wp-json\/wp\/v2\/types\/post"}],"author":[{"embeddable":true,"href":"https:\/\/www.marianagurza.ro\/blog\/wp-json\/wp\/v2\/users\/1"}],"replies":[{"embeddable":true,"href":"https:\/\/www.marianagurza.ro\/blog\/wp-json\/wp\/v2\/comments?post=13664"}],"version-history":[{"count":3,"href":"https:\/\/www.marianagurza.ro\/blog\/wp-json\/wp\/v2\/posts\/13664\/revisions"}],"predecessor-version":[{"id":13667,"href":"https:\/\/www.marianagurza.ro\/blog\/wp-json\/wp\/v2\/posts\/13664\/revisions\/13667"}],"wp:attachment":[{"href":"https:\/\/www.marianagurza.ro\/blog\/wp-json\/wp\/v2\/media?parent=13664"}],"wp:term":[{"taxonomy":"category","embeddable":true,"href":"https:\/\/www.marianagurza.ro\/blog\/wp-json\/wp\/v2\/categories?post=13664"},{"taxonomy":"post_tag","embeddable":true,"href":"https:\/\/www.marianagurza.ro\/blog\/wp-json\/wp\/v2\/tags?post=13664"}],"curies":[{"name":"wp","href":"https:\/\/api.w.org\/{rel}","templated":true}]}}