{"id":13838,"date":"2013-07-09T08:17:18","date_gmt":"2013-07-09T08:17:18","guid":{"rendered":"http:\/\/www.marianagurza.ro\/blog\/?p=13838"},"modified":"2013-07-09T08:24:36","modified_gmt":"2013-07-09T08:24:36","slug":"justin-parvu-om-si-icoana","status":"publish","type":"post","link":"https:\/\/www.marianagurza.ro\/blog\/2013\/07\/09\/justin-parvu-om-si-icoana\/","title":{"rendered":"P\u0103rintele Justin P\u00e2rvu, &#8220;Om \u015fi icoan\u0103&#8221;"},"content":{"rendered":"<p style=\"text-align: center;\"><a href=\"http:\/\/www.marianagurza.ro\/blog\/wp-content\/uploads\/2013\/07\/PARINTELE-IUSTIN-PARVU-PRINTRE-CREDINCIOSI.jpg\"><img loading=\"lazy\" decoding=\"async\" class=\"size-medium wp-image-13839\" title=\"PARINTELE IUSTIN PARVU PRINTRE CREDINCIOSI\" src=\"http:\/\/www.marianagurza.ro\/blog\/wp-content\/uploads\/2013\/07\/PARINTELE-IUSTIN-PARVU-PRINTRE-CREDINCIOSI-300x225.jpg\" alt=\"\" width=\"300\" height=\"225\" srcset=\"https:\/\/www.marianagurza.ro\/blog\/wp-content\/uploads\/2013\/07\/PARINTELE-IUSTIN-PARVU-PRINTRE-CREDINCIOSI-300x225.jpg 300w, https:\/\/www.marianagurza.ro\/blog\/wp-content\/uploads\/2013\/07\/PARINTELE-IUSTIN-PARVU-PRINTRE-CREDINCIOSI-1024x768.jpg 1024w, https:\/\/www.marianagurza.ro\/blog\/wp-content\/uploads\/2013\/07\/PARINTELE-IUSTIN-PARVU-PRINTRE-CREDINCIOSI.jpg 1152w\" sizes=\"auto, (max-width: 300px) 100vw, 300px\" \/><\/a><\/p>\n<p style=\"text-align: justify;\"><strong>De Ziua Sfin\u0163ilor Arhangheli Mihail \u015fi Gavriil,\u00a0 are loc Hramul M\u0103n\u0103stirii Petru Vod\u0103 din jude\u0163ul Neam\u0163, un loc mirific \u00een care te reg\u0103se\u015fti \u00eentr-un univers tainic. Prezen\u0163a Parintelui Iustin P\u00e2rvu, un om al senin\u0103t\u0103\u0163ii contemporane, de o profunzime \u015fi o noble\u0163e sufleteasc\u0103 deosebit\u0103, face acest col\u0163 de \u0163ar\u0103 s\u0103 fie demn de un mic \u201cAthos rom\u00e2nesc\u201d, cu oameni calzi, blajini, \u00eentr-un decor desprins parc\u0103 dintr-o pictur\u0103 a Rena\u015fterii, \u00een care Raiul, este prezent prin verdele n\u0103dejdii, a viselor noastre\u2026Recunoscut drept urma\u015f al p\u0103rintelui Cleopa, de la M\u0103n\u0103stirea Sih\u0103stria, Iustin P\u00eervu,\u00a0 prin faim\u0103 sa duhovniceasc\u0103, este cunoscut \u00een toat\u0103 \u0163ara.<\/strong><\/p>\n<p style=\"text-align: justify;\"><strong>Construc\u0163ia M\u0103n\u0103stirii Petru Vod\u0103, dedicat\u0103 martirilor din \u00eenchisorile comuniste, a fost \u00eenceput\u0103 \u00een anul 1992, un vis mai vechi al p\u0103rintelui. . <\/strong><em>\u201eMic copil fiind, cutreieram dealurile astea \u015fi visam c\u0103 \u00eentr-o bun\u0103 zi aici o s\u0103 se construiasc\u0103 o m\u0103n\u0103stire \u00een care s\u0103 slujesc. A fost o imagine care m-a ajutat s\u0103 trec peste anii de deten\u0163ie\u201d <\/em><strong>, m\u0103rturise\u015fte p\u0103rintele Justin, fost condamnat pentru convingerile sale la 19 ani de deten\u0163ie, \u00een \u00eenchisorile comuniste.<\/strong><\/p>\n<p style=\"text-align: justify;\"><strong>M\u0103n\u0103stirea Petru Vod\u0103, azi loc de pelerinaj pentru to\u0163i credincio\u015fii, ad\u0103poste\u015fte \u00een biserica m\u0103n\u0103stirii osemintele martirilor de la Aiud. Nu \u00eent\u00e2mpl\u0103tor P\u0103rintele Gheorghe Calciu Dumitreasa \u015fi-a ales locul de \u201clini\u015fte\u201d \u00een cimitirul Sfintei M\u0103n\u0103stiri, unde flac\u0103ra credin\u0163ei de-o via\u0163\u0103 este mereu treaz\u0103, prin cei ce privegheaz\u0103. <\/strong><\/p>\n<p style=\"text-align: justify;\"><em>\u201eNu este numai meritul meu. C\u0103lug\u0103rii, preo\u0163ii din m\u0103n\u0103stire, credincio\u015fii care m-au sprijinit, to\u0163i, cu ajutorul lui Dumnezeu, am f\u0103cut posibil acest lucru. A\u015fa \u015fi trebuie s\u0103 fie, credin\u0163a dreapt\u0103 nu trebuie l\u0103sat\u0103 s\u0103 moar\u0103. C\u00eend privesc \u00een jur, la m\u0103n\u0103stire, la natur\u0103, la oameni, m\u0103 simt ca \u015fi c\u00eend a\u015f fi la Athos\u201d, <\/em><strong>mai sus\u0163inea stare\u0163ul Justin.<\/strong><\/p>\n<p style=\"text-align: justify;\"><strong>Am avut privilegiul de a-l \u00eent\u00e2lni \u00een aceast\u0103 var\u0103 pe bunul P\u0103rinte Justin. Mereu sunt dominat\u0103 de acea alur\u0103 impun\u0103toare a marilor no\u015ftri p\u0103rin\u0163i duhovnice\u015fti. <\/strong><\/p>\n<p style=\"text-align: justify;\"><strong>Privirea albastr\u0103 \u015fi senin\u0103, acei ochi bl\u00e2nzi si g\u00e2nditori, gesturile pline de modestie si smerenie, \u00ee\u0163i dau sentimental c\u0103 e\u015fti \u00een fa\u0163a unui \u201cvoievod al mun\u0163ilor\u201d, care \u015ftie, vede, aude, fiecare fo\u015fnet, fiecare strigat al dezn\u0103dejdii \u015fi oropsirii omului..Nu \u015ftiu c\u00e2nd are timp pentru odihn\u0103. Mereu asaltat de oameni bolnavi, de oameni ce au nevoie de un cuv\u00e2nt de folos. Are timp pentru fiecare, \u015ftiind c\u0103-n vremurile noastre tulburi, doar credin\u0163a noastr\u0103 ortodox\u0103 ne mai poate salva din fa\u0163a r\u0103ului. Dac\u0103 \u00een deten\u0163ie a suferit pentru convingerile sale politice, ast\u0103zi, sufer\u0103 pentru fiecare roman ce-i trece pragul, sufer\u0103 pentru \u201cun r\u0103u\u201d deja instalat pe umerii Neamului Rom\u00e2nesc. <\/strong><\/p>\n<p style=\"text-align: justify;\"><strong>\u00a0\u00a0\u00a0\u00a0\u00a0\u00a0\u00a0\u00a0 M\u00e2ine, lumini magige vor lumina Ceahlaul. Sufletele celor pleca\u0163i, vor cobor\u00ee pentru o clip\u0103 in biserica m\u0103n\u0103stirii printre mir \u015fi t\u0103m\u00e2ie mirositoare. Se vor reg\u0103si cu to\u0163ii \u00eentr-o unic\u0103 rug\u0103ciune pentru m\u00e2ntuirea Neamului Rom\u00e2nesc, at\u00e2t de \u00eencercat\u2026P\u0103strarea credin\u0163ei, \u00een ciuda greut\u0103\u0163ilor, este singura noastr\u0103 \u015fans\u0103 de a r\u0103m\u00e2ne o na\u0163iune demn\u0103 \u015fi puternic\u0103. <\/strong><em>\u201cSuntem tot mai slabi, mai obosi\u0163i, mai tracasa\u0163i de lumea aceasta interesat\u0103 s\u0103 descompun\u0103 na\u0163iunile \u015fi via\u0163a noastr\u0103. Exist\u0103 o continu\u0103 tendin\u0163\u0103 de descompunere \u015fi o tendin\u0163\u0103 negativ\u0103 asupra fiin\u0163ei noastre spirituale, ortodoxe, \u015fi solu\u0163ia este s\u0103 ne p\u0103str\u0103m credin\u0163a, \u00een ciuda tuturor greut\u0103\u0163ilor <\/em>&#8220;<strong>(P\u0103rintele Justin) <\/strong><\/p>\n<p style=\"text-align: justify;\" align=\"center\"><strong>\u00a0<\/strong><\/p>\n<p style=\"text-align: justify;\"><em>Mariana Gurza,\u00a0 fragment &#8211; \u201cDestine umbrite, 2008, Editura Atticea, Timisoara<\/em><\/p>\n","protected":false},"excerpt":{"rendered":"<p>De Ziua Sfin\u0163ilor Arhangheli Mihail \u015fi Gavriil,\u00a0 are loc Hramul M\u0103n\u0103stirii Petru Vod\u0103 din jude\u0163ul Neam\u0163, un loc mirific \u00een [&#038;hellip<\/p>\n","protected":false},"author":1,"featured_media":0,"comment_status":"closed","ping_status":"closed","sticky":false,"template":"","format":"standard","meta":{"footnotes":""},"categories":[3],"tags":[],"class_list":["post-13838","post","type-post","status-publish","format-standard","hentry","category-articole"],"_links":{"self":[{"href":"https:\/\/www.marianagurza.ro\/blog\/wp-json\/wp\/v2\/posts\/13838","targetHints":{"allow":["GET"]}}],"collection":[{"href":"https:\/\/www.marianagurza.ro\/blog\/wp-json\/wp\/v2\/posts"}],"about":[{"href":"https:\/\/www.marianagurza.ro\/blog\/wp-json\/wp\/v2\/types\/post"}],"author":[{"embeddable":true,"href":"https:\/\/www.marianagurza.ro\/blog\/wp-json\/wp\/v2\/users\/1"}],"replies":[{"embeddable":true,"href":"https:\/\/www.marianagurza.ro\/blog\/wp-json\/wp\/v2\/comments?post=13838"}],"version-history":[{"count":5,"href":"https:\/\/www.marianagurza.ro\/blog\/wp-json\/wp\/v2\/posts\/13838\/revisions"}],"predecessor-version":[{"id":13841,"href":"https:\/\/www.marianagurza.ro\/blog\/wp-json\/wp\/v2\/posts\/13838\/revisions\/13841"}],"wp:attachment":[{"href":"https:\/\/www.marianagurza.ro\/blog\/wp-json\/wp\/v2\/media?parent=13838"}],"wp:term":[{"taxonomy":"category","embeddable":true,"href":"https:\/\/www.marianagurza.ro\/blog\/wp-json\/wp\/v2\/categories?post=13838"},{"taxonomy":"post_tag","embeddable":true,"href":"https:\/\/www.marianagurza.ro\/blog\/wp-json\/wp\/v2\/tags?post=13838"}],"curies":[{"name":"wp","href":"https:\/\/api.w.org\/{rel}","templated":true}]}}