{"id":13848,"date":"2013-07-09T12:12:15","date_gmt":"2013-07-09T12:12:15","guid":{"rendered":"http:\/\/www.marianagurza.ro\/blog\/?p=13848"},"modified":"2013-07-13T11:51:48","modified_gmt":"2013-07-13T11:51:48","slug":"parintele-justin-parvu-dumnezeiasca-lumina-a-neamului-romanesc","status":"publish","type":"post","link":"https:\/\/www.marianagurza.ro\/blog\/2013\/07\/09\/parintele-justin-parvu-dumnezeiasca-lumina-a-neamului-romanesc\/","title":{"rendered":"P\u0103rintele Justin P\u00e2rvu &#8211; Dumnezeiasc\u0103 Lumin\u0103  a Neamului Rom\u00e2nesc"},"content":{"rendered":"<p><strong><em><a href=\"http:\/\/www.marianagurza.ro\/blog\/wp-content\/uploads\/2013\/07\/Imagine0122.jpg\"><img loading=\"lazy\" decoding=\"async\" class=\"size-medium wp-image-14039 alignleft\" title=\"Imagine0122\" src=\"http:\/\/www.marianagurza.ro\/blog\/wp-content\/uploads\/2013\/07\/Imagine0122-225x300.jpg\" alt=\"\" width=\"225\" height=\"300\" srcset=\"https:\/\/www.marianagurza.ro\/blog\/wp-content\/uploads\/2013\/07\/Imagine0122-225x300.jpg 225w, https:\/\/www.marianagurza.ro\/blog\/wp-content\/uploads\/2013\/07\/Imagine0122-768x1024.jpg 768w, https:\/\/www.marianagurza.ro\/blog\/wp-content\/uploads\/2013\/07\/Imagine0122.jpg 1200w\" sizes=\"auto, (max-width: 225px) 100vw, 225px\" \/><\/a>MOTTO:<\/em><\/strong><\/p>\n<p><em>\u00a0<\/em><\/p>\n<p style=\"text-align: justify;\"><em>\u201cP\u0103m\u00e2ntul este baza de existen\u0163\u0103 a na\u0163iei. Na\u0163iunea\u00a0 st\u0103 ca un pom, cu r\u0103d\u0103cinile ei \u00eenfipte \u00een p\u0103m\u00e2ntul \u0163\u0103rii. Nu exist\u0103 neam care s\u0103 poat\u0103 tr\u0103i f\u0103r\u0103 p\u0103m\u00e2nt, dup\u0103 cum nu exist\u0103 pom care s\u0103 tr\u0103iasc\u0103 at\u00e2rnat\u00a0 \u00een aer\u2026.<\/em><\/p>\n<p style=\"text-align: justify;\"><em>Ne-am n\u0103scut din negura vremii pe acest p\u0103m\u00e2nt odat\u0103 cu stejarii \u015fi cu brazii! De ei suntem lega\u0163i nu numai prin p\u00e2inea \u015fi existen\u0163a pe care ne-o d\u0103 muncindu-l din greu, dar \u015fi prin toate oasele mo\u015filor \u015fi str\u0103mo\u015filor care dorm \u00een \u0163\u0103r\u00e2na lui! To\u0163i p\u0103rin\u0163ii no<\/em><em>\u0219<\/em><em>tri sunt aici. Toate amintirile noastre, toat\u0103 gloria noastr\u0103 r\u0103zboinic\u0103, \u00eentreaga noastr\u0103 istorie, cu fapte bune \u015fi rele , aici st\u0103 \u00eengropat\u0103\u2026<\/em><\/p>\n<p style=\"text-align: justify;\"><em>Moartea nu anuleaz\u0103 \u015fi nici m\u0103car nu simplific\u0103 lucrurile \u015fi faptele, vorbele sau g\u00e2ndurile noastre de aici de pe p\u0103m\u00e2nt, ci le complic\u0103, implic\u00e2ndu-le \u00een ve\u015fnicie\u2026\u201d\u00a0 (P\u0103rintele Justin P\u00e2rvu \u015fi bog\u0103\u0163ia unei vie\u0163i d\u0103ruit\u0103 lui Hristos, vol.2, pag.130-131)<\/em><\/p>\n<p style=\"text-align: justify;\"><em>\u00a0<\/em><\/p>\n<p style=\"text-align: justify;\">M-am \u00eentors de cur\u00e2nd de la M\u0103n\u0103stirea Petru Voda, dup\u0103 un scurt popas la M\u0103n\u0103stirea Rar\u0103u si Sih\u0103stria Rar\u0103ului.<\/p>\n<p style=\"text-align: justify;\">Am suferit \u00een t\u0103cere, \u00een rug\u0103, nefiind prezent\u0103 la plecarea spre ve\u0219nicie a P\u0103rintelui Justin P\u00e2rvu. Am p\u0103strat \u00een memorie momentele de taina ce mi-au dus pa\u0219ii spre marele duhovnic al tuturor rom\u00e2nilor, <strong>i<\/strong>ubitor de Neam Rom\u00e2nesc, P\u0103rintele Justin P\u00e2rvu.<\/p>\n<p style=\"text-align: justify;\">La intrare,\u00a0 drapelul ne-a \u00eent\u00e2mpinat flutur\u00e2nd spre cer. \u00cen partea dreapt\u0103, semea\u021b\u0103, troi\u021ba ridicat\u0103 de preacuviosul \u00a0p\u0103rinte, \u00een cinstea sfin\u021bilor eroi Mo\u0163a \u015fi Marin.<\/p>\n<p style=\"text-align: justify;\">Mi-am amintit de anii persecu\u021biei comuniste, preacucernicul\u00a0 \u00eens\u0103\u015fi fiind unul dintre cei prigoni\u021bi.<\/p>\n<p style=\"text-align: justify;\">&#8220;<em>Dumnezeu a d\u0103ruit \u0163\u0103rii, pe vremea persecu\u0163iei comuniste, p\u0103rin<\/em><em>\u021b<\/em><em>i spirituali \u015fi duhovnicii cei mai mari din istoria Bisericii noastre. Ace\u015ftia au men\u0163inut credin\u0163a \u00een inimile rom\u00e2nilor prin cuv\u00e2ntul lor tare. Atunci c\u00e2nd ierarhia se plia \u015fi c\u00e2nd cuv\u00e2ntul ierarhilor era ambiguu, ace\u015fti p\u0103rin<\/em><em>\u021b<\/em><em>i spirituali au \u0163inut sus inima rom\u00e2neasc\u0103 \u00een n\u0103dejdea c\u0103 Dumnezeu ne ne-a p\u0103r\u0103sit<\/em><em>. Cine ar putea \u00een\u015fira numele lor scris cu litere de foc \u00een con\u015ftiin\u0163\u0103. Sl\u0103vit s\u0103 fie Domnul Dumnezeu nostru c\u0103 nu ne-a l\u0103sat \u00een m\u00e2inile vr\u0103jma\u015filor no\u015ftri ca s\u0103-\u015fi r\u00e2d\u0103 de noi \u015fi s\u0103 spun\u0103: bine, bine\u2026.Ace\u015fti monahi crescu\u0163i \u00een \u00eenchisori, batjocori\u0163i, umili\u0163i, dar niciodat\u0103 fr\u00e2n\u0163i, au \u00eenv\u0103\u0163at acolo c\u0103 adev\u0103rat\u0103 dragoste de neam nu are nici o leg\u0103tur\u0103 cu no\u0163iunea de na\u0163ionalism practicat\u0103 de socialismul \u015ftiin\u0163ific si nici dragostea de patrie nu are nimic de a face cu discursul patriotard de partid. (P\u0103rintele Justin P\u00e2rvu<\/em> )<\/p>\n<p style=\"text-align: justify;\">Acum, <strong>P\u0103rintele Justin P\u00e2rvu<\/strong> s-a al\u0103turat sfin\u021bilor rom\u00e2ni veghindu-ne mai mult ca niciodat\u0103. A\u0219a cum \u00eei sim\u021bim prezen\u0163a <em>Sf\u00e2ntului Ardealului<\/em> <strong>Arsenie Boca<\/strong>, a\u0219a vom sim\u021bi puterea rug\u0103ciunii din cer a celui care este un adev\u0103rat st\u00e2lp \u00een Ortodoxia Rom\u00e2neasc\u0103, un sf\u00e2nt voievod al credin\u0163ei rom\u00e2ne\u015fti.<\/p>\n<p style=\"text-align: justify;\"><a href=\"http:\/\/www.marianagurza.ro\/blog\/wp-content\/uploads\/2013\/07\/Imagine0119.jpg\"><img loading=\"lazy\" decoding=\"async\" class=\"alignright size-medium wp-image-14041\" title=\"Imagine0119\" src=\"http:\/\/www.marianagurza.ro\/blog\/wp-content\/uploads\/2013\/07\/Imagine0119-225x300.jpg\" alt=\"\" width=\"225\" height=\"300\" srcset=\"https:\/\/www.marianagurza.ro\/blog\/wp-content\/uploads\/2013\/07\/Imagine0119-225x300.jpg 225w, https:\/\/www.marianagurza.ro\/blog\/wp-content\/uploads\/2013\/07\/Imagine0119-768x1024.jpg 768w, https:\/\/www.marianagurza.ro\/blog\/wp-content\/uploads\/2013\/07\/Imagine0119.jpg 1200w\" sizes=\"auto, (max-width: 225px) 100vw, 225px\" \/><\/a>M\u0103n\u0103stirea era mai vie ca niciodat\u0103. Prezen\u0163a locului de veci a <em>Preacuviosului<\/em>, un cort al drep\u021bilor aici pe p\u0103m\u00e2nt, \u00eenconjurat de har ce te \u00eembia la smerenie \u015fi rug\u0103. Cu sfial\u0103 m-am apropiat \u015fi printre lacrimi m-am m\u0103rturisit bunului p\u0103rinte&#8230; O ultima spovedanie l\u00e2ng\u0103 <em>Duhovnicul Neamului Rom\u00e2nesc<\/em>. Lum\u00e2narea adus\u0103 de la M\u0103n\u0103stirea Rar\u0103u, ardea lin \u00een palmele mele tremur\u00e2nde.<\/p>\n<p style=\"text-align: justify;\">Doamne, r\u0103mas bun P\u0103rinte<\/p>\n<p style=\"text-align: justify;\">\u00cen via\u021b\u0103 mult ai p\u0103timit!<\/p>\n<p style=\"text-align: justify;\">Mereu te-au r\u0103stignit<\/p>\n<p style=\"text-align: justify;\">Aici, \u00een temni\u021bele comuniste&#8230;<\/p>\n<p style=\"text-align: justify;\">Acum veghezi printre sfin\u021bi<\/p>\n<p style=\"text-align: justify;\">La Neamul Rom\u00e2nesc<\/p>\n<p style=\"text-align: justify;\">Azi mul\u021bi ne os\u00e2ndesc<\/p>\n<p style=\"text-align: justify;\">Dar, sfin\u021bii ne ocrotesc.<\/p>\n<p style=\"text-align: justify;\">,,<em>Nu v\u0103 fie fric\u0103<\/em>\u201d<\/p>\n<p style=\"text-align: justify;\">A\u015fa ne spuneai odat\u0103<\/p>\n<p style=\"text-align: justify;\">Credin\u021ba\u00a0 este una<\/p>\n<p style=\"text-align: justify;\">Salvarea noastr\u0103 dat\u0103.<\/p>\n<p style=\"text-align: justify;\">,,<em>Nu suntem singuri<\/em>\u201d<\/p>\n<p style=\"text-align: justify;\">Cu noi este Dumnezeu!<\/p>\n<p style=\"text-align: justify;\">Sus inima rom\u00e2ni!<\/p>\n<p style=\"text-align: justify;\">P\u0103rinte al Neamului meu!<\/p>\n<p style=\"text-align: justify;\"><a href=\"http:\/\/www.marianagurza.ro\/blog\/wp-content\/uploads\/2013\/07\/Fotografie-0042.jpg\"><img loading=\"lazy\" decoding=\"async\" class=\"size-medium wp-image-13943 alignleft\" title=\"Fotografie-0042\" src=\"http:\/\/www.marianagurza.ro\/blog\/wp-content\/uploads\/2013\/07\/Fotografie-0042-300x225.jpg\" alt=\"\" width=\"300\" height=\"225\" srcset=\"https:\/\/www.marianagurza.ro\/blog\/wp-content\/uploads\/2013\/07\/Fotografie-0042-300x225.jpg 300w, https:\/\/www.marianagurza.ro\/blog\/wp-content\/uploads\/2013\/07\/Fotografie-0042-1024x768.jpg 1024w, https:\/\/www.marianagurza.ro\/blog\/wp-content\/uploads\/2013\/07\/Fotografie-0042.jpg 1280w\" sizes=\"auto, (max-width: 300px) 100vw, 300px\" \/><\/a>Era ora 19,00 c\u00e2nd \u00een jurul morm\u00e2ntului plin de flori, se preg\u0103tea <em>Parastasul.<\/em> Am participat cu emo\u0163ie \u015fi \u00eemp\u0103care. \u00cen momentul \u00een care am ridicat \u015fi eu bucatele aduse c\u00e2nt\u00e2nd ,,<em>Ve<\/em><em>\u0219<\/em><em>nica-i pomenire<\/em>\u201d, lacrimile mi-au br\u0103zdat \u00a0inima \u015fi fa\u0163a. Erau lacrimi de bucurie! Pentru P\u0103rintele Justin P\u00e2rvu <em>Biruitorul<\/em>. Glasul clopotelor m-a \u00eenfiorat! Parca b\u0103teau pentru tot Neamul Rom\u00e2nesc. Ca un mesaj tainic al P\u0103rintelui Justin. De a ne p\u0103stra credin\u021ba noastr\u0103 din mo\u0219i str\u0103mo\u0219i, valorile neamului, de a-l avea mereu pe Iisus \u00een inim\u0103\u2026 \u00a0\u015fi \u00een faptele noastre.<\/p>\n<p style=\"text-align: justify;\"><strong>P\u0103rinte, \u00een aceste vremuri tulburi, ai biruit! <\/strong><\/p>\n<p style=\"text-align: justify;\">\u00cemi amintesc de mesajul primit acum c\u00e2\u0163iva ani: ,,<em>Un mare duhovnic ne vorbe\u015fte<\/em><strong>\u201d-<\/strong> Pr. Justin P\u00e2rvu: E o vreme de pustiire a\u00a0neamului. ,,<em>Prigoane, pu\u015fc\u0103rii, lag\u0103re, temni<\/em><em>\u021b<\/em><em>e, izol\u0103ri, \u00eenfomet\u0103ri, schingiuiri, umiliri, astea le-am trecut \u015fi noi. Nu mai sunt at\u00e2t de grozave. Dar prin ce ve<\/em><em>\u021b<\/em><em>i trece voi, aceasta nu a mai fost de la \u00eenceputul lumii p\u00e2n\u0103 azi\u201d.<\/em><em><\/em><\/p>\n<p style=\"text-align: justify;\"><em>,,\u015eti<\/em><em>\u021b<\/em><em>i ce sunt toate aceste rele? Ele nu sunt altceva dec\u00e2t un medicament foarte bun pentru s\u0103n\u0103tatea noastr\u0103 sufleteasca. Cu c\u00e2t un popor este mai \u00eencercat, cu cat un popor este mai \u00eempilat, mai str\u00e2ns \u015fi <\/em><em>\u021b<\/em><em>inut \u00een st\u0103rile acestea de ispitire, cu at\u00e2t poporul acesta va fi mai \u00een\u0163elept \u015fi mai destoinic \u00een a \u00eenvinge iadul. \u201c<\/em><em><\/em><\/p>\n<p style=\"text-align: justify;\"><em>,,Politicienii <\/em><em>\u0219<\/em><em>tiu c\u0103 \u00eentotdeauna Biserica a fost for<\/em><em>\u021b<\/em><em>a \u015fi r\u0103m\u00e2ne for\u0163a unui stat, \u015fi de aceea s-au gr\u0103bit s\u0103 o paralizeze. Nu i-au mai dat voie s\u0103 lucreze \u015fi ne g\u0103sim \u00een asemenea haos \u00eenc\u00e2t cu greu se va mai putea redresa ceva\u2026\u201c<\/em><em><\/em><\/p>\n<p style=\"text-align: justify;\"><em>,,S-a ajuns, din nefericire, la o descompunere \u00eenceat\u0103 a neamului nostru, care va avea o consecin<\/em><em>\u021b<\/em><em>\u0103 extrem de grav\u0103 peste 40-50 de ani, c\u00e2nd s-ar putea \u00eent\u00e2mpla s\u0103 nu mai vorbim \u00een limba rom\u00e2n\u0103, s\u0103 nu mai avem unde s\u0103 ne \u00eenchinam \u00eentr-o biseric\u0103 ortodox\u0103 rom\u00e2n\u0103 \u00een Moldova de ast\u0103zi sau oriunde \u00een \u0163ar\u0103. E o vreme de pustiire a neamului, dar speram ca Dumnezeu nu ne va l\u0103sa, a<\/em><em>\u0219<\/em><em>a cum nu ne-a l\u0103sat \u00een toate vremurile grele, c\u00e2nd Biserica noastr\u0103 a fost prezent\u0103 \u00een mijlocul poporului, c\u00e2nd Stefan cel Mare, Daniil Sihastrul, Alexandru cel Bun, Mircea cel B\u0103tr\u00e2n, uni<\/em><em>\u021b<\/em><em>i cu to<\/em><em>\u021b<\/em><em>i c\u0103lug\u0103rii \u015fi c\u0103lug\u0103ri\u0163ele din m\u0103n\u0103stiri p\u0103strau tradi<\/em><em>\u021b<\/em><em>ia \u015fi continuau istoria. Ace<\/em><em>\u0219<\/em><em>tia erau ei politicieni? \u00cenainte de toate erau cre<\/em><em>\u0219<\/em><em>tini, care <\/em><em>\u0219<\/em><em>tiau s\u0103 apere valorile ortodoxiei \u015fi implicit ale neamului.\u201d<\/em><\/p>\n<p style=\"text-align: justify;\"><a href=\"http:\/\/www.marianagurza.ro\/blog\/wp-content\/uploads\/2013\/07\/Fotografie-00411.jpg\"><img loading=\"lazy\" decoding=\"async\" class=\"alignright\" title=\"Fotografie-0041\" src=\"http:\/\/www.marianagurza.ro\/blog\/wp-content\/uploads\/2013\/07\/Fotografie-00411-300x225.jpg\" alt=\"\" width=\"300\" height=\"225\" \/><\/a>Gustasem de pe masa parastasului cea mai bun\u0103 bucat\u0103 de pepene, dup\u0103 ce \u00een acea zi lung\u0103 nu b\u0103usem dec\u00e2t ap\u0103 \u015fi m\u00e2ncasem pu\u0163in\u0103\u00a0 p\u00e2ine.<\/p>\n<p style=\"text-align: justify;\">Ne-am oprit \u00een fa\u0163a chiliei\u2026acolo unde P\u0103rintele Justin primea pelerinii\u2026Mi-am amintit de acele zile c\u00e2nd fusesem la <em>Bunul P\u0103rinte<\/em> pentru cuv\u00e2nt de folos, pentru o binecuv\u00e2ntare, cu un mesaj din partea P\u0103rintelui Adrian F\u0103geteanu. Dumnezeu a fost darnic cu mine s\u0103 pot cunoa\u0219te mari duhovnici, Adrian F\u0103geteanu, Arsenie Papacioc, Justin P\u00e2rvu.<\/p>\n<p style=\"text-align: justify;\">Ne-am \u00eenchinat cu smerenie la morm\u00e2ntul P\u0103rintelui Justin, la Sfintele Moa\u0219te din Biserica Biruin\u021bei.<\/p>\n<p style=\"text-align: justify;\">Am z\u0103bovit o clip\u0103\u00a0 \u00een cimitirul m\u0103n\u0103stirii pentru a ne \u00eenchina poetului martir Radu Gyr \u015fi la c\u0103p\u0103t\u00e2iul P\u0103rintelui Calciu.<\/p>\n<p style=\"text-align: justify;\">\u00cenchisoarea pentru martirii Neamului Rom\u00e2nesc nu a fost dec\u00e2t o lucrare dumnezeiasc\u0103 de \u00eent\u0103rire \u00een credin\u021ba \u015fi \u00een valorile na\u021biei. Societatea rom\u00e2neasc\u0103 ar fi ar\u0103tat cu mult altfel f\u0103r\u0103 ace\u0219ti martiri ai poporului rom\u00e2n.<\/p>\n<p style=\"text-align: justify;\"><em>,,Acolo am \u00een\u0163eles \u015fi am tr\u0103it aceast\u0103 dragoste\u2026ne-am iubit Biserica, patria \u015fi neamul de care eram desp\u0103r\u0163i\u0163i prin violen\u0163\u0103 \u015fi crim\u0103, cu toate fibrele inimii noastre, a\u015fa cum \u015fi-au iubit evreii patria (d\u0103ruit\u0103 t\u00e2rziu, nu ap\u0103rut\u0103 odat\u0103 cu neamul \u00een ea dintru \u00eenceput, ca la noi) \u015fi am suspinat cu inima fr\u00e2nt\u0103 v\u0103z\u00e2nd cum ticurile verbale erau preluate (f\u0103r\u0103 nici o rezisten\u0163\u0103, m\u0103car intelectual\u0103) de unii reprezentan\u0163i ai bisericii \u015fi de o parte din elita \u0163\u0103rii noastre. Acolo am \u00eenv\u0103<\/em><em>\u021b<\/em><em>at s\u0103 ne iubim patria cu ardoarea \u015fi cu n\u0103dejdea cu care evreii au f\u0103cut-o \u00een timpul robiei; acolo am \u00eenv\u0103<\/em><em>\u021b<\/em><em>at c\u00e2t de sf\u00e2nt\u0103 este no\u0163iunea de neam<\/em><em>, c\u00e2t de cristic\u0103 este ea, \u015fi nici un cuv\u00e2nt de dispre\u0163, cum era pentru comuni\u015fti \u015fi cum este ast\u0103zi pentru masonii \u015fi ereticii din Vest (\u015fi de la noi) care ne batjocoresc sufletul \u015fi iubirile cele mari&#8221; (P\u0103rintele Justin P\u00e2rvu<\/em> )<\/p>\n<p style=\"text-align: center;\"><a href=\"http:\/\/www.marianagurza.ro\/blog\/wp-content\/uploads\/2013\/07\/Imagine0120.jpg\"><img loading=\"lazy\" decoding=\"async\" title=\"Imagine0120\" src=\"http:\/\/www.marianagurza.ro\/blog\/wp-content\/uploads\/2013\/07\/Imagine0120-225x300.jpg\" alt=\"\" width=\"225\" height=\"300\" \/><\/a><\/p>\n<p style=\"text-align: justify;\">P\u0103rintele Justin P\u00e2rvu, duhovnicul Neamului Rom\u00e2nesc , ne-a l\u0103sat o bogat\u0103 \u015fi \u00een\u0103l\u0163\u0103toare \u00a0zestre de demnitate na\u021bional\u0103, de credin\u021b\u0103 \u015fi adev\u0103r. C\u0103r\u0163ile \u015fi cuvintele de folos, sunt puncte de referin\u021b\u0103 ce a reprezentat \u015fi reprezint\u0103 c\u0103rturarul, ctitorul voievod, JUSTIN P\u00c2RVU<strong>.<\/strong>\u00a0 Un ctitor de suflete, un erou al na\u0163iei!<\/p>\n<p style=\"text-align: justify;\"><strong>Justin P\u00e2rvu &#8211; Dumnezeiasc\u0103 Lumin\u0103 a Neamului Rom\u00e2nesc!<\/strong><\/p>\n<p style=\"text-align: justify;\">Dumnezeu s\u0103 ne \u00eenvredniceasc\u0103 a fii demni urma\u0219i ai acestui st\u00e2lp al ortodoxiei romane\u0219ti.<\/p>\n<p style=\"text-align: justify;\">Justin P\u00e2rvu a biruit! Noi, avem datoria de a ne iubi neamul, locul \u015fi Cuv\u00e2ntul\u00a0 Lui Dumnezeu. <em><\/em><\/p>\n<p style=\"text-align: justify;\"><em>Doamne Iisuse Hristoase Fiul Lui Dumnezeu miluie\u015fte-m\u0103 pe mine p\u0103c\u0103tosul!<\/em><\/p>\n<p style=\"text-align: justify;\"><strong>Rugul Aprins<\/strong>, mereu prezent \u00een spiritualitatea rom\u00e2neasc\u0103, indiferent de vremuri!<\/p>\n<p style=\"text-align: justify;\">Un singur rug\u0103tor dac\u0103 r\u0103m\u00e2ne, nu suntem pierdu\u021bi, ca s\u0103-l parafrazez pe duhovnicul Justin. Dar, avem nevoie mai mult ca niciodat\u0103 de rug\u0103ciune, de \u00eencredere \u00een biserica ortodox\u0103 tradi\u021bional\u0103.<\/p>\n<p style=\"text-align: justify;\">Depinde de noi, de fiecare \u00een parte cum dorim s\u0103 tr\u0103im<strong>: liberi sau sclavi.<\/strong><\/p>\n<p style=\"text-align: justify;\">S\u0103 avem un g\u00e2nd pios pentru P\u0103rintele Justin P\u00e2rvu a\u0219a cum \u015fi ruga sa va lucra \u00eentru teandric\u0103 iubire pentru Neamul Rom\u00e2nesc.<\/p>\n<p style=\"text-align: justify;\">Da,\u00a0 ca na\u0163ie suntem mai boga\u0163i: &#8220;<strong><em>s-a n\u0103scut un Sf\u00e2nt<\/em><\/strong>&#8221; !<\/p>\n<p style=\"text-align: justify;\"><strong>\u2020 Sfinte P\u0103rinte Justin roag\u0103-te lui Hristos Dumnezeu pentru noi! <\/strong><\/p>\n<p style=\"text-align: justify;\">\n<p style=\"text-align: justify;\">Mariana Gurza<\/p>\n<p style=\"text-align: justify;\">Timi\u015foara<\/p>\n<p style=\"text-align: justify;\">09 iulie 2013<\/p>\n","protected":false},"excerpt":{"rendered":"<p>MOTTO: \u00a0 \u201cP\u0103m\u00e2ntul este baza de existen\u0163\u0103 a na\u0163iei. Na\u0163iunea\u00a0 st\u0103 ca un pom, cu r\u0103d\u0103cinile ei \u00eenfipte \u00een p\u0103m\u00e2ntul [&#038;hellip<\/p>\n","protected":false},"author":1,"featured_media":0,"comment_status":"closed","ping_status":"closed","sticky":false,"template":"","format":"standard","meta":{"footnotes":""},"categories":[3],"tags":[],"class_list":["post-13848","post","type-post","status-publish","format-standard","hentry","category-articole"],"_links":{"self":[{"href":"https:\/\/www.marianagurza.ro\/blog\/wp-json\/wp\/v2\/posts\/13848","targetHints":{"allow":["GET"]}}],"collection":[{"href":"https:\/\/www.marianagurza.ro\/blog\/wp-json\/wp\/v2\/posts"}],"about":[{"href":"https:\/\/www.marianagurza.ro\/blog\/wp-json\/wp\/v2\/types\/post"}],"author":[{"embeddable":true,"href":"https:\/\/www.marianagurza.ro\/blog\/wp-json\/wp\/v2\/users\/1"}],"replies":[{"embeddable":true,"href":"https:\/\/www.marianagurza.ro\/blog\/wp-json\/wp\/v2\/comments?post=13848"}],"version-history":[{"count":24,"href":"https:\/\/www.marianagurza.ro\/blog\/wp-json\/wp\/v2\/posts\/13848\/revisions"}],"predecessor-version":[{"id":13851,"href":"https:\/\/www.marianagurza.ro\/blog\/wp-json\/wp\/v2\/posts\/13848\/revisions\/13851"}],"wp:attachment":[{"href":"https:\/\/www.marianagurza.ro\/blog\/wp-json\/wp\/v2\/media?parent=13848"}],"wp:term":[{"taxonomy":"category","embeddable":true,"href":"https:\/\/www.marianagurza.ro\/blog\/wp-json\/wp\/v2\/categories?post=13848"},{"taxonomy":"post_tag","embeddable":true,"href":"https:\/\/www.marianagurza.ro\/blog\/wp-json\/wp\/v2\/tags?post=13848"}],"curies":[{"name":"wp","href":"https:\/\/api.w.org\/{rel}","templated":true}]}}