{"id":13985,"date":"2013-07-12T10:08:25","date_gmt":"2013-07-12T10:08:25","guid":{"rendered":"http:\/\/www.marianagurza.ro\/blog\/?p=13985"},"modified":"2013-08-01T14:26:06","modified_gmt":"2013-08-01T14:26:06","slug":"la-multi-ani-emilia-tutuianu-dospinescu-2","status":"publish","type":"post","link":"https:\/\/www.marianagurza.ro\/blog\/2013\/07\/12\/la-multi-ani-emilia-tutuianu-dospinescu-2\/","title":{"rendered":"VIVAT, Emilia \u0162u\u0163uianu Dospinescu!"},"content":{"rendered":"<p style=\"text-align: center;\"><a href=\"http:\/\/www.marianagurza.ro\/blog\/wp-content\/uploads\/2013\/07\/felicitari_69640.jpg\"><img loading=\"lazy\" decoding=\"async\" class=\"size-medium wp-image-13993\" title=\"felicitari_69640\" src=\"http:\/\/www.marianagurza.ro\/blog\/wp-content\/uploads\/2013\/07\/felicitari_69640-300x286.jpg\" alt=\"\" width=\"300\" height=\"286\" srcset=\"https:\/\/www.marianagurza.ro\/blog\/wp-content\/uploads\/2013\/07\/felicitari_69640-300x286.jpg 300w, https:\/\/www.marianagurza.ro\/blog\/wp-content\/uploads\/2013\/07\/felicitari_69640.jpg 575w\" sizes=\"auto, (max-width: 300px) 100vw, 300px\" \/><\/a><\/p>\n<p style=\"text-align: left;\" align=\"center\"><strong>ENIGMATIC E TOTUL<\/strong><\/p>\n<p style=\"text-align: left;\" align=\"center\">\u00a0\u00a0\u00a0\u00a0\u00a0\u00a0\u00a0\u00a0\u00a0\u00a0\u00a0\u00a0\u00a0\u00a0\u00a0\u00a0\u00a0\u00a0\u00a0\u00a0\u00a0\u00a0\u00a0 \u00a0 \u00a0\u00a0 (Emiliei \u021au\u021buianu)<\/p>\n<p>&nbsp;<\/p>\n<p>Vorbele se a\u015faz\u0103 straniu<\/p>\n<p>\u00eentre via\u0163\u0103 \u015fi alt univers.<\/p>\n<p>Abisul?! Fie c\u00e2t mai departe!<\/p>\n<p>S\u0103 citim despre el \u00een c\u0103r\u0163i!<\/p>\n<p>Acum suntem aici, \u00een tabloul<\/p>\n<p>cu iarna alb\u0103,<\/p>\n<p>m\u00e2ine vom \u00een cel cu verdele-verde.<\/p>\n<p>Desigur vor \u00eenflori \u015fi cai\u015fi,<\/p>\n<p>se vor coace,<\/p>\n<p>c\u00e2mpiile vor rodi \u015fi ele,<\/p>\n<p>ca-n fiecare an.<\/p>\n<p>Vom fi aici s\u0103 le culegem.<\/p>\n<p>Durerile, trec\u0103toare,<\/p>\n<p>\u015fi ele vor r\u0103m\u00e2ne singure.<\/p>\n<p>&nbsp;<\/p>\n<p style=\"text-align: justify;\">Stau si ascult tacerile din mine. Sufletul vibrand in zi de vara. O zi deosebita pentru prietena mea Emilia Tutuianu Dospinesc, pentru cei pe care ii are alaturi.<\/p>\n<p style=\"text-align: justify;\">Psiholog, poet si editor, Emilia este raspunzatoare in fata clipei, in fata omului de cultura, in viata CETATII romascane.<\/p>\n<p style=\"text-align: justify;\">Emilia Tutuianu stie sa daruiasca! Cuvantul ia forme diverse in poezie si texte ce imbraca o carte. Gingasia sa este cea a unei flori. Oare stim sa pretuim ce avem langa noi? Desi departe, ma intreb uneori de ce Emilia este doar ceea ce este\u2026Doar bunul Dumnezeu stie cate nopti si zile, trudind prin cuvant, editoarea continua sa lase o zestre impresionanta tinutului romascan.<\/p>\n<p style=\"text-align: justify;\">Frumosul tinut azi are de ce sa sarbatoreasca! O fiica a locului ce merita pretuire si respect.<\/p>\n<p style=\"text-align: justify;\">Vivat Emilia! Sunt tentata sa strig\u2026Oare ma aude? Ma aude cineva? Fapta ziditoare, smerenia si cuvantul cald sunt vesmante pentru un suflet ales.<\/p>\n<p style=\"text-align: justify;\">Anii, ii numara Dumnezeu\u2026noi suntem doar prinsi in timp asteptand cuminti adevarata viata. Dar ce este timpul? Cum l-am putea masura? Dupa faptele noastre? Dupa trairi? Un lung sir de matanii, incarcat cu momente unice. Zambete, lacrimi, clipe daruite pentru a merge pe drumul care ne-a fost randuit\u2026<\/p>\n<p style=\"text-align: justify;\">Emilia Tutuianu si-a gasit drumul! Un drum al frumosului, unde iubirea si dragostea pentru Dumnezeu Tatal o ajuta in ceea ce face.<\/p>\n<p style=\"text-align: justify;\">Nimic fara Dumnezeu! Acesta-i crezul Emiliei!<\/p>\n<p style=\"text-align: justify;\">Ma alaturi celor ce sunt aplecati asupra slovei, cu cele mai calde urari pentru poeta, editoarea si mai ales pentru prietena mea Emilia Tutuianu Dospinescu!<\/p>\n<p style=\"text-align: justify;\">La multi si frumosi ani, Emilia!<\/p>\n<p>&nbsp;<\/p>\n<p>&nbsp;<\/p>\n<p style=\"text-align: right;\"><em>Mariana Gurza<\/em><\/p>\n<p style=\"text-align: right;\"><em>Timi\u0219oara<\/em><\/p>\n<p style=\"text-align: right;\"><em>12 iulie 2013<\/em><\/p>\n","protected":false},"excerpt":{"rendered":"<p>ENIGMATIC E TOTUL \u00a0\u00a0\u00a0\u00a0\u00a0\u00a0\u00a0\u00a0\u00a0\u00a0\u00a0\u00a0\u00a0\u00a0\u00a0\u00a0\u00a0\u00a0\u00a0\u00a0\u00a0\u00a0\u00a0 \u00a0 \u00a0\u00a0 (Emiliei \u021au\u021buianu) &nbsp; Vorbele se a\u015faz\u0103 straniu \u00eentre via\u0163\u0103 \u015fi alt univers. Abisul?! Fie [&#038;hellip<\/p>\n","protected":false},"author":1,"featured_media":0,"comment_status":"closed","ping_status":"closed","sticky":false,"template":"","format":"standard","meta":{"footnotes":""},"categories":[3],"tags":[],"class_list":["post-13985","post","type-post","status-publish","format-standard","hentry","category-articole"],"_links":{"self":[{"href":"https:\/\/www.marianagurza.ro\/blog\/wp-json\/wp\/v2\/posts\/13985","targetHints":{"allow":["GET"]}}],"collection":[{"href":"https:\/\/www.marianagurza.ro\/blog\/wp-json\/wp\/v2\/posts"}],"about":[{"href":"https:\/\/www.marianagurza.ro\/blog\/wp-json\/wp\/v2\/types\/post"}],"author":[{"embeddable":true,"href":"https:\/\/www.marianagurza.ro\/blog\/wp-json\/wp\/v2\/users\/1"}],"replies":[{"embeddable":true,"href":"https:\/\/www.marianagurza.ro\/blog\/wp-json\/wp\/v2\/comments?post=13985"}],"version-history":[{"count":8,"href":"https:\/\/www.marianagurza.ro\/blog\/wp-json\/wp\/v2\/posts\/13985\/revisions"}],"predecessor-version":[{"id":13989,"href":"https:\/\/www.marianagurza.ro\/blog\/wp-json\/wp\/v2\/posts\/13985\/revisions\/13989"}],"wp:attachment":[{"href":"https:\/\/www.marianagurza.ro\/blog\/wp-json\/wp\/v2\/media?parent=13985"}],"wp:term":[{"taxonomy":"category","embeddable":true,"href":"https:\/\/www.marianagurza.ro\/blog\/wp-json\/wp\/v2\/categories?post=13985"},{"taxonomy":"post_tag","embeddable":true,"href":"https:\/\/www.marianagurza.ro\/blog\/wp-json\/wp\/v2\/tags?post=13985"}],"curies":[{"name":"wp","href":"https:\/\/api.w.org\/{rel}","templated":true}]}}