{"id":14194,"date":"2013-07-21T19:42:07","date_gmt":"2013-07-21T19:42:07","guid":{"rendered":"http:\/\/www.marianagurza.ro\/blog\/?p=14194"},"modified":"2013-08-01T14:18:53","modified_gmt":"2013-08-01T14:18:53","slug":"tiberiu-ciobanu-valorificarea-mostenirii-culturale-a-lui-ioachim-miloia-de-catre-aurel-turcus","status":"publish","type":"post","link":"https:\/\/www.marianagurza.ro\/blog\/2013\/07\/21\/tiberiu-ciobanu-valorificarea-mostenirii-culturale-a-lui-ioachim-miloia-de-catre-aurel-turcus\/","title":{"rendered":"Tiberiu Ciobanu: Valorificarea mo\u015ftenirii culturale a lui Ioachim Miloia de c\u0103tre Aurel Turcu\u015f"},"content":{"rendered":"<p style=\"text-align: center;\"><a href=\"http:\/\/www.marianagurza.ro\/blog\/wp-content\/uploads\/2013\/07\/Aurel-Turcus-LH1.jpg\"><img loading=\"lazy\" decoding=\"async\" class=\"size-medium wp-image-14195\" title=\"Aurel Turcus LH1\" src=\"http:\/\/www.marianagurza.ro\/blog\/wp-content\/uploads\/2013\/07\/Aurel-Turcus-LH1-229x300.jpg\" alt=\"\" width=\"229\" height=\"300\" srcset=\"https:\/\/www.marianagurza.ro\/blog\/wp-content\/uploads\/2013\/07\/Aurel-Turcus-LH1-229x300.jpg 229w, https:\/\/www.marianagurza.ro\/blog\/wp-content\/uploads\/2013\/07\/Aurel-Turcus-LH1.jpg 246w\" sizes=\"auto, (max-width: 229px) 100vw, 229px\" \/><\/a><\/p>\n<p style=\"text-align: center;\"><strong>Aurel Turcu\u0219<\/strong><\/p>\n<p align=\"center\">( n. 3 august 1943 &#8211; 26 martie 2012)<\/p>\n<p>&nbsp;<\/p>\n<p style=\"text-align: justify;\">Inegalabilul creator \u015fi \u201erestitutor\u201d de frumos \u015fi adev\u0103r istoric \u015fi, totodat\u0103 (a\u015fa cum Nicolae Iorga scria despre Ioachim Miloia, la numai 9 zile de la trecerea acestuia la cele ve\u015fnice, \u00een necrologul dedicat marelui c\u0103rturar b\u0103n\u0103\u0163ean \u015fi publicat \u00een \u201eNeamul rom\u00e2nesc\u201d\u00a0 la 3 aprilie 1940), \u201eharnicul muncitor cultural care a fost \u2013 c\u00e2t m\u0103 doare s-o spun!\u201d \u2013 Aurel Turcu\u015f \u015fi-a \u00eenceput cercet\u0103rile referitoare la Ioachim Miloia \u00een anul 1972, pe c\u00e2nd era muzeograf la Muzeul Banatului \u015fi, \u00een vederea s\u0103rb\u0103toririi centenarului acestei institu\u0163ii, f\u0103cea investiga\u0163ii pentru a-i elabora monografia.<\/p>\n<p style=\"text-align: justify;\">Dup\u0103 publicarea c\u00e2torva articole, \u00een anul 1997, \u00een \u00eemprejurarea s\u0103rb\u0103toririi a 60 de ani de la \u00eenfiin\u0163area Arhivelor Banatului, a ap\u0103rut, sub auspiciile acestei institu\u0163ii \u2013 al c\u0103rei director era, pe atunci, istoricul Gheorghe Mudura \u2013 volumul <strong><em>Un erudit c\u0103rturar: Ioachim Miloia<\/em><\/strong>, \u00een care cea mai mare parte din studii \u00eei apar\u0163ineau lui Aurel Turcu\u015f, acestea prefigur\u00e2nd monografia proiectat\u0103. Pentru cunoa\u015fterea vie\u0163ii lui Ioachim Miloia, a fost de mare folos coresponden\u0163a c\u0103rturarului, care se g\u0103sea \u00een arhiva familiei, \u015fi pe care Aurel Turcu\u015f a grupat-o \u00een dou\u0103 volume intitulate: <strong><em>Scrisori din Italia<\/em><\/strong> \u015fi <strong><em>Coresponden\u0163\u0103<\/em><\/strong>, ambele ap\u0103rute la Editura Eurostampa, \u00een anul 2004 \u015fi, respectiv, 2005, acestea cuprinz\u00e2nd scrisori din perioada \u00een care Miloia \u015fi-a f\u0103cut studiile \u00een Italia, la Roma (1920-1927) \u015fi respectiv din intervalul c\u00e2t a fost director al Muzeului Banatului (anii 1928-1940) \u015fi al Arhivelor Regionale Banat (pe care le-a \u00eenfiin\u0163at \u00een 1937 \u015fi le-a condus p\u00e2n\u0103 la stingerea lui din via\u0163\u0103).<\/p>\n<p style=\"text-align: justify;\">O etap\u0103 foarte important\u0103 a cercet\u0103rilor dedicate lui Ioachim Miloia a debutat \u00een anii 1998-1999, c\u00e2nd s-a \u00eenfiin\u0163at la Timi\u015foara un Desp\u0103r\u0163\u0103m\u00e2nt al ASTREI (fondator \u015fi pre\u015fedinte fiind, bine\u00een\u0163eles, Aurel Turcu\u015f), care a primit (la propunerea mea) numele marelui c\u0103rturar. \u00cen acest cadru s-a n\u0103scut volumul urm\u0103tor, <strong><em>Ioachim Miloia (1897-1940) \u2013 Via\u0163a \u015fi activitatea<\/em><\/strong>, care a ap\u0103rut la aceea\u015fi editur\u0103 timi\u015forean\u0103 amintit\u0103 mai sus, \u00een anul 2006. Extinz\u00e2nd aceast\u0103 lucrare, Aurel Turcu\u015f a redactat monografia <strong><em>Ioachim Miloia (1897-1940) \u2013 Via\u0163a \u015fi activitatea. Incursiuni \u00een oper\u0103 (Banatic\u0103 rom\u00e2neasc\u0103)<\/em><\/strong>, edi\u0163ie ad\u0103ugit\u0103, ap\u0103rut\u0103 \u00een anul 2008 tot la Editura Eurostampa, lucrarea aceasta fiind constituit\u0103 din dou\u0103 mari secven\u0163e: una consacrat\u0103 vie\u0163ii \u015fi activit\u0103\u0163ii, cealalt\u0103 \u2013 operei c\u0103rturarului. Incursiunile lui Turcu\u015f \u00een opera lui Ioachim Miloia sunt f\u0103cute cu mult\u0103 temeinicie, cu prezentarea \u00een detaliu a contribu\u0163iilor \u015ftiin\u0163ifice din domeniul culturii populare, a istoriei Evului Mediu din Banat \u015fi a istoriei artei din aceast\u0103 provincie rom\u00e2neasc\u0103. Prin seria de c\u0103r\u0163i pe care Aurel Turcu\u015f i le-a consacrat c\u0103rturarului b\u0103n\u0103\u0163ean Ioachim Miloia, s-a \u00eenf\u0103ptuit un foarte important act de cultur\u0103, fiind adus\u0103 \u00een actualitate complexa personalitate a marelui c\u0103rturar, contribu\u0163iile acestuia \u00een deschiderea unor drumuri \u00een cercetarea trecutului cultural b\u0103n\u0103\u0163ean, \u00een modernizarea Muzeului Banatului \u015fi \u00eentemeierea Arhivelor Regionale de aici, \u00een pictarea \u015fi restaurarea \u2013 cu profesionalism des\u0103v\u00e2r\u015fit \u2013 a unor l\u0103ca\u015fe de cult din Banat.<\/p>\n<p style=\"text-align: justify;\">Desigur c\u0103 larga sfer\u0103 de implicare socio-cultural\u0103 a lui Aurel Turcu\u015f o poate avea numai un om extrem de generos. Cei care l-au cunoscut bine \u015fi-au dat seama c\u0103 at\u00e2t valoroasa, vasta \u015fi diversificata sa oper\u0103 c\u00e2t \u015fi voluntariatul lui cultural (care a fost \u00eenv\u0103luitor, rev\u0103rs\u0103tor de spirit \u015fi odihnitor pentru ceilal\u0163i) au f\u0103cut ca Aurel Turcu\u015f s\u0103 fie receptat \u00een societate drept un <strong>Om<\/strong> de care s-au bucurat, se bucur\u0103 \u015fi se vor bucura \u00eentotdeauna oamenii.<\/p>\n<p>&nbsp;<\/p>\n<p>Tiberiu Ciobanu<\/p>\n<p>&nbsp;<\/p>\n","protected":false},"excerpt":{"rendered":"<p>Aurel Turcu\u0219 ( n. 3 august 1943 &#8211; 26 martie 2012) &nbsp; Inegalabilul creator \u015fi \u201erestitutor\u201d de frumos \u015fi adev\u0103r [&#038;hellip<\/p>\n","protected":false},"author":1,"featured_media":0,"comment_status":"closed","ping_status":"closed","sticky":false,"template":"","format":"standard","meta":{"footnotes":""},"categories":[3],"tags":[],"class_list":["post-14194","post","type-post","status-publish","format-standard","hentry","category-articole"],"_links":{"self":[{"href":"https:\/\/www.marianagurza.ro\/blog\/wp-json\/wp\/v2\/posts\/14194","targetHints":{"allow":["GET"]}}],"collection":[{"href":"https:\/\/www.marianagurza.ro\/blog\/wp-json\/wp\/v2\/posts"}],"about":[{"href":"https:\/\/www.marianagurza.ro\/blog\/wp-json\/wp\/v2\/types\/post"}],"author":[{"embeddable":true,"href":"https:\/\/www.marianagurza.ro\/blog\/wp-json\/wp\/v2\/users\/1"}],"replies":[{"embeddable":true,"href":"https:\/\/www.marianagurza.ro\/blog\/wp-json\/wp\/v2\/comments?post=14194"}],"version-history":[{"count":4,"href":"https:\/\/www.marianagurza.ro\/blog\/wp-json\/wp\/v2\/posts\/14194\/revisions"}],"predecessor-version":[{"id":14197,"href":"https:\/\/www.marianagurza.ro\/blog\/wp-json\/wp\/v2\/posts\/14194\/revisions\/14197"}],"wp:attachment":[{"href":"https:\/\/www.marianagurza.ro\/blog\/wp-json\/wp\/v2\/media?parent=14194"}],"wp:term":[{"taxonomy":"category","embeddable":true,"href":"https:\/\/www.marianagurza.ro\/blog\/wp-json\/wp\/v2\/categories?post=14194"},{"taxonomy":"post_tag","embeddable":true,"href":"https:\/\/www.marianagurza.ro\/blog\/wp-json\/wp\/v2\/tags?post=14194"}],"curies":[{"name":"wp","href":"https:\/\/api.w.org\/{rel}","templated":true}]}}