{"id":14198,"date":"2013-07-21T19:49:44","date_gmt":"2013-07-21T19:49:44","guid":{"rendered":"http:\/\/www.marianagurza.ro\/blog\/?p=14198"},"modified":"2013-07-21T21:01:29","modified_gmt":"2013-07-21T21:01:29","slug":"nicolae-enciu-lectia-de-istorie-a-profesorului-gheorghe-buzatu","status":"publish","type":"post","link":"https:\/\/www.marianagurza.ro\/blog\/2013\/07\/21\/nicolae-enciu-lectia-de-istorie-a-profesorului-gheorghe-buzatu\/","title":{"rendered":"Nicolae Enciu: Lec\u0163ia de Istorie a Profesorului Gheorghe Buzatu"},"content":{"rendered":"<p style=\"text-align: center;\"><a href=\"http:\/\/www.marianagurza.ro\/blog\/wp-content\/uploads\/2013\/07\/Prof-Gheorghe-Buzatu-in-biroul-sau-de-la-CICE-Iasi-2012-Foto-Cristina-Nichitus-Roncea.jpg\"><img loading=\"lazy\" decoding=\"async\" class=\"size-medium wp-image-14199\" title=\"Prof-Gheorghe-Buzatu-in-biroul-sau-de-la-CICE-Iasi-2012-Foto-Cristina-Nichitus-Roncea\" src=\"http:\/\/www.marianagurza.ro\/blog\/wp-content\/uploads\/2013\/07\/Prof-Gheorghe-Buzatu-in-biroul-sau-de-la-CICE-Iasi-2012-Foto-Cristina-Nichitus-Roncea-300x200.jpg\" alt=\"\" width=\"300\" height=\"200\" srcset=\"https:\/\/www.marianagurza.ro\/blog\/wp-content\/uploads\/2013\/07\/Prof-Gheorghe-Buzatu-in-biroul-sau-de-la-CICE-Iasi-2012-Foto-Cristina-Nichitus-Roncea-300x200.jpg 300w, https:\/\/www.marianagurza.ro\/blog\/wp-content\/uploads\/2013\/07\/Prof-Gheorghe-Buzatu-in-biroul-sau-de-la-CICE-Iasi-2012-Foto-Cristina-Nichitus-Roncea.jpg 702w\" sizes=\"auto, (max-width: 300px) 100vw, 300px\" \/><\/a><\/p>\n<p style=\"text-align: justify;\">La mijlocul lunii august a anului 2004, am avut fericita ocazie de a participa la cursurile Universit\u0103\u0163ii populare de la V\u0103lenii de Munte, desf\u0103\u015furate sub titlul generic <em>Cultur\u0103 \u015fi civiliza\u0163ie rom\u00e2neasc\u0103<\/em>, abord\u00e2ndu-se cu prec\u0103dere preocuparea pentru situa\u0163ia minorit\u0103\u0163ilor na\u0163ionale, rolul lor \u00een istoria modern\u0103 \u015fi contemporan\u0103 a rom\u00e2nilor, cadrul oferit pentru a-\u015fi p\u0103stra \u015fi cultiva tradi\u0163iile, limba, cultura \u015fi fiin\u0163a na\u0163ional\u0103.<\/p>\n<p style=\"text-align: justify;\">\u00a0\u00a0\u00a0\u00a0\u00a0\u00a0\u00a0\u00a0\u00a0\u00a0\u00a0 La intensele tr\u0103iri legate de participarea cu o comunicare la acel prestigios for \u015ftiin\u0163ific, precum \u015fi la prilejul de a veni \u00een contact cu un ora\u015f plin de istorie, \u00een care a locuit, a g\u00e2ndit \u015fi a scris marele istoric Nicolae Iorga, s-a ad\u0103ugat \u015fi \u015fansa unical\u0103 de a asista la evocarea personalit\u0103\u0163ii lui Nicolae Iorga de c\u0103tre prof. Constantin R. Vasilescu, personaj legendar, de o inteligen\u0163\u0103 \u015fi vioiciune uimitoare, care l-a cunoscut \u00eendeaproape pe marele istoric \u015fi a lucrat \u00een preajma sa, \u00een calitate de secretar \u015fi conferen\u0163iar al cursurilor de var\u0103. \u00cen cadrul acelora\u015fi manifest\u0103ri \u015ftiin\u0163ifice \u015fi culturale, am avut ocazia de a audia str\u0103lucitele prelegeri sus\u0163inute de acad. Eugen Simion, acad. Mircea Mali\u0163a, prof. Valeriu Rusu (Aix en Provence) \u015fi, desigur, am profitat de posibilitatea stabilirii unor contacte cu valoro\u015fi oameni de cultur\u0103 \u015fi \u015ftiin\u0163\u0103.<\/p>\n<p style=\"text-align: justify;\">\u00a0\u00a0\u00a0\u00a0\u00a0\u00a0\u00a0\u00a0\u00a0\u00a0\u00a0 A\u015fa l-am cunoscut \u015fi pe Profesorul Gheorghe Buzatu care, chiar de la prima conversa\u0163ie purtat\u0103 cu distinsul istoric, m-a impresionat \u00een special \u015fi mai ales prin simplitatea \u015fi naturale\u0163ea sa. O zi mai t\u00e2rziu, aveam s\u0103 constat imensa erudi\u0163ie \u015fi for\u0163\u0103 de convingere a istoricului Gheorghe Buzatu, care, \u00eempreun\u0103 cu acad. Dan Berindei \u015fi prof. Ioan Scurtu, Ion Calafeteanu, Constantin Bu\u015fe \u015fi Constantin G\u0103ucan au oferit publicului modelul desf\u0103\u015fur\u0103rii unei veritabile <em>mese rotunde<\/em> cu genericul \u201e<em>Rom\u00e2nia \u015fi Europa \u00eentre cele dou\u0103 Conferin\u0163e de pace de la Paris: 1919-1920 \u015fi 1947<\/em>\u201d.<\/p>\n<p style=\"text-align: justify;\">\u00a0\u00a0\u00a0\u00a0\u00a0\u00a0\u00a0\u00a0\u00a0\u00a0\u00a0 Urm\u0103rind s\u0103 r\u0103m\u00e2n\u0103 \u00een afara politicii, dar \u015fi s\u0103 nu admit\u0103 amestecul politicului \u00een modul de abordare a istoriei, Clubul Istoricilor de la V\u0103lenii de Munte \u00ee\u015fi propusese, \u00een spirit iorgist, s\u0103 se implice mai activ \u00een via\u0163a public\u0103, ca presiune a oamenilor de \u015ftiin\u0163\u0103 asupra administratorilor \u0163\u0103rii, astfel \u00eenc\u00e2t respectivii administratori s\u0103 \u00eenceap\u0103, \u00een sf\u00e2r\u015fit, s\u0103 ia cuno\u015ftin\u0163\u0103 de for\u0163a istoricilor \u00een luarea unor decizii majore pentru via\u0163a noastr\u0103. Se pornea de la ideea c\u0103 <em>cine st\u0103p\u00e2ne\u015fte prezentul, poate contraface istoria<\/em>. \u00cen acela\u015fi timp, <em> cel care \u015ftie istorie, poate milita pentru respectarea adev\u0103rului, poate vedea realist prezentul \u015fi prevedea viitorul<\/em>.<\/p>\n<p style=\"text-align: justify;\">\u00a0\u00a0\u00a0\u00a0\u00a0\u00a0\u00a0\u00a0\u00a0\u00a0\u00a0 Memorabila interven\u0163ie a prof. Gheorghe Buzatu \u00een cadrul acelei mese rotunde venea s\u0103 confirme integral juste\u0163ea obiectivului declarat, deoarece distinsul istoric a abordat unul din cele mai controversate momente ale istoriei contemporane a rom\u00e2nilor privind caracterul particip\u0103rii Rom\u00e2niei la r\u0103zboiul \u00eempotriva Uniunii Sovietice \u00een anii 1941-1944. Repro\u015f\u00e2nd factorilor de decizie politic\u0103 eroarea de a fi recunoscut, prin tratatul rom\u00e2no-rus din 4 iulie 2003, c\u0103 r\u0103zboiul \u00een r\u0103s\u0103rit ar fi fost nedrept, prof. Gheorghe Buzatu a demonstrat, cu o neobi\u015fnuit\u0103 for\u0163\u0103 de convingere, c\u0103 \u201e<em>r\u0103zboiul din 1941-1944 a fost incontestabil un r\u0103zboi drept de la un cap\u0103t la altul, din 22 iunie 1941 \u015fi p\u00e2n\u0103 la 23 august 1944<\/em>\u201d. Aceasta deoarece, afirma prof. Gheorghe Buzatu, r\u0103zboiul \u00een cauz\u0103 nu s-a purtat pentru c\u00e2\u015ftigarea unor teritorii str\u0103ine, ci \u201e<em>a fost un r\u0103zboi pentru eliberarea Basarabiei \u015fi a Bucovinei de nord. A fost un r\u0103zboi pentru drepturile noastre istorice, violate<\/em>\u201d, dar \u00een acela\u015fi timp, \u015fi un r\u0103zboi \u00een care s-a avut \u00een vedere \u015fi un factor politic de cel mai mare interes, deoarece guvernul de la Bucure\u015fti, \u00een orice moment, a avut informa\u0163ii c\u0103 la Kremlin erau preg\u0103tite nucleele viitoarelor cabinete comuniste pentru Bucure\u015fti, Var\u015fovia sau Sofia.<\/p>\n<p style=\"text-align: justify;\">\u00a0\u00a0\u00a0\u00a0\u00a0\u00a0\u00a0\u00a0\u00a0\u00a0\u00a0 C\u00e2t prive\u015fte faptul particip\u0103rii Rom\u00e2niei \u00een r\u0103zboiul din est al\u0103turi de Germania, argumentele istoricului Gheorghe Buzatu au fost la fel de judicioase \u015fi imbatabile, subliniindu-se c\u0103 \u201e<em>demonstra\u0163iile pe un anumit fir trebuie s\u0103 mearg\u0103 de fiecare dat\u0103 p\u00e2n\u0103 la cap\u0103t<\/em>\u201d, deoarece \u201e<em>p\u00e2n\u0103 la 1939, c\u00e2nd a \u00eenceput r\u0103zboiul, al\u0103turi de Germania s-au aflat toate Marile Puteri<\/em>\u201d.<\/p>\n<p style=\"text-align: justify;\">\u00a0\u00a0\u00a0\u00a0\u00a0\u00a0\u00a0\u00a0\u00a0\u00a0\u00a0 Profesorul Gheorghe Buzatu \u015fi-a \u00eencheiat acea interven\u0163ie, prezent\u00e2nd din cuv\u00e2ntul pe care marele istoric Nicolae Iorga \u00eel \u0163inuse \u00een Adunarea Deputa\u0163ilor, la 29 decembrie 1919, c\u00e2nd s-au adoptat cele trei proiecte, privind unirea provinciilor istorice cu Vechiul Regat al Rom\u00e2niei: Basarabia, Bucovina \u015fi Transilvania: \u201eCa pre\u015fedinte al Adun\u0103rii Deputa\u0163ilor \u015fi ca unul din reprezentan\u0163ii acestei Rom\u00e2nii dintre Carpa\u0163i \u015fi Dun\u0103re, care a purtat 600 de ani prin cele mai mari primejdii, odat\u0103 cu steagul rom\u00e2nesc, soarta \u00eens\u0103\u015fi a neamului \u00eentreg, \u00een numele Rom\u00e2niei mutilate de ieri, care str\u00e2ngea \u00een inima ei r\u0103nit\u0103 at\u00e2ta din jalea \u015fi n\u0103dejdea \u0163inuturilor \u00eenstr\u0103inate, \u00een numele Rom\u00e2niei care a pl\u00e2ns cu fra\u0163ii pierdu\u0163i \u015fi a n\u0103d\u0103jduit cu ei \u015fi \u00een care n-a fost om cinstit care s\u0103 nu p\u0103streze \u00een sf\u00e2nta sfintelor a sufletului s\u0103u dorul des\u0103v\u00e2r\u015fitei uniri na\u0163ionale \u015fi hot\u0103r\u00e2rea de a ne jertfi to\u0163i pentru aceasta, simt negr\u0103ita fericire de a putea face, \u00een numele dumneavoastr\u0103, al tuturor, acest leg\u0103m\u00e2nt solemn pentru viitorul neamului \u00een sf\u00e2r\u015fit \u015fi pentru vecie unit\u201d.<\/p>\n<p style=\"text-align: justify;\">\u00a0\u00a0\u00a0\u00a0\u00a0\u00a0\u00a0\u00a0\u00a0\u00a0\u00a0 \u00cen con\u015ftiin\u0163a genera\u0163iilor prezente, a tuturor celor care l-au cunoscut \u015fi i-au apreciat valoroasa crea\u0163ie, Gheorghe Buzatu va r\u0103m\u00e2ne \u00eentotdeauna istoricul care a promovat consecvent Adev\u0103rul a\u015fa cum a fost, profund con\u015ftient de datoria de a fi \u201eun amintitor neobosit al tradi\u0163iei na\u0163ionale, un m\u0103rturisitor al unit\u0103\u0163ii neamului peste hotare politice \u015fi de clase, un predicator al solidarit\u0103\u0163ii de ras\u0103 \u015fi un descoperitor de ideale, spre care cel dint\u00e2i trebuie s\u0103 mearg\u0103, d\u00e2nd tineretului ce vine dup\u0103 noi exemplul\u201d. Asum\u00e2ndu-\u015fi nobila misiune de promotor \u015fi de ap\u0103r\u0103tor al Adev\u0103rului istoric, profesorul Gheorghe Buzatu a confirmat, prin \u00eentreaga sa activitate, c\u0103 \u00een \u015ftiin\u0163\u0103, a evita gre\u015felile nelucr\u00e2nd este \u201eun act de pruden\u0163\u0103 la\u015f\u0103, iar curajul cere a \u00eenfrunta greut\u0103\u0163ile, a lua r\u0103spunderea \u015fi a suferi toate riscurile\u201d.<\/p>\n<p style=\"text-align: justify;\"><strong>Dr. Nicolae Enciu<\/strong><\/p>\n<p style=\"text-align: justify;\">\n<p style=\"text-align: justify;\">Doctor habilitat \u00een istorie, cercet\u0103tor \u015ftiin\u0163ific coordonator, Institutul de Istorie al Academiei de \u015etiin\u0163e a Moldovei, Chi\u015fin\u0103u<\/p>\n<p style=\"text-align: justify;\">Foto: <a href=\"http:\/\/nichitus.ro\/\">Cristina Nichitus Roncea<\/a><\/p>\n","protected":false},"excerpt":{"rendered":"<p>La mijlocul lunii august a anului 2004, am avut fericita ocazie de a participa la cursurile Universit\u0103\u0163ii populare de la [&#038;hellip<\/p>\n","protected":false},"author":1,"featured_media":0,"comment_status":"closed","ping_status":"closed","sticky":false,"template":"","format":"standard","meta":{"footnotes":""},"categories":[3],"tags":[],"class_list":["post-14198","post","type-post","status-publish","format-standard","hentry","category-articole"],"_links":{"self":[{"href":"https:\/\/www.marianagurza.ro\/blog\/wp-json\/wp\/v2\/posts\/14198","targetHints":{"allow":["GET"]}}],"collection":[{"href":"https:\/\/www.marianagurza.ro\/blog\/wp-json\/wp\/v2\/posts"}],"about":[{"href":"https:\/\/www.marianagurza.ro\/blog\/wp-json\/wp\/v2\/types\/post"}],"author":[{"embeddable":true,"href":"https:\/\/www.marianagurza.ro\/blog\/wp-json\/wp\/v2\/users\/1"}],"replies":[{"embeddable":true,"href":"https:\/\/www.marianagurza.ro\/blog\/wp-json\/wp\/v2\/comments?post=14198"}],"version-history":[{"count":5,"href":"https:\/\/www.marianagurza.ro\/blog\/wp-json\/wp\/v2\/posts\/14198\/revisions"}],"predecessor-version":[{"id":14203,"href":"https:\/\/www.marianagurza.ro\/blog\/wp-json\/wp\/v2\/posts\/14198\/revisions\/14203"}],"wp:attachment":[{"href":"https:\/\/www.marianagurza.ro\/blog\/wp-json\/wp\/v2\/media?parent=14198"}],"wp:term":[{"taxonomy":"category","embeddable":true,"href":"https:\/\/www.marianagurza.ro\/blog\/wp-json\/wp\/v2\/categories?post=14198"},{"taxonomy":"post_tag","embeddable":true,"href":"https:\/\/www.marianagurza.ro\/blog\/wp-json\/wp\/v2\/tags?post=14198"}],"curies":[{"name":"wp","href":"https:\/\/api.w.org\/{rel}","templated":true}]}}