{"id":14306,"date":"2013-07-27T09:49:28","date_gmt":"2013-07-27T09:49:28","guid":{"rendered":"http:\/\/www.marianagurza.ro\/blog\/?p=14306"},"modified":"2013-07-27T09:49:28","modified_gmt":"2013-07-27T09:49:28","slug":"ramas-bun-de-valeriu-gafencu","status":"publish","type":"post","link":"https:\/\/www.marianagurza.ro\/blog\/2013\/07\/27\/ramas-bun-de-valeriu-gafencu\/","title":{"rendered":"R\u0103mas bun de Valeriu Gafencu"},"content":{"rendered":"<p style=\"text-align: center;\"><a href=\"http:\/\/www.marianagurza.ro\/blog\/wp-content\/uploads\/2013\/07\/valeriu_gafencu-final_resize.jpg\"><img loading=\"lazy\" decoding=\"async\" class=\"size-full wp-image-14307\" title=\"valeriu_gafencu-final_resize\" src=\"http:\/\/www.marianagurza.ro\/blog\/wp-content\/uploads\/2013\/07\/valeriu_gafencu-final_resize.jpg\" alt=\"\" width=\"180\" height=\"240\" \/><\/a><\/p>\n<p style=\"text-align: center;\">\n<p><strong>\u00a0\u00a0\u00a0 R\u0103mas bun<\/strong><strong> <\/strong><\/p>\n<p><strong>\u00a0\u00a0\u00a0\u00a0\u00a0\u00a0\u00a0\u00a0\u00a0\u00a0\u00a0\u00a0\u00a0\u00a0\u00a0\u00a0\u00a0\u00a0\u00a0\u00a0\u00a0\u00a0 de Valeriu Gafencu<\/strong><\/p>\n<p>&nbsp;<\/p>\n<p>S\u00e2ngern\u00e2nd de r\u0103ni ad\u00e2nci,<br \/>\nDe zile f\u0103r\u0103 soare,<br \/>\nDe r\u0103ni ascunse \u015fi puroi,<br \/>\nCu oasele slabe \u015fi moi,<br \/>\nStau ghemuit \u00een pat \u015fi m\u00e2 g\u00e2ndesc<br \/>\nC\u0103 \u00een cur\u00e2nd am s\u0103 v\u0103 p\u0103r\u0103sesc,<br \/>\nPrieteni dragi.<\/p>\n<p>Nu pl\u00e2nge\u0163i c\u0103 m\u0103 duc de l\u00e2ng\u0103 voi<br \/>\n\u015ei c-o s\u0103 fiu zv\u00e2rlit ca un gunoi<br \/>\nCu ho\u0163ii \u00een acela\u015fi cimitir,<br \/>\nC\u0103ci crezul pentru care m-am jertfit<br \/>\nCerea o viat\u0103 grea \u015fi-o moarte de martir.<\/p>\n<p>Lu\u00e2ndu-L pe Iisus de \u00cemp\u0103rat,<br \/>\nN\u0103valnic am intrat pe poarta str\u00e2mt\u0103<br \/>\nLu\u00e2ndu-m\u0103 cu diavolul la tr\u00e2nt\u0103<br \/>\n\u015ei ani de-a r\u00e2ndu-ntr-una m-am luptat<br \/>\nS\u0103 devin altul,<br \/>\nUn erou,<br \/>\nOm nou.<\/p>\n<p>\u015ei-am vrut<br \/>\nNeamul s\u0103-l mut<br \/>\nDe-aici, de jos,<br \/>\nLa Domnul Iisus Hristos.<br \/>\nNu v\u0103-nfrica\u0163i de cei ce-n temni\u0163i v\u0103 \u00eenchid<br \/>\n\u015ei nici de cei ce trupul v-il ucid.<br \/>\nDe Cel ce via\u0163a-\u0163i scoate din robie<br \/>\n\u015ei fericirea-\u0163i d\u0103 \u00een ve\u015fnicie,<br \/>\nDe El s\u0103-\u0163i fie fric\u0103, turm\u0103 mic\u0103.<\/p>\n<p>Acum, c\u00e2nd v\u0103d c\u00e2t sunt de p\u0103c\u0103tos,<br \/>\nDe mic \u015fi de neputincios,<br \/>\nC\u0103 am nevoie mult\u0103 de-ndurare,<br \/>\nDe dragoste, de mil\u0103, de iertare,<br \/>\nC\u0103 numai Dumnezeu le poate toate<br \/>\n\u015ei lumea din robie El o scoate,<\/p>\n<p>Devin copil supus,<br \/>\nSunt umilit<br \/>\n\u015ei-s fericit.<\/p>\n<p>&nbsp;<\/p>\n<p>Din cerul t\u0103u \u00eenalt \u015fi prea ales,<br \/>\nP\u0103rinte, c\u00e2nd m\u0103 vei lua la Tine,<br \/>\nPrietenilor mei de pe p\u0103m\u00e2nt<br \/>\nRed\u0103-le, Tu, \u00een alb ve\u015fm\u00e2nt<br \/>\nUn suflet care i-a iubit \u015fi i-a-n\u0163eles.<\/p>\n<p><strong>Valeriu Gafencu<\/strong><\/p>\n<p>&nbsp;<\/p>\n","protected":false},"excerpt":{"rendered":"<p>\u00a0\u00a0\u00a0 R\u0103mas bun \u00a0\u00a0\u00a0\u00a0\u00a0\u00a0\u00a0\u00a0\u00a0\u00a0\u00a0\u00a0\u00a0\u00a0\u00a0\u00a0\u00a0\u00a0\u00a0\u00a0\u00a0\u00a0 de Valeriu Gafencu &nbsp; S\u00e2ngern\u00e2nd de r\u0103ni ad\u00e2nci, De zile f\u0103r\u0103 soare, De r\u0103ni ascunse \u015fi [&#038;hellip<\/p>\n","protected":false},"author":1,"featured_media":0,"comment_status":"closed","ping_status":"closed","sticky":false,"template":"","format":"standard","meta":{"footnotes":""},"categories":[3],"tags":[],"class_list":["post-14306","post","type-post","status-publish","format-standard","hentry","category-articole"],"_links":{"self":[{"href":"https:\/\/www.marianagurza.ro\/blog\/wp-json\/wp\/v2\/posts\/14306","targetHints":{"allow":["GET"]}}],"collection":[{"href":"https:\/\/www.marianagurza.ro\/blog\/wp-json\/wp\/v2\/posts"}],"about":[{"href":"https:\/\/www.marianagurza.ro\/blog\/wp-json\/wp\/v2\/types\/post"}],"author":[{"embeddable":true,"href":"https:\/\/www.marianagurza.ro\/blog\/wp-json\/wp\/v2\/users\/1"}],"replies":[{"embeddable":true,"href":"https:\/\/www.marianagurza.ro\/blog\/wp-json\/wp\/v2\/comments?post=14306"}],"version-history":[{"count":2,"href":"https:\/\/www.marianagurza.ro\/blog\/wp-json\/wp\/v2\/posts\/14306\/revisions"}],"predecessor-version":[{"id":14309,"href":"https:\/\/www.marianagurza.ro\/blog\/wp-json\/wp\/v2\/posts\/14306\/revisions\/14309"}],"wp:attachment":[{"href":"https:\/\/www.marianagurza.ro\/blog\/wp-json\/wp\/v2\/media?parent=14306"}],"wp:term":[{"taxonomy":"category","embeddable":true,"href":"https:\/\/www.marianagurza.ro\/blog\/wp-json\/wp\/v2\/categories?post=14306"},{"taxonomy":"post_tag","embeddable":true,"href":"https:\/\/www.marianagurza.ro\/blog\/wp-json\/wp\/v2\/tags?post=14306"}],"curies":[{"name":"wp","href":"https:\/\/api.w.org\/{rel}","templated":true}]}}