{"id":14321,"date":"2013-07-29T11:37:29","date_gmt":"2013-07-29T11:37:29","guid":{"rendered":"http:\/\/www.marianagurza.ro\/blog\/?p=14321"},"modified":"2013-07-29T11:37:29","modified_gmt":"2013-07-29T11:37:29","slug":"victor-roncea-parintele-justin-parvu-sau-starea-de-trezvie-permanenta","status":"publish","type":"post","link":"https:\/\/www.marianagurza.ro\/blog\/2013\/07\/29\/victor-roncea-parintele-justin-parvu-sau-starea-de-trezvie-permanenta\/","title":{"rendered":"Victor Roncea: &#8220;P\u0103rintele Justin P\u00e2rvu sau starea de trezvie permanent\u0103&#8230;&#8221;"},"content":{"rendered":"<p style=\"text-align: center;\"><a href=\"http:\/\/www.marianagurza.ro\/blog\/wp-content\/uploads\/2013\/07\/IPS-Teofan-la-Mormantul-Parintelui-Justin-la-Pomenirea-de-40-de-zile-de-la-Petru-Voda-27-iulie-2013.jpg\"><img loading=\"lazy\" decoding=\"async\" class=\"size-medium wp-image-14322\" title=\"IPS-Teofan-la-Mormantul-Parintelui-Justin-la-Pomenirea-de-40-de-zile-de-la-Petru-Voda-27-iulie-2013\" src=\"http:\/\/www.marianagurza.ro\/blog\/wp-content\/uploads\/2013\/07\/IPS-Teofan-la-Mormantul-Parintelui-Justin-la-Pomenirea-de-40-de-zile-de-la-Petru-Voda-27-iulie-2013-199x300.jpg\" alt=\"\" width=\"199\" height=\"300\" srcset=\"https:\/\/www.marianagurza.ro\/blog\/wp-content\/uploads\/2013\/07\/IPS-Teofan-la-Mormantul-Parintelui-Justin-la-Pomenirea-de-40-de-zile-de-la-Petru-Voda-27-iulie-2013-199x300.jpg 199w, https:\/\/www.marianagurza.ro\/blog\/wp-content\/uploads\/2013\/07\/IPS-Teofan-la-Mormantul-Parintelui-Justin-la-Pomenirea-de-40-de-zile-de-la-Petru-Voda-27-iulie-2013.jpg 531w\" sizes=\"auto, (max-width: 199px) 100vw, 199px\" \/><\/a><\/p>\n<div id=\"stcpDiv\">\n<p style=\"text-align: justify;\"><a href=\"http:\/\/www.dailymotion.com\/video\/x12doid_ips-teofan-la-pomenirea-de-40-de-zile-a-parintelui-nostru-justin-parvu_people\" target=\"_blank\">IPS Teofan la Pomenirea de 40 de zile a Parintelui nostru Justin Parvu<\/a> <em>de <a href=\"http:\/\/www.dailymotion.com\/ZiaristiOnlineTV\" target=\"_blank\">ZiaristiOnlineTV<\/a><\/em><\/p>\n<p style=\"text-align: justify;\">S\u00e2mb\u0103t\u0103, 27 Iulie 2013, la pomenirea Sf\u00e2ntului Mare Mucenic Pantelimon, doctorul cel f\u0103r\u0103 de argin\u0163i, \u00eentr-o atmosfer\u0103 foarte emo\u0163ionant\u0103, s-a s\u0103v\u00e2r\u015fit, \u00een mijlocul a mai mult de 5000 de \u00eenchin\u0103tori, pomenirea a 40 de zile de la trecerea din via\u0163a aceasta a P\u0103rintelui Justin P\u00e2rvu, informeaza portalul <a href=\"http:\/\/petruvoda.ro\/2013\/07\/27\/pomenirea-a-40-de-zile-de-la-savirsirea-parintelui-justin\/\">Manastirii Petru Voda<\/a>.<\/p>\n<p style=\"text-align: justify;\">\u201cLa vale\u201d, maicile au reusit sa amenajeze un Muzeu in chilia Parintelui Justin, dupa cum publica site-ul <a href=\"http:\/\/www.paltin-petruvoda.ro\/?page_id=442\">Manastirea Paltin<\/a>.<\/p>\n<p style=\"text-align: justify;\">Inregistrarea Audio a Predicilor IPS Teofan, Mitropolitul Moldovei si Bucovinei: <a href=\"http:\/\/petruvoda.ro\/2013\/07\/27\/pomenirea-a-40-de-zile-de-la-savirsirea-parintelui-justin\/\">PetruVoda.Ro<\/a><\/p>\n<p style=\"text-align: justify;\">Foto sus: Tudorel Rusu\/ <a href=\"http:\/\/www.doxologia.ro\/imagine\/pomenirea-de-40-de-zile-parintelui-justin\">Doxologia<\/a><\/p>\n<p style=\"text-align: justify;\">Sursa Video: <a href=\"http:\/\/www.doxologia.ro\/video\/interviuri\/diverse\/intalnirea-cu-parintele-justin-mi-schimbat-viata\">Doxologia<\/a> via <a href=\"http:\/\/www.dailymotion.com\/ZiaristiOnlineTV#video=x103uhy\">ZiaristiOnlineTV<\/a><\/p>\n<p style=\"text-align: justify;\">Tot astazi a avut loc, la Catedrala Patriarhala, o slujba de pomenire pentru Prea Fericitul Parinte Teoctist, regretatul Patriarh al Bisericii Ortodoxe Romane, la sase ani de la trecerea sa la cele vesnice, oficiata de PS Varsanufie Prahoveanul, Episcop-vicar al Arhiepiscopiei Bucure\u0219tilor, transmite <a href=\"http:\/\/www.basilica.ro\/stiri\/parastas-pentru-vrednicul-de-pomenire-patriarhul-teoctist_8842.html\">Basilica<\/a>.<\/p>\n<p style=\"text-align: justify;\">Dumnezeu sa-i pomeneasca in Imparatia Cerurilor! Vesnica lor pomenire!<\/p>\n<p style=\"text-align: justify;\">Vedeti si: <a href=\"http:\/\/roncea.ro\/2013\/07\/26\/40-de-zile-de-la-plecarea-parintelui-justin-dumnezeu-sa-l-aiba-la-dreapta-sa-ultima-slujba-si-ultima-binecuvantare-de-la-petru-voda-a-ultimului-arhanghel-al-romanismului-micul-nostru-omagiu-video\/#sthash.LKChpXZK.dpuf\">40 de zile de la plecarea Parintelui Justin. Dumnezeu sa-l aiba la dreapta Sa! Ultima slujba si ultima binecuvantare de la Petru Voda a ultimului arhanghel al rom\u00e2nismului autentic. Micul nostru omagiu: VIDEO\/FOTO<\/a><\/p>\n<p>Sursa si alte materiale pe :<a href=\"http:\/\/roncea.ro\/2013\/07\/27\/parintele-justin-parvu-sau-starea-de-trezvie-permanenta-pomenirea-de-40-de-zile-la-petru-voda-cu-ips-teofan-si-peste-5000-de-dreptcredinciosi-si-parastas-la-sase-ani-pentru-prea-fericitul-parinte-te\/\"> http:\/\/roncea.ro\/2013\/07\/27\/parintele-justin-parvu-sau-starea-de-trezvie-permanenta-pomenirea-de-40-de-zile-la-petru-voda-cu-ips-teofan-si-peste-5000-de-dreptcredinciosi-si-parastas-la-sase-ani-pentru-prea-fericitul-parinte-teoctis\/<\/a><\/p>\n<p><a href=\"http:\/\/roncea.ro\/\" target=\"_blank\">Victor Roncea<\/a><\/p>\n<div id=\"stcpDiv\">\u00a0<strong>Vesnica lor pomenire!<\/strong><\/div>\n<\/div>\n","protected":false},"excerpt":{"rendered":"<p>IPS Teofan la Pomenirea de 40 de zile a Parintelui nostru Justin Parvu de ZiaristiOnlineTV S\u00e2mb\u0103t\u0103, 27 Iulie 2013, la [&#038;hellip<\/p>\n","protected":false},"author":1,"featured_media":0,"comment_status":"closed","ping_status":"closed","sticky":false,"template":"","format":"standard","meta":{"footnotes":""},"categories":[3,6],"tags":[],"class_list":["post-14321","post","type-post","status-publish","format-standard","hentry","category-articole","category-linkuri-externe"],"_links":{"self":[{"href":"https:\/\/www.marianagurza.ro\/blog\/wp-json\/wp\/v2\/posts\/14321","targetHints":{"allow":["GET"]}}],"collection":[{"href":"https:\/\/www.marianagurza.ro\/blog\/wp-json\/wp\/v2\/posts"}],"about":[{"href":"https:\/\/www.marianagurza.ro\/blog\/wp-json\/wp\/v2\/types\/post"}],"author":[{"embeddable":true,"href":"https:\/\/www.marianagurza.ro\/blog\/wp-json\/wp\/v2\/users\/1"}],"replies":[{"embeddable":true,"href":"https:\/\/www.marianagurza.ro\/blog\/wp-json\/wp\/v2\/comments?post=14321"}],"version-history":[{"count":2,"href":"https:\/\/www.marianagurza.ro\/blog\/wp-json\/wp\/v2\/posts\/14321\/revisions"}],"predecessor-version":[{"id":14324,"href":"https:\/\/www.marianagurza.ro\/blog\/wp-json\/wp\/v2\/posts\/14321\/revisions\/14324"}],"wp:attachment":[{"href":"https:\/\/www.marianagurza.ro\/blog\/wp-json\/wp\/v2\/media?parent=14321"}],"wp:term":[{"taxonomy":"category","embeddable":true,"href":"https:\/\/www.marianagurza.ro\/blog\/wp-json\/wp\/v2\/categories?post=14321"},{"taxonomy":"post_tag","embeddable":true,"href":"https:\/\/www.marianagurza.ro\/blog\/wp-json\/wp\/v2\/tags?post=14321"}],"curies":[{"name":"wp","href":"https:\/\/api.w.org\/{rel}","templated":true}]}}