{"id":14353,"date":"2013-07-30T14:52:45","date_gmt":"2013-07-30T14:52:45","guid":{"rendered":"http:\/\/www.marianagurza.ro\/blog\/?p=14353"},"modified":"2013-08-01T14:10:48","modified_gmt":"2013-08-01T14:10:48","slug":"poeme-crestine-2","status":"publish","type":"post","link":"https:\/\/www.marianagurza.ro\/blog\/2013\/07\/30\/poeme-crestine-2\/","title":{"rendered":"Zorica Teodosia La\u0163cu &#8211; Pomelnic"},"content":{"rendered":"<p style=\"text-align: center;\"><a href=\"http:\/\/www.marianagurza.ro\/blog\/wp-content\/uploads\/2013\/07\/aiud.jpg\"><img loading=\"lazy\" decoding=\"async\" class=\"size-full wp-image-14370\" title=\"aiud\" src=\"http:\/\/www.marianagurza.ro\/blog\/wp-content\/uploads\/2013\/07\/aiud.jpg\" alt=\"\" width=\"179\" height=\"282\" \/><\/a><\/p>\n<p><strong>\u00a0\u00a0\u00a0\u00a0\u00a0\u00a0\u00a0\u00a0\u00a0\u00a0\u00a0\u00a0\u00a0\u00a0\u00a0\u00a0\u00a0\u00a0\u00a0\u00a0\u00a0\u00a0\u00a0\u00a0\u00a0\u00a0\u00a0\u00a0 Pomelnic<\/strong><\/p>\n<p><strong>\u00a0\u00a0\u00a0\u00a0\u00a0\u00a0\u00a0\u00a0\u00a0\u00a0\u00a0\u00a0\u00a0\u00a0\u00a0\u00a0\u00a0\u00a0\u00a0\u00a0\u00a0\u00a0\u00a0\u00a0\u00a0\u00a0\u00a0\u00a0\u00a0\u00a0\u00a0\u00a0\u00a0\u00a0\u00a0\u00a0\u00a0\u00a0\u00a0\u00a0\u00a0\u00a0\u00a0\u00a0\u00a0\u00a0\u00a0\u00a0\u00a0\u00a0\u00a0\u00a0\u00a0\u00a0\u00a0\u00a0\u00a0\u00a0 de Zorica Teodosia La\u0163cu<\/strong><\/p>\n<p>&nbsp;<\/p>\n<p>Pe toti cei ce \u00een veacuri au cazut lupt\u00e2nd<br \/>\nPentru biruinta Crucii prea cinstite,<br \/>\nCei ce \u00een clipa mortii au avut \u00een g\u00e2nd<br \/>\nNumele Treimii prea blagoslovite,<br \/>\nSi pe toti aceea care au r\u00e2vnit<br \/>\nSlava si cununa mai presus de minte,<br \/>\nPomeneste-I Doamne, Tu c\u00e2nd vei veni,<br \/>\n\u00cen \u00cemparatia Slavei Tale sfinte.<br \/>\nPe toti Mucenicii Neamului, Eroi,<br \/>\nLuptatori cu spada sau cu rugi sfintite,<br \/>\nToti cei ce se roaga astazi pentru noi,<br \/>\nSi ne scot \u00een graba tainic din ispite,<br \/>\nSi pe toti aceea care pentru neam,<br \/>\nAu trait \u00een temniti, ca-n niste morminte,<br \/>\nPomeneste-I Doamne, Tu c\u00e2nd vei veni,<br \/>\n\u00cen \u00cemparatia Slavei Tale sfinte.<\/p>\n<p>Pe tot neamul nostru evlavios si sf\u00e2nt<br \/>\nVoievozi si doamne, boieri, jup\u00e2nese,<br \/>\nToti c\u00e2ti dorm cu trupul \u00een acest pam\u00e2nt<br \/>\n\u00cen hotarul tarii noastre prea alese,<br \/>\nPe parintii nostri si pe fratii dragi<br \/>\nCe s-au dus la ceruri sus de mai-nainte,<br \/>\nPomeneste-I Doamne, Tu c\u00e2nd vei veni,<br \/>\n\u00cen \u00cemparatia Slavei Tale sfinte.<br \/>\nSi pe toti aceia care nestiuti<br \/>\nStinsu-s-au \u00een vremea asprelor prigoane,<br \/>\nCei ce \u00eenca astazi zac necunoscuti<br \/>\nSi-n biserici nu au slujbe si canoane,<br \/>\nPe toti sfintii care numai Tu \u00eei stii<br \/>\nSi al caror nume numai Tu-l tii minte,<br \/>\nPomeneste-I Doamne, Tu c\u00e2nd vei veni,<br \/>\n\u00cen \u00cemparatia Slavei Tale sfinte.<\/p>\n<p>&nbsp;<\/p>\n<p><strong>\u00a0\u00a0\u00a0\u00a0\u00a0\u00a0\u00a0\u00a0\u00a0\u00a0\u00a0\u00a0\u00a0\u00a0\u00a0\u00a0\u00a0 Zorica Teodosia La\u021bcu<\/strong><\/p>\n<p style=\"text-align: center;\"><a href=\"http:\/\/www.marianagurza.ro\/blog\/wp-content\/uploads\/2013\/07\/pr-justin-icoana-final-prel2.jpg\"><img loading=\"lazy\" decoding=\"async\" class=\"size-medium wp-image-14369\" title=\"pr-justin-icoana-final-prel2\" src=\"http:\/\/www.marianagurza.ro\/blog\/wp-content\/uploads\/2013\/07\/pr-justin-icoana-final-prel2-206x300.jpg\" alt=\"\" width=\"206\" height=\"300\" srcset=\"https:\/\/www.marianagurza.ro\/blog\/wp-content\/uploads\/2013\/07\/pr-justin-icoana-final-prel2-206x300.jpg 206w, https:\/\/www.marianagurza.ro\/blog\/wp-content\/uploads\/2013\/07\/pr-justin-icoana-final-prel2.jpg 640w\" sizes=\"auto, (max-width: 206px) 100vw, 206px\" \/><\/a><\/p>\n<p>&nbsp;<\/p>\n","protected":false},"excerpt":{"rendered":"<p>\u00a0\u00a0\u00a0\u00a0\u00a0\u00a0\u00a0\u00a0\u00a0\u00a0\u00a0\u00a0\u00a0\u00a0\u00a0\u00a0\u00a0\u00a0\u00a0\u00a0\u00a0\u00a0\u00a0\u00a0\u00a0\u00a0\u00a0\u00a0 Pomelnic \u00a0\u00a0\u00a0\u00a0\u00a0\u00a0\u00a0\u00a0\u00a0\u00a0\u00a0\u00a0\u00a0\u00a0\u00a0\u00a0\u00a0\u00a0\u00a0\u00a0\u00a0\u00a0\u00a0\u00a0\u00a0\u00a0\u00a0\u00a0\u00a0\u00a0\u00a0\u00a0\u00a0\u00a0\u00a0\u00a0\u00a0\u00a0\u00a0\u00a0\u00a0\u00a0\u00a0\u00a0\u00a0\u00a0\u00a0\u00a0\u00a0\u00a0\u00a0\u00a0\u00a0\u00a0\u00a0\u00a0\u00a0\u00a0 de Zorica Teodosia La\u0163cu &nbsp; Pe toti cei ce \u00een veacuri au cazut lupt\u00e2nd Pentru biruinta Crucii [&#038;hellip<\/p>\n","protected":false},"author":1,"featured_media":0,"comment_status":"closed","ping_status":"closed","sticky":false,"template":"","format":"standard","meta":{"footnotes":""},"categories":[3,6],"tags":[],"class_list":["post-14353","post","type-post","status-publish","format-standard","hentry","category-articole","category-linkuri-externe"],"_links":{"self":[{"href":"https:\/\/www.marianagurza.ro\/blog\/wp-json\/wp\/v2\/posts\/14353","targetHints":{"allow":["GET"]}}],"collection":[{"href":"https:\/\/www.marianagurza.ro\/blog\/wp-json\/wp\/v2\/posts"}],"about":[{"href":"https:\/\/www.marianagurza.ro\/blog\/wp-json\/wp\/v2\/types\/post"}],"author":[{"embeddable":true,"href":"https:\/\/www.marianagurza.ro\/blog\/wp-json\/wp\/v2\/users\/1"}],"replies":[{"embeddable":true,"href":"https:\/\/www.marianagurza.ro\/blog\/wp-json\/wp\/v2\/comments?post=14353"}],"version-history":[{"count":8,"href":"https:\/\/www.marianagurza.ro\/blog\/wp-json\/wp\/v2\/posts\/14353\/revisions"}],"predecessor-version":[{"id":14355,"href":"https:\/\/www.marianagurza.ro\/blog\/wp-json\/wp\/v2\/posts\/14353\/revisions\/14355"}],"wp:attachment":[{"href":"https:\/\/www.marianagurza.ro\/blog\/wp-json\/wp\/v2\/media?parent=14353"}],"wp:term":[{"taxonomy":"category","embeddable":true,"href":"https:\/\/www.marianagurza.ro\/blog\/wp-json\/wp\/v2\/categories?post=14353"},{"taxonomy":"post_tag","embeddable":true,"href":"https:\/\/www.marianagurza.ro\/blog\/wp-json\/wp\/v2\/tags?post=14353"}],"curies":[{"name":"wp","href":"https:\/\/api.w.org\/{rel}","templated":true}]}}