{"id":14611,"date":"2013-08-07T16:39:40","date_gmt":"2013-08-07T16:39:40","guid":{"rendered":"http:\/\/www.marianagurza.ro\/blog\/?p=14611"},"modified":"2013-08-07T16:39:40","modified_gmt":"2013-08-07T16:39:40","slug":"stiu-ca-sunt-lut-%e2%80%93-radu-gyr","status":"publish","type":"post","link":"https:\/\/www.marianagurza.ro\/blog\/2013\/08\/07\/stiu-ca-sunt-lut-%e2%80%93-radu-gyr\/","title":{"rendered":"\u0218tiu c\u0103 sunt lut \u2013 Radu Gyr"},"content":{"rendered":"<p style=\"text-align: center;\"><a href=\"http:\/\/www.marianagurza.ro\/blog\/wp-content\/uploads\/2013\/08\/Radu_Gyr-229x3001.jpg\"><img loading=\"lazy\" decoding=\"async\" class=\"size-full wp-image-14612\" title=\"Radu_Gyr-229x300\" src=\"http:\/\/www.marianagurza.ro\/blog\/wp-content\/uploads\/2013\/08\/Radu_Gyr-229x3001.jpg\" alt=\"\" width=\"229\" height=\"300\" \/><\/a><\/p>\n<p style=\"text-align: center;\">\n<p style=\"text-align: left;\"><strong>\u00a0\u00a0\u00a0\u00a0\u00a0\u00a0\u00a0\u00a0\u00a0\u00a0\u00a0\u00a0\u00a0\u00a0 \u015etiu c\u0103 sunt lut<\/strong><\/p>\n<p><em><br \/>\n<\/em><\/p>\n<p>&nbsp;<\/p>\n<p>\u015etiu c\u0103 sunt lut, dar nu \u015ftiu cine<br \/>\nmi-a pus \u00een piept <strong>albine<\/strong> stranii,<br \/>\ns\u0103-mi scoata mir din m\u0103r\u0103cine,<br \/>\ndin <strong>b\u0103l\u0103rii<\/strong>, imp\u0103rt\u0103\u015fanii.<\/p>\n<p>&nbsp;<\/p>\n<p>Minunea mea se-ntampl\u0103 vie<br \/>\ndin mofturi mici \u015fi biete fleacuri\u2026<br \/>\nUn col\u0163 de-al meu e-o-mp\u0103r\u0103\u0163ie,<br \/>\no zi de-a mea r\u0103sfr\u00e2nge veacuri.<\/p>\n<p>&nbsp;<\/p>\n<p>De nu str\u00e2ng m\u0103rile in bra\u0163e,<br \/>\nprin c\u00e2te-o balt\u0103 tot deretic<br \/>\nsi gheara mea tot st\u0103 s\u0103-nha\u0163e<br \/>\ndin orice tain\u0103 c\u00e2te-un petic.<\/p>\n<p>&nbsp;<\/p>\n<p>Si dac\u0103-nc\u0103lecat pe-o raz\u0103<br \/>\nea nu m\u0103 urc\u0103-n cer, incalte<br \/>\nde-o schioap\u0103-n aer tot cuteaz\u0103<br \/>\npeste cote\u0163e s\u0103 m\u0103 salte.<\/p>\n<p>&nbsp;<\/p>\n<p><strong>Radu Gyr<\/strong><\/p>\n","protected":false},"excerpt":{"rendered":"<p>\u00a0\u00a0\u00a0\u00a0\u00a0\u00a0\u00a0\u00a0\u00a0\u00a0\u00a0\u00a0\u00a0\u00a0 \u015etiu c\u0103 sunt lut &nbsp; \u015etiu c\u0103 sunt lut, dar nu \u015ftiu cine mi-a pus \u00een piept albine stranii, [&#038;hellip<\/p>\n","protected":false},"author":1,"featured_media":0,"comment_status":"closed","ping_status":"closed","sticky":false,"template":"","format":"standard","meta":{"footnotes":""},"categories":[3],"tags":[],"class_list":["post-14611","post","type-post","status-publish","format-standard","hentry","category-articole"],"_links":{"self":[{"href":"https:\/\/www.marianagurza.ro\/blog\/wp-json\/wp\/v2\/posts\/14611","targetHints":{"allow":["GET"]}}],"collection":[{"href":"https:\/\/www.marianagurza.ro\/blog\/wp-json\/wp\/v2\/posts"}],"about":[{"href":"https:\/\/www.marianagurza.ro\/blog\/wp-json\/wp\/v2\/types\/post"}],"author":[{"embeddable":true,"href":"https:\/\/www.marianagurza.ro\/blog\/wp-json\/wp\/v2\/users\/1"}],"replies":[{"embeddable":true,"href":"https:\/\/www.marianagurza.ro\/blog\/wp-json\/wp\/v2\/comments?post=14611"}],"version-history":[{"count":2,"href":"https:\/\/www.marianagurza.ro\/blog\/wp-json\/wp\/v2\/posts\/14611\/revisions"}],"predecessor-version":[{"id":14614,"href":"https:\/\/www.marianagurza.ro\/blog\/wp-json\/wp\/v2\/posts\/14611\/revisions\/14614"}],"wp:attachment":[{"href":"https:\/\/www.marianagurza.ro\/blog\/wp-json\/wp\/v2\/media?parent=14611"}],"wp:term":[{"taxonomy":"category","embeddable":true,"href":"https:\/\/www.marianagurza.ro\/blog\/wp-json\/wp\/v2\/categories?post=14611"},{"taxonomy":"post_tag","embeddable":true,"href":"https:\/\/www.marianagurza.ro\/blog\/wp-json\/wp\/v2\/tags?post=14611"}],"curies":[{"name":"wp","href":"https:\/\/api.w.org\/{rel}","templated":true}]}}