{"id":14778,"date":"2013-08-15T16:53:19","date_gmt":"2013-08-15T16:53:19","guid":{"rendered":"http:\/\/www.marianagurza.ro\/blog\/?p=14778"},"modified":"2013-08-15T16:53:19","modified_gmt":"2013-08-15T16:53:19","slug":"sancta-maria-versiuni-de-george-anca","status":"publish","type":"post","link":"https:\/\/www.marianagurza.ro\/blog\/2013\/08\/15\/sancta-maria-versiuni-de-george-anca\/","title":{"rendered":"Sancta Maria. Versiuni de George Anca"},"content":{"rendered":"<p style=\"text-align: center;\"><a href=\"http:\/\/www.marianagurza.ro\/blog\/wp-content\/uploads\/2013\/08\/58.jpg\"><img loading=\"lazy\" decoding=\"async\" class=\"size-medium wp-image-14779\" title=\"58\" src=\"http:\/\/www.marianagurza.ro\/blog\/wp-content\/uploads\/2013\/08\/58-228x300.jpg\" alt=\"\" width=\"228\" height=\"300\" srcset=\"https:\/\/www.marianagurza.ro\/blog\/wp-content\/uploads\/2013\/08\/58-228x300.jpg 228w, https:\/\/www.marianagurza.ro\/blog\/wp-content\/uploads\/2013\/08\/58-780x1024.jpg 780w, https:\/\/www.marianagurza.ro\/blog\/wp-content\/uploads\/2013\/08\/58.jpg 1525w\" sizes=\"auto, (max-width: 228px) 100vw, 228px\" \/><\/a><\/p>\n<p style=\"text-align: center;\">\n<p>RUGACIUNE<\/p>\n<p>&nbsp;<\/p>\n<p><em>\u00a0\u00a0\u00a0\u00a0\u00a0\u00a0\u00a0\u00a0\u00a0\u00a0\u00a0\u00a0\u00a0\u00a0\u00a0\u00a0\u00a0 Mihai Eminescu<\/em><\/p>\n<p>&nbsp;<\/p>\n<p>&nbsp;<\/p>\n<p>&nbsp;<\/p>\n<p>Craiasa aleg\u00e2ndu-te<br \/>\nIngenunchem rug\u00e2ndu-te,<br \/>\nInalta-ne, ne m\u00e2ntuie<br \/>\nDin valul ce ne b\u00e2ntuie;<br \/>\nFii scut de \u00eentarire<br \/>\nSi zid de m\u00e2ntuire,<br \/>\nPrivirea-ti adorata<br \/>\nAsupra-ne coboara,<br \/>\nO, maica prea curata<br \/>\nSi pururea fecioara,<br \/>\nMarie!<\/p>\n<p>Noi, ce din mila sf\u00e2ntului<br \/>\nUmbra facem pam\u00e2ntului,<br \/>\nRugamu-ne-ndurarilor<br \/>\nLuceafarului marilor;<br \/>\nAsculta-a noastre pl\u00e2ngeri,<br \/>\nRegina peste \u00eengeri,<br \/>\nDin neguri te arata,<br \/>\nLumina dulce clara,<br \/>\nO, maica prea curata<br \/>\nSi pururea fecioara,<br \/>\nMarie!<\/p>\n<p>&nbsp;<\/p>\n<p><strong>Versiuni de George Anca:<\/strong><\/p>\n<p>&nbsp;<\/p>\n<p style=\"text-align: center;\">\u00a0<a href=\"http:\/\/www.marianagurza.ro\/blog\/wp-content\/uploads\/2013\/08\/maica_domnului_ruga.jpg\"><img loading=\"lazy\" decoding=\"async\" class=\"size-medium wp-image-14780\" title=\"maica_domnului_ruga\" src=\"http:\/\/www.marianagurza.ro\/blog\/wp-content\/uploads\/2013\/08\/maica_domnului_ruga-199x300.jpg\" alt=\"\" width=\"199\" height=\"300\" srcset=\"https:\/\/www.marianagurza.ro\/blog\/wp-content\/uploads\/2013\/08\/maica_domnului_ruga-199x300.jpg 199w, https:\/\/www.marianagurza.ro\/blog\/wp-content\/uploads\/2013\/08\/maica_domnului_ruga.jpg 526w\" sizes=\"auto, (max-width: 199px) 100vw, 199px\" \/><\/a><\/p>\n<p><span style=\"color: #000000;\"><a href=\"http:\/\/en.wikipedia.org\/wiki\/List_of_oracular_statements_from_Delphi#cite_note-grene-10\" target=\"_blank\"><span style=\"color: #000000;\"><em>Maria Montessori<\/em><\/span><\/a><\/span><\/p>\n<p>&nbsp;<\/p>\n<p><span style=\"color: #000000;\"><a href=\"http:\/\/en.wikipedia.org\/wiki\/List_of_oracular_statements_from_Delphi#cite_note-grene-10\" target=\"_blank\"><span style=\"color: #000000;\"><strong><em>( io )<\/em><\/strong><\/span><\/a><\/span><\/p>\n<p>&nbsp;<\/p>\n<p><span style=\"color: #000000;\"><a href=\"http:\/\/en.wikipedia.org\/wiki\/List_of_oracular_statements_from_Delphi#cite_note-grene-10\" target=\"_blank\"><span style=\"color: #000000;\">un impuls interior primitiv<\/span><\/a><\/span><\/p>\n<p><span style=\"color: #000000;\"><a href=\"http:\/\/en.wikipedia.org\/wiki\/List_of_oracular_statements_from_Delphi#cite_note-grene-10\" target=\"_blank\"><span style=\"color: #000000;\">copilul e p\u0103rintele umanit\u0103\u021bii<\/span><\/a><\/span><\/p>\n<p><span style=\"color: #000000;\"><a href=\"http:\/\/en.wikipedia.org\/wiki\/List_of_oracular_statements_from_Delphi#cite_note-grene-10\" target=\"_blank\"><span style=\"color: #000000;\">cum n-a\u0219 fi existat<\/span><\/a><\/span><\/p>\n<p><span style=\"color: #000000;\"><a href=\"http:\/\/en.wikipedia.org\/wiki\/List_of_oracular_statements_from_Delphi#cite_note-grene-10\" target=\"_blank\"><span style=\"color: #000000;\">un fel de venera\u021bie religioas\u0103<\/span><\/a><\/span><\/p>\n<p><span style=\"color: #000000;\"><a href=\"http:\/\/en.wikipedia.org\/wiki\/List_of_oracular_statements_from_Delphi#cite_note-grene-10\" target=\"_blank\"><span style=\"color: #000000;\">speran\u021b\u0103 \u0219i promisiune<\/span><\/a><\/span><\/p>\n<p><span style=\"color: #000000;\"><a href=\"http:\/\/en.wikipedia.org\/wiki\/List_of_oracular_statements_from_Delphi#cite_note-grene-10\" target=\"_blank\"><span style=\"color: #000000;\">se concentreaz\u0103 e imensamente fericit<\/span><\/a><\/span><\/p>\n<p><span style=\"color: #000000;\"><a href=\"http:\/\/en.wikipedia.org\/wiki\/List_of_oracular_statements_from_Delphi#cite_note-grene-10\" target=\"_blank\"><span style=\"color: #000000;\">\u00een ambian\u021ba frumuse\u021bii<\/span><\/a><\/span><\/p>\n<p><span style=\"color: #000000;\"><a href=\"http:\/\/en.wikipedia.org\/wiki\/List_of_oracular_statements_from_Delphi#cite_note-grene-10\" target=\"_blank\"><span style=\"color: #000000;\">mi\u0219carea nu e numai expresia eului-io<\/span><\/a><\/span><\/p>\n<p><span style=\"color: #000000;\"><a href=\"http:\/\/en.wikipedia.org\/wiki\/List_of_oracular_statements_from_Delphi#cite_note-grene-10\" target=\"_blank\"><span style=\"color: #000000;\">ci factorul indispensabil pentru construc\u021bia con\u0219tiin\u021bei<\/span><\/a><\/span><\/p>\n<p><span style=\"color: #000000;\"><a href=\"http:\/\/en.wikipedia.org\/wiki\/List_of_oracular_statements_from_Delphi#cite_note-grene-10\" target=\"_blank\"><span style=\"color: #000000;\">fiind singurul mijloc tangibil care pune eul-io<\/span><\/a><\/span><\/p>\n<p><span style=\"color: #000000;\"><a href=\"http:\/\/en.wikipedia.org\/wiki\/List_of_oracular_statements_from_Delphi#cite_note-grene-10\" target=\"_blank\"><span style=\"color: #000000;\">\u00een rela\u021bie bine determinat\u0103 cu realitatea e(x)tern\u0103<\/span><\/a><\/span><\/p>\n<p>&nbsp;<\/p>\n<p><span style=\"color: #000000;\"><a href=\"http:\/\/en.wikipedia.org\/wiki\/List_of_oracular_statements_from_Delphi#cite_note-grene-10\" target=\"_blank\"><span style=\"color: #000000;\"><em>versiune de George Anca<\/em><\/span><\/a><\/span><\/p>\n<p>&nbsp;<\/p>\n<p>Mirabai<\/p>\n<p>&nbsp;<\/p>\n<p><strong><em>Cel Oache\u0219 e Kri\u0219na<\/em><\/strong><\/p>\n<p>&nbsp;<\/p>\n<p>Norii de sus<\/p>\n<p>ai musonului<\/p>\n<p>desfat\u0103 inima fierbinte.<\/p>\n<p>Anotimpul ploii<\/p>\n<p>\u00een nestrunite \u0219oapte &#8211;<\/p>\n<p>Oache\u0219ul se \u00eentoarce!<\/p>\n<p>O, inim\u0103 umflat\u0103,<\/p>\n<p>O, cer de umezeal\u0103 &#8211;<\/p>\n<p>limbi fulgerate \u00eent\u00eei,<\/p>\n<p>apoi tunet,<\/p>\n<p>convulsiile ploii,<\/p>\n<p>apoi v\u00e2nt h\u0103ituind c\u0103ldura verii.<\/p>\n<p>&nbsp;<\/p>\n<p>Mira spune: Oache\u0219ule,<\/p>\n<p>Te-am a\u0219teptat &#8211;<\/p>\n<p>e timpul s\u0103-mi iei c\u00e2ntecele<\/p>\n<p>\u00een strad\u0103.<\/p>\n<p>&nbsp;<\/p>\n<p><em>Edgar Allan Poe<\/em><\/p>\n<p>&nbsp;<\/p>\n<p><strong><em>Sancta Maria<\/em><\/strong><\/p>\n<p>&nbsp;<\/p>\n<p>Sancta Maria! Ochii pleac\u0103 &#8211;<\/p>\n<p>La focul jertfei, rug\u0103 sacr\u0103,<\/p>\n<p>Iubind, smerind p\u0103cat r\u0103pus &#8211;<\/p>\n<p>Din tronul t\u0103u prea sf\u00e2nt de sus.<\/p>\n<p>&nbsp;<\/p>\n<p>\u00cen zori \u2013 la pr\u00e2nz \u2013 crepuscul sur &#8211;<\/p>\n<p>Maria! mi-auzi imnul pur!<\/p>\n<p>\u00cen chiu \u0219i vai, \u00een r\u0103u \u0219i rai,<\/p>\n<p>Stai, Maica Domnului, mai stai!<\/p>\n<p>&nbsp;<\/p>\n<p>C\u00e2nd Orele zburar\u0103 vii<\/p>\n<p>\u0218i nor nu-\u021bi coper\u0103 t\u0103rii,<\/p>\n<p>Sufletul lene\u0219 a nu-mi fi,<\/p>\n<p>\u00cen harul t\u0103u m\u0103 \u021bii-m\u0103-nfii;<\/p>\n<p>&nbsp;<\/p>\n<p>Acum c\u00e2nd soarta-mi potopi<\/p>\n<p>Prezentul \u0219i Trecutu-n vrii,<\/p>\n<p>Luceasc\u0103-mi Viitorul, vii<\/p>\n<p>Speran\u021be-n tine-mi \u021bii \u0219i-nfii.<\/p>\n","protected":false},"excerpt":{"rendered":"<p>RUGACIUNE &nbsp; \u00a0\u00a0\u00a0\u00a0\u00a0\u00a0\u00a0\u00a0\u00a0\u00a0\u00a0\u00a0\u00a0\u00a0\u00a0\u00a0\u00a0 Mihai Eminescu &nbsp; &nbsp; &nbsp; Craiasa aleg\u00e2ndu-te Ingenunchem rug\u00e2ndu-te, Inalta-ne, ne m\u00e2ntuie Din valul ce ne b\u00e2ntuie; [&#038;hellip<\/p>\n","protected":false},"author":1,"featured_media":0,"comment_status":"closed","ping_status":"closed","sticky":false,"template":"","format":"standard","meta":{"footnotes":""},"categories":[3],"tags":[],"class_list":["post-14778","post","type-post","status-publish","format-standard","hentry","category-articole"],"_links":{"self":[{"href":"https:\/\/www.marianagurza.ro\/blog\/wp-json\/wp\/v2\/posts\/14778","targetHints":{"allow":["GET"]}}],"collection":[{"href":"https:\/\/www.marianagurza.ro\/blog\/wp-json\/wp\/v2\/posts"}],"about":[{"href":"https:\/\/www.marianagurza.ro\/blog\/wp-json\/wp\/v2\/types\/post"}],"author":[{"embeddable":true,"href":"https:\/\/www.marianagurza.ro\/blog\/wp-json\/wp\/v2\/users\/1"}],"replies":[{"embeddable":true,"href":"https:\/\/www.marianagurza.ro\/blog\/wp-json\/wp\/v2\/comments?post=14778"}],"version-history":[{"count":2,"href":"https:\/\/www.marianagurza.ro\/blog\/wp-json\/wp\/v2\/posts\/14778\/revisions"}],"predecessor-version":[{"id":14782,"href":"https:\/\/www.marianagurza.ro\/blog\/wp-json\/wp\/v2\/posts\/14778\/revisions\/14782"}],"wp:attachment":[{"href":"https:\/\/www.marianagurza.ro\/blog\/wp-json\/wp\/v2\/media?parent=14778"}],"wp:term":[{"taxonomy":"category","embeddable":true,"href":"https:\/\/www.marianagurza.ro\/blog\/wp-json\/wp\/v2\/categories?post=14778"},{"taxonomy":"post_tag","embeddable":true,"href":"https:\/\/www.marianagurza.ro\/blog\/wp-json\/wp\/v2\/tags?post=14778"}],"curies":[{"name":"wp","href":"https:\/\/api.w.org\/{rel}","templated":true}]}}