{"id":14833,"date":"2013-08-19T13:04:34","date_gmt":"2013-08-19T13:04:34","guid":{"rendered":"http:\/\/www.marianagurza.ro\/blog\/?p=14833"},"modified":"2013-08-19T13:04:34","modified_gmt":"2013-08-19T13:04:34","slug":"vasile-voiculescu-singuratatea","status":"publish","type":"post","link":"https:\/\/www.marianagurza.ro\/blog\/2013\/08\/19\/vasile-voiculescu-singuratatea\/","title":{"rendered":"Vasile Voiculescu: Singur\u0103tatea"},"content":{"rendered":"<p style=\"text-align: center;\"><a href=\"http:\/\/www.marianagurza.ro\/blog\/wp-content\/uploads\/2013\/08\/logo.jpg\"><img loading=\"lazy\" decoding=\"async\" class=\"alignnone size-full wp-image-14834\" title=\"logo\" src=\"http:\/\/www.marianagurza.ro\/blog\/wp-content\/uploads\/2013\/08\/logo.jpg\" alt=\"\" width=\"200\" height=\"280\" \/><\/a><\/p>\n<p><strong>\u00a0\u00a0\u00a0\u00a0\u00a0\u00a0\u00a0\u00a0\u00a0\u00a0\u00a0 Singur\u0103tatea<\/strong><\/p>\n<p>&nbsp;<\/p>\n<p>Adorm adanc Bucegii, \u015fi Noaptea-i neteze\u015fte,<br \/>\nPe t\u00e2mplele lor arse, cu m\u00e2inile-am\u00e2ndou\u0103.<br \/>\nSclipesc pe frun\u0163i gola\u015fe, ce somnul umeze\u015fte,<br \/>\nBroboane mari de rou\u0103.<\/p>\n<p>Doar v\u0103ile-aburite huiesc f\u0103r\u0103-ncetare<br \/>\n\u015ei darele de cea\u0163\u0103, ca ni\u015fte serpi, la poale<br \/>\nSe duc pe nesim\u0163ite \u015fi curg \u00een dep\u0103rtare<br \/>\nCu apele la vale.<\/p>\n<p>Atunci Singur\u0103tatea se scoal\u0103-ng\u00e2ndurat\u0103<br \/>\n\u015ei umbl\u0103, vis\u0103toare, pe stre\u015fini de-n\u0103l\u0163ime.<br \/>\nSt\u0103 ceasuri neclintit\u0103, de-o st\u00e2nc\u0103 r\u0103zimat\u0103,<br \/>\n\u015ei cat\u0103-n ad\u00e2ncime.<\/p>\n<p>D\u0103 drumul unei pietre \u015fi-ascult\u0103, -ncremenit\u0103,<br \/>\nCum bubuie-n ad\u00e2ncuri p\u00e2n\u0092 nu se mai aude,<br \/>\nCu fa\u0163a-n sus pe urm\u0103 se-ntinde, aiurit\u0103,<br \/>\n\u00cen ierburile ude.<\/p>\n<p>Se uit\u0103 lung la stele cum ard n\u0103lucitoare &#8230;<br \/>\nAscult\u0103-n fund moliftii vibr\u00e2nd ca ni\u015fte clape.<br \/>\nPe ceruri trece luna, plutind str\u0103lucitoare,<br \/>\nCu leb\u0103da pe ape.<\/p>\n<p>A\u015fa \u00ee\u015fi duce veghea pe culme sus, de\u015fteapt\u0103,<br \/>\n\u015ei de ur\u00e2t tot timpul ea singur\u0103 \u00ee\u015fi \u0163ine &#8230;<br \/>\nDin c\u00e2nd \u00een c\u00e2nd tresare \u015fi \u015fade &#8230; parc-a\u015fteapt\u0103<br \/>\nDar, nimenea nu vine!<\/p>\n<p>&nbsp;<\/p>\n","protected":false},"excerpt":{"rendered":"<p>\u00a0\u00a0\u00a0\u00a0\u00a0\u00a0\u00a0\u00a0\u00a0\u00a0\u00a0 Singur\u0103tatea &nbsp; Adorm adanc Bucegii, \u015fi Noaptea-i neteze\u015fte, Pe t\u00e2mplele lor arse, cu m\u00e2inile-am\u00e2ndou\u0103. Sclipesc pe frun\u0163i gola\u015fe, ce [&#038;hellip<\/p>\n","protected":false},"author":1,"featured_media":0,"comment_status":"closed","ping_status":"closed","sticky":false,"template":"","format":"standard","meta":{"footnotes":""},"categories":[3],"tags":[],"class_list":["post-14833","post","type-post","status-publish","format-standard","hentry","category-articole"],"_links":{"self":[{"href":"https:\/\/www.marianagurza.ro\/blog\/wp-json\/wp\/v2\/posts\/14833","targetHints":{"allow":["GET"]}}],"collection":[{"href":"https:\/\/www.marianagurza.ro\/blog\/wp-json\/wp\/v2\/posts"}],"about":[{"href":"https:\/\/www.marianagurza.ro\/blog\/wp-json\/wp\/v2\/types\/post"}],"author":[{"embeddable":true,"href":"https:\/\/www.marianagurza.ro\/blog\/wp-json\/wp\/v2\/users\/1"}],"replies":[{"embeddable":true,"href":"https:\/\/www.marianagurza.ro\/blog\/wp-json\/wp\/v2\/comments?post=14833"}],"version-history":[{"count":2,"href":"https:\/\/www.marianagurza.ro\/blog\/wp-json\/wp\/v2\/posts\/14833\/revisions"}],"predecessor-version":[{"id":14836,"href":"https:\/\/www.marianagurza.ro\/blog\/wp-json\/wp\/v2\/posts\/14833\/revisions\/14836"}],"wp:attachment":[{"href":"https:\/\/www.marianagurza.ro\/blog\/wp-json\/wp\/v2\/media?parent=14833"}],"wp:term":[{"taxonomy":"category","embeddable":true,"href":"https:\/\/www.marianagurza.ro\/blog\/wp-json\/wp\/v2\/categories?post=14833"},{"taxonomy":"post_tag","embeddable":true,"href":"https:\/\/www.marianagurza.ro\/blog\/wp-json\/wp\/v2\/tags?post=14833"}],"curies":[{"name":"wp","href":"https:\/\/api.w.org\/{rel}","templated":true}]}}