{"id":14905,"date":"2013-08-23T05:30:41","date_gmt":"2013-08-23T05:30:41","guid":{"rendered":"http:\/\/www.marianagurza.ro\/blog\/?p=14905"},"modified":"2013-08-23T05:36:05","modified_gmt":"2013-08-23T05:36:05","slug":"oaspete-de-onoare-e-s-manimekalai-murugesan-ambasadoarea-indiei-invitata-la-%e2%80%9dcolocviile-de-marti%e2%80%9d","status":"publish","type":"post","link":"https:\/\/www.marianagurza.ro\/blog\/2013\/08\/23\/oaspete-de-onoare-e-s-manimekalai-murugesan-ambasadoarea-indiei-invitata-la-%e2%80%9dcolocviile-de-marti%e2%80%9d\/","title":{"rendered":"Oaspete de onoare: E.S. Manimekalai Murugesan, ambasadoarea Indiei, invitat\u0103 la \u201dColocviile de mar\u021bi\u201d"},"content":{"rendered":"<p style=\"text-align: center;\"><a href=\"http:\/\/www.marianagurza.ro\/blog\/wp-content\/uploads\/2013\/08\/colocvii.jpg\"><img loading=\"lazy\" decoding=\"async\" class=\"alignnone size-full wp-image-14906\" title=\"colocvii\" src=\"http:\/\/www.marianagurza.ro\/blog\/wp-content\/uploads\/2013\/08\/colocvii.jpg\" alt=\"\" width=\"275\" height=\"183\" \/><\/a><\/p>\n<p style=\"text-align: justify;\"><strong>Mar\u0163i, 27 august 2013, de la ora 17.00, va avea loc o nou\u0103 edi\u021bie a evenimentului cultural \u201dColocviile de mar\u021bi\u201d, numit\u0103 \u201dAhimsa \u0219i Anekanta \u00eentre Atena \u0219i Jaipur\u201d. Evenimentul va avea loc la Centrul socio-cultural \u201eJean Louis Calderon\u201d. Oaspete de onoare: E.S. Manimekalai Murugesan, ambasadoarea Indiei. Amfitrion: Dr. George Anca.<\/strong><\/p>\n<div style=\"text-align: justify;\"><strong>\u00a0\u00a0\u00a0\u00a0\u00a0 \u00a0\u00a0 <\/strong><\/div>\n<p style=\"text-align: justify;\"><strong>COLOCVIILE DE MAR\u021aI \/ The Tuesday Colloquiums <\/strong>27 august 2013, 5 pm, Calderon 39<\/p>\n<p style=\"text-align: justify;\"><em>Anul IV, nr. 8 (46). <\/em><a href=\"http:\/\/www.sasnet.lu.se\/content\/kolkata-conference-vivekananda-grundtvig-rolland-gramsci-and-freire\" target=\"_blank\">Auspicii: Asocia\u021bia Cultural\u0103 Rom\u00e2no-Indian\u0103, Academia Interna\u021bional\u0103 Mihai Eminescu, Societatea de Etnologie din Rom\u00e2nia. <\/a><em>Addresses, Interven\u021bii, Teatru de poezie, (Re)lans\u0103ri de c\u0103r\u021bi, Proiecte, Portrete<\/em>, <em>\u00cent\u00e2lniri<\/em><\/p>\n<p style=\"text-align: justify;\">\n<p>Tema: <strong>Ahimsa \u0219i Anekanta \u00eentre Atena \u0219i Jaipur<\/strong><\/p>\n<p style=\"text-align: justify;\">Cel de-al 23-lea Congres Mondial de Filosofie, Atena, 4 \u2013 10 august 2013,a f\u0103cut loc \u0219i unei sesiuni \u201eFilosofia jain\u0103 a Anekanta, panaceu pentru problemele de azi ale omenirii\u201d. Anekanta=Relativitate. Cea de-a 8-a Conferin\u021b\u0103 Interna\u021bional\u0103 de Pace \u0219i Ac\u021biune Nonviolent\u0103, Jaipur (India), 20 \u2013 23 Octombrie 2013, are tema \u201eSpre un viitor nonviolent: \u00een c\u0103utarea unor modele de coexisten\u021b\u0103 \u0219i sustenabilitate pa\u0219nice\u201d. Ecouri \u00een Calderon: \u00centre Mahavira \u0219i Eminescu \u2013 Gandhi \u0219i predica de pe Munte \u2013 Postulate satyagraha, ahimsa, anekanta, aparygraha \u2013 Indoeminescologie \u2013 Masterat \u201eNonviolen\u021b\u0103 energetic\u0103 \u0219i non-posesiune\u201d etc. Anivers\u0103ri: Pan Halipa (1 aug.), Pu\u0219i Dinulescu (27 aug.)<\/p>\n<p>&nbsp;<\/p>\n<p><strong><a href=\"http:\/\/www.sasnet.lu.se\/content\/kolkata-conference-vivekananda-grundtvig-rolland-gramsci-and-freire\" target=\"_blank\"><em>Oaspete de onoare: E.S.<\/em> <em>Manimekalai Murugesan, ambasadoarea Indiei <\/em><\/a><\/strong><\/p>\n<p>&nbsp;<\/p>\n<p><em>Invita\u021bi<\/em>:<\/p>\n<p style=\"text-align: justify;\"><a href=\"http:\/\/www.sasnet.lu.se\/content\/kolkata-conference-vivekananda-grundtvig-rolland-gramsci-and-freire\" target=\"_blank\">Ion Andrei\u021b\u0103, Vasile Andru, Adrian Botez, Anca Brezean, Florin Costinescu, Petru Costinescu, Pu\u0219i Dinulescu, Isabella Dr\u0103ghici, Nicolae Dr\u0103gul\u0103nescu, Adina Dumitrescu, <\/a><a href=\"http:\/\/www.sasnet.lu.se\/content\/kolkata-conference-vivekananda-grundtvig-rolland-gramsci-and-freire\" target=\"_blank\">Doina Ghi\u021bescu, Monica Grigorescu, Omprakash Gupta, Neculai Hilohi, Sorana Georgescu-Gorjan, Mariana Gurza, Elisabeta Isanos, John George Lupa\u0219cu, Dan Mateescu, Vasile Menzel, Bianca Beatrice Michi, Doru Mo\u021boc, Mircea Muntenescu, Gheorghe Neagu, Tudor Nedelcea, Lucia Negoi\u021b\u0103, Radu Cristian Nema, Constantin Poenaru, Mitic\u0103 Popescu, Andrei Radu, Arghira Ravanis, Arun Sharma, \u0218tefan Sileanu, Felix Sima, Florentin Smarandache, Ion Soare, Viorel Speteanu, Mihai Stan, Sorin Stratilat, Adrian-\u0218tefan Stoian, Marian Stroia, Constantin-Dumitru Surdu, Mihai Teodorescu,<\/a><a href=\"http:\/\/www.sasnet.lu.se\/content\/kolkata-conference-vivekananda-grundtvig-rolland-gramsci-and-freire\" target=\"_blank\">Ben Todic\u0103, Elena Toma, Nicolae Tomoniu, Victor \u021a\u0103peanu, Neagu Udroiu, Vladimir Ungureanu, <\/a><a href=\"http:\/\/www.sasnet.lu.se\/content\/kolkata-conference-vivekananda-grundtvig-rolland-gramsci-and-freire\" target=\"_blank\">Viorica Vatamanu,<\/a><a href=\"http:\/\/www.sasnet.lu.se\/content\/kolkata-conference-vivekananda-grundtvig-rolland-gramsci-and-freire\" target=\"_blank\"> Corneliu Zeana<\/a><\/p>\n<p><a href=\"http:\/\/www.sasnet.lu.se\/content\/kolkata-conference-vivekananda-grundtvig-rolland-gramsci-and-freire\" target=\"_blank\">Amfitrion: Dr. George Anca<\/a><\/p>\n<p>&nbsp;<\/p>\n<p><a href=\"http:\/\/www.sasnet.lu.se\/content\/kolkata-conference-vivekananda-grundtvig-rolland-gramsci-and-freire\" target=\"_blank\"><em>Interven\u021bii: <\/em><\/a><\/p>\n<p><a href=\"http:\/\/www.sasnet.lu.se\/content\/kolkata-conference-vivekananda-grundtvig-rolland-gramsci-and-freire\" target=\"_blank\">Arun Sharma: Nonviolen\u021ba gandhian\u0103<\/a><\/p>\n<p><a href=\"http:\/\/www.sasnet.lu.se\/content\/kolkata-conference-vivekananda-grundtvig-rolland-gramsci-and-freire\" target=\"_blank\">Pu\u0219i Dinulescu: <em>Nonviolen\u021b\u0103, non-posesiune<\/em><\/a><\/p>\n<p><a href=\"http:\/\/www.sasnet.lu.se\/content\/kolkata-conference-vivekananda-grundtvig-rolland-gramsci-and-freire\" target=\"_blank\">George Anca: <em>\u00centre Mahavira \u0219i Eminescu<\/em><\/a><\/p>\n<p><a href=\"http:\/\/www.sasnet.lu.se\/content\/kolkata-conference-vivekananda-grundtvig-rolland-gramsci-and-freire\" target=\"_blank\">Mircea Colo\u0219enco: <em>Nonviolen\u021ba lui Pan Halipa<\/em><\/a><\/p>\n<p><a href=\"http:\/\/www.sasnet.lu.se\/content\/kolkata-conference-vivekananda-grundtvig-rolland-gramsci-and-freire\" target=\"_blank\">Constantin Poenaru: <\/a><a href=\"http:\/\/www.sasnet.lu.se\/content\/kolkata-conference-vivekananda-grundtvig-rolland-gramsci-and-freire\" target=\"_blank\"><em>Anekanta, orbii si elefantul<\/em><\/a><\/p>\n<p><a href=\"http:\/\/www.sasnet.lu.se\/content\/kolkata-conference-vivekananda-grundtvig-rolland-gramsci-and-freire\" target=\"_blank\">Sorana Georgescu-Gorjan: <em>Laminarie pe urmele lui Br\u00e2ncu\u0219i<\/em><\/a><\/p>\n<p><a href=\"http:\/\/www.sasnet.lu.se\/content\/kolkata-conference-vivekananda-grundtvig-rolland-gramsci-and-freire\" target=\"_blank\"><em>Bianca Beatrice Michi: Centenar Paul Ricoeur<\/em><\/a><\/p>\n<p>Vladimir Ungureanu: <em>Pattern lingvistic \u2013 st\u0103ri emo\u021bionale<\/em><\/p>\n<p>&nbsp;<\/p>\n<p><em>Teatru de poezie<\/em><\/p>\n<p>Recital Pu\u0219i Dinulescu<\/p>\n<p>Vasile Menzel: <em>Florilegiu indian<\/em><\/p>\n<p><em>Corbul <\/em>de Edgar Poe, versiune de George Anca<\/p>\n<p>&nbsp;<\/p>\n<p>Sancta Maria<\/p>\n<p>&nbsp;<\/p>\n<p><em>Lans\u0103ri de publica\u021bii<\/em>:<\/p>\n<p><em>Indian Perspectives<\/em><\/p>\n<p><em>Ferestre \u2013 <\/em>editor, Elisabeta Isanos<\/p>\n<p>Sem\u0103n\u0103torul \u2013 director, Nicolae Tomoniu<\/p>\n<p>&nbsp;<\/p>\n<p><em>Portrete<\/em>: Radu Cristian Nema<\/p>\n<p>&nbsp;<\/p>\n<p>&nbsp;<\/p>\n<div><strong>\u00a0\u00a0\u00a0\u00a0 \u00a0\u00a0La eveniment particip\u0103 scriitori, actori, ziari\u015fti \u015fi membrii Centrului.<\/strong><\/div>\n<div align=\"center\"><strong><em>\u00cen speran\u0163a c\u0103 ve\u0163i da curs invita\u0163iei noastre, v\u0103 a\u015ftept\u0103m cu drag.<\/em><\/strong><\/div>\n","protected":false},"excerpt":{"rendered":"<p>Mar\u0163i, 27 august 2013, de la ora 17.00, va avea loc o nou\u0103 edi\u021bie a evenimentului cultural \u201dColocviile de mar\u021bi\u201d, [&#038;hellip<\/p>\n","protected":false},"author":1,"featured_media":0,"comment_status":"closed","ping_status":"closed","sticky":false,"template":"","format":"standard","meta":{"footnotes":""},"categories":[3],"tags":[],"class_list":["post-14905","post","type-post","status-publish","format-standard","hentry","category-articole"],"_links":{"self":[{"href":"https:\/\/www.marianagurza.ro\/blog\/wp-json\/wp\/v2\/posts\/14905","targetHints":{"allow":["GET"]}}],"collection":[{"href":"https:\/\/www.marianagurza.ro\/blog\/wp-json\/wp\/v2\/posts"}],"about":[{"href":"https:\/\/www.marianagurza.ro\/blog\/wp-json\/wp\/v2\/types\/post"}],"author":[{"embeddable":true,"href":"https:\/\/www.marianagurza.ro\/blog\/wp-json\/wp\/v2\/users\/1"}],"replies":[{"embeddable":true,"href":"https:\/\/www.marianagurza.ro\/blog\/wp-json\/wp\/v2\/comments?post=14905"}],"version-history":[{"count":3,"href":"https:\/\/www.marianagurza.ro\/blog\/wp-json\/wp\/v2\/posts\/14905\/revisions"}],"predecessor-version":[{"id":14908,"href":"https:\/\/www.marianagurza.ro\/blog\/wp-json\/wp\/v2\/posts\/14905\/revisions\/14908"}],"wp:attachment":[{"href":"https:\/\/www.marianagurza.ro\/blog\/wp-json\/wp\/v2\/media?parent=14905"}],"wp:term":[{"taxonomy":"category","embeddable":true,"href":"https:\/\/www.marianagurza.ro\/blog\/wp-json\/wp\/v2\/categories?post=14905"},{"taxonomy":"post_tag","embeddable":true,"href":"https:\/\/www.marianagurza.ro\/blog\/wp-json\/wp\/v2\/tags?post=14905"}],"curies":[{"name":"wp","href":"https:\/\/api.w.org\/{rel}","templated":true}]}}