{"id":14910,"date":"2013-08-25T13:22:05","date_gmt":"2013-08-25T13:22:05","guid":{"rendered":"http:\/\/www.marianagurza.ro\/blog\/?p=14910"},"modified":"2013-08-26T17:20:36","modified_gmt":"2013-08-26T17:20:36","slug":"ion-marin-almajan-scrisoare-deschisa-domnului-sorin-frunzaverde","status":"publish","type":"post","link":"https:\/\/www.marianagurza.ro\/blog\/2013\/08\/25\/ion-marin-almajan-scrisoare-deschisa-domnului-sorin-frunzaverde\/","title":{"rendered":"Ion Marin Alm\u0103jan: &#8220;Scrisoare deschis\u0103  domnului Sorin Frunz\u0103verde&#8221;"},"content":{"rendered":"<p style=\"text-align: center;\"><a href=\"http:\/\/www.marianagurza.ro\/blog\/wp-content\/uploads\/2013\/08\/Cascada-de-la-Big\u0103r.jpg\"><img loading=\"lazy\" decoding=\"async\" class=\"alignnone size-full wp-image-14911\" title=\"Cascada de la Big\u0103r\" src=\"http:\/\/www.marianagurza.ro\/blog\/wp-content\/uploads\/2013\/08\/Cascada-de-la-Big\u0103r.jpg\" alt=\"\" width=\"260\" height=\"194\" \/><\/a><\/p>\n<p>Scrisoare deschis\u0103<\/p>\n<p><strong>\u00a0\u00a0\u00a0\u00a0\u00a0\u00a0\u00a0\u00a0\u00a0\u00a0\u00a0\u00a0\u00a0\u00a0\u00a0\u00a0\u00a0\u00a0\u00a0\u00a0\u00a0\u00a0\u00a0\u00a0\u00a0\u00a0\u00a0\u00a0\u00a0\u00a0\u00a0\u00a0\u00a0\u00a0\u00a0\u00a0\u00a0\u00a0\u00a0\u00a0\u00a0\u00a0\u00a0\u00a0 domnului Sorin Frunz\u0103verde<\/strong><\/p>\n<p>Pre\u0219edintele Consiliului jude\u021bean Cara\u0219-Severin<\/p>\n<p>&nbsp;<\/p>\n<p>Stimate domnule pre\u0219edinte,<\/p>\n<p style=\"text-align: justify;\">M\u0103 adresez dumneavoastr\u0103 din dou\u0103 motive: primul, \u00eentruc\u00e2t a\u021bi \u201ep\u0103storit\u201d Jude\u021bul Cara\u0219-Severin pe parcursul a dou\u0103 decenii, fie \u00een calitate de pre\u0219edinte al Consiliului jude\u021bean, de membru \u00een Parlamentul Rom\u00e2niei, de ministru \u00een diverse guverne, calitate \u00een care avea\u021bi datoria moral\u0103 \u0219i de suflet s\u0103 v\u0103 zbate\u021bi pentru ridicarea economic\u0103, cultural\u0103, turistic\u0103 a Banatului de munte, zon\u0103 rom\u00e2neasc\u0103 cu vechi \u0219i bogate tradi\u021bii etnofolclorice, industriale, cu o splendid\u0103 zestre natural\u0103, cu frumuse\u021bi \u0219i crea\u021bii\u00a0\u00a0 ale naturii \u0219i omului unice \u00een contextul Rom\u00e2niei, dar \u0219i \u00een Europa de Mijloc.<\/p>\n<p style=\"text-align: justify;\">\u00cen realitate, \u00een ace\u0219ti ultimi dou\u0103zeci de ani, asupra Banatului de munte, ca \u0219i asupra \u00eentregii \u021b\u0103ri, s-a ab\u0103tut ciuma a\u0219a-zis capitalist\u0103, devast\u00e2nd, demol\u00e2nd multe din crea\u021biile b\u0103n\u0103\u021benilor care le-a dus numele p\u00e2n\u0103 departe \u00een lume. S\u0103 amintesc doar sta\u021biunea B\u0103ile Herculane, Uzinele de la Re\u0219i\u021ba, O\u021belul Ro\u0219u, minele de la Anina, Doman, Moldova Nou\u0103,\u00a0 create \u00een vremea imperiului austriac sau austro-ungar, constituind unicit\u0103\u021bi \u00een partea acesta de lume \u0219i chiar \u00een Europa.<\/p>\n<p style=\"text-align: justify;\"><strong>Dar, stihiile distrugerii nu \u0219i-au oprit demonii, ci continu\u0103 s\u0103\u00a0 produc\u0103 dezastre. Calea ferat\u0103 Oravi\u021ba \u2013Anina, a\u0219a-numitul\u00a0 Semering b\u0103n\u0103\u021bean, prima de pe teritoriul Rom\u00e2niei de azi, st\u0103 \u00een g\u00e2tul cuiva \u0219i acel cineva, care a pl\u0103nuit distrugerea Rom\u00e2niei, ar dori s-o spulbere, s-o \u00eenchid\u0103. Dac\u0103 s-ar \u00eent\u00e2mpla aceast\u0103 nenorocire, \u00een mai pu\u021bin de un an, totul va fi furat, distrus, cu s\u0103lb\u0103ticia \u0219i neomenia ce a cuprins societatea rom\u00e2neasc\u0103. Ap\u0103ra\u021bi-o! Ave\u021bi aceast\u0103 datorie!<\/strong><\/p>\n<p style=\"text-align: justify;\">A\u021bi putut vedea ce efect a avut asupra lumii anun\u021bul dat de c\u0103tre o revist\u0103 cunoscut\u0103\u00a0 despre frumuse\u021bea unic\u0103 a Cascadei de la Big\u0103r. Dar, dumneavoastr\u0103 \u0219ti\u021bi c\u0103 nu este singura. Cheile Nerei, ale Cara\u0219ului, sunt o adev\u0103rat\u0103 \u00eemp\u0103r\u0103\u021bie\u00a0 a frumuse\u021bii\u00a0 dumnezeie\u0219ti. <strong>Doar c\u0103<\/strong> <strong>le \u0219tie pu\u021bin\u0103 lume, \u00eentruc\u00e2t nu le facem cunoscute \u0219i dac\u0103 ar \u0219ti de ele \u00eentreaga Europ\u0103 \u0219i nu doar ea, ar fi tot\u00a0 degeaba, \u00eentruc\u00e2t drumurile care duc spre Cheile Nerei \u0219i ale Cara\u0219ului sunt<\/strong> <strong>adev\u0103rate ofense aduse secolului\u00a0 XXI, civiliza\u021biei europene. De la Bozovici spre \u0218opotul Nou,acolo unde \u00eencep aceste chei \u0219i unde se afl\u0103 un lac de rar\u0103 frumuse\u021be, Lacul Dracului, po\u021bi r\u0103zbate doar cu tancul. Ajuns cu chiu-cu \u2013vai acolo ar trebui create condi\u021bii de intrare pe chei, de cazare etc<\/strong>. Dar, pe aceast\u0103 por\u021biune a V\u0103ii Alm\u0103jului mai sunt \u0219i alte lucruri demne de interes: Valea morilor de la Rud\u0103ria, casele memoriale Eftimie Murgu \u0219i dr. Ion S\u00e2rbu, un muzeu etnografic tot \u00een aceast\u0103 vrednic\u0103 localitate, Muzeul de istorie, cultur\u0103 \u0219i civiliza\u021bie tradi\u021bional\u0103 de la \u0218opotul Vechi, villae rustica romana de la Dalbo\u0219e\u021b, pe care arheologii re\u0219i\u021beni ar trebui s-o pun\u0103 \u00een valoare cum se cuvine, Biserica Ortodox\u0103 din L\u0103pu\u0219nicul Mare, monument istoric, creat\u0103 de oberchinezul Vuc Go\u0219a,\u00a0 celebra fanfar\u0103 centenar\u0103 din aceast\u0103 localitate\u00a0 \u0219i altele.<\/p>\n<p style=\"text-align: justify;\">\u00a0V\u0103 solicit,<\/p>\n<p style=\"text-align: justify;\">\u00a0domnule pre\u0219edinte,<\/p>\n<p style=\"text-align: justify;\">\u00een calitatea mea de scriitor ridicat din aceast\u0103 zon\u0103, \u00een opera \u0219i activitatea c\u0103ruia s-au oglindit spiritul locului, genius locci, adic\u0103 b\u0103tr\u00e2nii \u021b\u0103rani \u0219i oieri \u0219i p\u0103zitori ai grani\u021bei imperiale, participan\u021bi f\u0103r\u0103 voie la\u00a0 r\u0103zboaie europene din care n-au avut nici un c\u00e2\u0219tig, \u00een afara s\u00e2ngelui pe care l-au v\u0103rsat \u0219i a mor\u021bilor cu care au \u00eengr\u0103\u0219at p\u0103m\u00e2nt str\u0103in,<\/p>\n<p style=\"text-align: justify;\">v\u0103 solicit deci s\u0103 da\u021bi dracului politichia searb\u0103d\u0103, neproductiv\u0103 \u0219i s\u0103\u00a0 face\u021bi politica acestui \u021binut, ap\u0103r\u00e2ndu-l de indiferen\u021ba \u0219i abuzul celor care nu ne cunosc \u0219i nici nu ne iubesc. Transforma\u021bi\u00a0 \u0219tiin\u021ba dumneavoastr\u0103, diploma\u021bia pentru care sunte\u021bi renumit, \u00een arme care s\u0103 v\u0103 ajute s\u0103 reconstrui\u021bi, s\u0103 moderniza\u021bi, s\u0103 face\u021bi cunoscut rom\u00e2nilor \u0219i europenilor Banatul de munte \u0219i \u00eencepe\u021bi, v\u0103 rog, cu drumurile catastrofale din Alm\u0103j \u0219i de la Oravi\u021ba la Moldova Nou\u0103. De aici se va ivi , cred eu, o zare de lumin\u0103 pentru aceast\u0103 parte de Banat \u0219i de Rom\u00e2nie.<\/p>\n<p style=\"text-align: justify;\">\n<p style=\"text-align: justify;\">Al dumneavoastr\u0103,<\/p>\n<p style=\"text-align: justify;\">Ion Marin Alm\u0103jan<\/p>\n<p style=\"text-align: justify;\">Scriitor rom\u00e2n \u00een via\u021b\u0103<\/p>\n<p style=\"text-align: justify;\">Timi\u0219oara, 25 august 2013<\/p>\n","protected":false},"excerpt":{"rendered":"<p>Scrisoare deschis\u0103 \u00a0\u00a0\u00a0\u00a0\u00a0\u00a0\u00a0\u00a0\u00a0\u00a0\u00a0\u00a0\u00a0\u00a0\u00a0\u00a0\u00a0\u00a0\u00a0\u00a0\u00a0\u00a0\u00a0\u00a0\u00a0\u00a0\u00a0\u00a0\u00a0\u00a0\u00a0\u00a0\u00a0\u00a0\u00a0\u00a0\u00a0\u00a0\u00a0\u00a0\u00a0\u00a0\u00a0\u00a0 domnului Sorin Frunz\u0103verde Pre\u0219edintele Consiliului jude\u021bean Cara\u0219-Severin &nbsp; Stimate domnule pre\u0219edinte, M\u0103 adresez dumneavoastr\u0103 din dou\u0103 motive: [&#038;hellip<\/p>\n","protected":false},"author":1,"featured_media":0,"comment_status":"closed","ping_status":"closed","sticky":false,"template":"","format":"standard","meta":{"footnotes":""},"categories":[3],"tags":[],"class_list":["post-14910","post","type-post","status-publish","format-standard","hentry","category-articole"],"_links":{"self":[{"href":"https:\/\/www.marianagurza.ro\/blog\/wp-json\/wp\/v2\/posts\/14910","targetHints":{"allow":["GET"]}}],"collection":[{"href":"https:\/\/www.marianagurza.ro\/blog\/wp-json\/wp\/v2\/posts"}],"about":[{"href":"https:\/\/www.marianagurza.ro\/blog\/wp-json\/wp\/v2\/types\/post"}],"author":[{"embeddable":true,"href":"https:\/\/www.marianagurza.ro\/blog\/wp-json\/wp\/v2\/users\/1"}],"replies":[{"embeddable":true,"href":"https:\/\/www.marianagurza.ro\/blog\/wp-json\/wp\/v2\/comments?post=14910"}],"version-history":[{"count":5,"href":"https:\/\/www.marianagurza.ro\/blog\/wp-json\/wp\/v2\/posts\/14910\/revisions"}],"predecessor-version":[{"id":14913,"href":"https:\/\/www.marianagurza.ro\/blog\/wp-json\/wp\/v2\/posts\/14910\/revisions\/14913"}],"wp:attachment":[{"href":"https:\/\/www.marianagurza.ro\/blog\/wp-json\/wp\/v2\/media?parent=14910"}],"wp:term":[{"taxonomy":"category","embeddable":true,"href":"https:\/\/www.marianagurza.ro\/blog\/wp-json\/wp\/v2\/categories?post=14910"},{"taxonomy":"post_tag","embeddable":true,"href":"https:\/\/www.marianagurza.ro\/blog\/wp-json\/wp\/v2\/tags?post=14910"}],"curies":[{"name":"wp","href":"https:\/\/api.w.org\/{rel}","templated":true}]}}