{"id":14997,"date":"2013-08-28T13:10:52","date_gmt":"2013-08-28T13:10:52","guid":{"rendered":"http:\/\/www.marianagurza.ro\/blog\/?p=14997"},"modified":"2013-08-28T13:21:55","modified_gmt":"2013-08-28T13:21:55","slug":"in-limba-ta-de-grigore-vieru","status":"publish","type":"post","link":"https:\/\/www.marianagurza.ro\/blog\/2013\/08\/28\/in-limba-ta-de-grigore-vieru\/","title":{"rendered":"\u00cen limba ta &#8211; Grigore Vieru"},"content":{"rendered":"<p style=\"text-align: center;\"><a href=\"http:\/\/www.marianagurza.ro\/blog\/wp-content\/uploads\/2013\/08\/grigore-vieru-172654l.jpg\"><img loading=\"lazy\" decoding=\"async\" class=\"size-medium wp-image-15001\" title=\"grigore-vieru-172654l\" src=\"http:\/\/www.marianagurza.ro\/blog\/wp-content\/uploads\/2013\/08\/grigore-vieru-172654l-210x300.jpg\" alt=\"\" width=\"210\" height=\"300\" srcset=\"https:\/\/www.marianagurza.ro\/blog\/wp-content\/uploads\/2013\/08\/grigore-vieru-172654l-210x300.jpg 210w, https:\/\/www.marianagurza.ro\/blog\/wp-content\/uploads\/2013\/08\/grigore-vieru-172654l.jpg 373w\" sizes=\"auto, (max-width: 210px) 100vw, 210px\" \/><\/a><\/p>\n<p>&nbsp;<\/p>\n<p><strong>\u00cen limba ta<\/strong><\/p>\n<p><em>de Grigore Vieru<\/em><\/p>\n<p>&nbsp;<\/p>\n<p>\u00cen aceea\u015fi limb\u0103<br \/>\nToata lumea pl\u00e2nge,<br \/>\n\u00cen aceea\u015fi limb\u0103<br \/>\nR\u00e2de un p\u0103m\u00e2nt.<\/p>\n<p>&nbsp;<\/p>\n<p>Ci doar \u00een limba ta<br \/>\nDurerea po\u0163i s-o m\u00e2ng\u00e2i,<br \/>\nIar bucuria<br \/>\nS-o preschimbi \u00een c\u00e2nt.<\/p>\n<p>&nbsp;<\/p>\n<p>\u00cen limba ta<br \/>\n\u0162i-e dor de mama,<br \/>\n\u015ei vinul e mai vin,<br \/>\n\u015ei pr\u00e2nzul e mai pr\u00e2nz.<br \/>\n\u015ei doar \u00een limba ta<br \/>\nPo\u0163i r\u00e2de singur,<br \/>\n\u015ei doar \u00een limba ta<br \/>\nTe po\u0163i opri din pl\u00e2ns.<\/p>\n<p>&nbsp;<\/p>\n<p>Iar c\u00e2nd nu po\u0163i<br \/>\nNici pl\u00e2nge \u015fi nici r\u00e2de,<br \/>\nC\u00e2nd nu po\u0163i m\u00e2ng\u00e2ia<br \/>\n\u015ei nici c\u00e2nta,<br \/>\nCu-al t\u0103u p\u0103m\u00e2nt,<br \/>\nCu cerul t\u0103u \u00een fa\u0163\u0103,<br \/>\nTu taci atuncea<br \/>\nTot \u00een limba ta.<\/p>\n","protected":false},"excerpt":{"rendered":"<p>&nbsp; \u00cen limba ta de Grigore Vieru &nbsp; \u00cen aceea\u015fi limb\u0103 Toata lumea pl\u00e2nge, \u00cen aceea\u015fi limb\u0103 R\u00e2de un p\u0103m\u00e2nt. [&#038;hellip<\/p>\n","protected":false},"author":1,"featured_media":0,"comment_status":"closed","ping_status":"closed","sticky":false,"template":"","format":"standard","meta":{"footnotes":""},"categories":[3],"tags":[],"class_list":["post-14997","post","type-post","status-publish","format-standard","hentry","category-articole"],"_links":{"self":[{"href":"https:\/\/www.marianagurza.ro\/blog\/wp-json\/wp\/v2\/posts\/14997","targetHints":{"allow":["GET"]}}],"collection":[{"href":"https:\/\/www.marianagurza.ro\/blog\/wp-json\/wp\/v2\/posts"}],"about":[{"href":"https:\/\/www.marianagurza.ro\/blog\/wp-json\/wp\/v2\/types\/post"}],"author":[{"embeddable":true,"href":"https:\/\/www.marianagurza.ro\/blog\/wp-json\/wp\/v2\/users\/1"}],"replies":[{"embeddable":true,"href":"https:\/\/www.marianagurza.ro\/blog\/wp-json\/wp\/v2\/comments?post=14997"}],"version-history":[{"count":4,"href":"https:\/\/www.marianagurza.ro\/blog\/wp-json\/wp\/v2\/posts\/14997\/revisions"}],"predecessor-version":[{"id":15000,"href":"https:\/\/www.marianagurza.ro\/blog\/wp-json\/wp\/v2\/posts\/14997\/revisions\/15000"}],"wp:attachment":[{"href":"https:\/\/www.marianagurza.ro\/blog\/wp-json\/wp\/v2\/media?parent=14997"}],"wp:term":[{"taxonomy":"category","embeddable":true,"href":"https:\/\/www.marianagurza.ro\/blog\/wp-json\/wp\/v2\/categories?post=14997"},{"taxonomy":"post_tag","embeddable":true,"href":"https:\/\/www.marianagurza.ro\/blog\/wp-json\/wp\/v2\/tags?post=14997"}],"curies":[{"name":"wp","href":"https:\/\/api.w.org\/{rel}","templated":true}]}}