{"id":15142,"date":"2013-09-02T17:58:55","date_gmt":"2013-09-02T17:58:55","guid":{"rendered":"http:\/\/www.marianagurza.ro\/blog\/?p=15142"},"modified":"2013-09-02T17:58:55","modified_gmt":"2013-09-02T17:58:55","slug":"seneca-menirea-fiintei-george-anca","status":"publish","type":"post","link":"https:\/\/www.marianagurza.ro\/blog\/2013\/09\/02\/seneca-menirea-fiintei-george-anca\/","title":{"rendered":"Seneca: Menirea fiin\u021bei &#8211;  George Anca"},"content":{"rendered":"<p style=\"text-align: center;\"><a href=\"http:\/\/www.marianagurza.ro\/blog\/wp-content\/uploads\/2013\/09\/Seneca_piezaDcha.jpg\"><img loading=\"lazy\" decoding=\"async\" class=\"size-medium wp-image-15143\" title=\"Seneca_piezaDcha\" src=\"http:\/\/www.marianagurza.ro\/blog\/wp-content\/uploads\/2013\/09\/Seneca_piezaDcha-180x300.jpg\" alt=\"\" width=\"180\" height=\"300\" srcset=\"https:\/\/www.marianagurza.ro\/blog\/wp-content\/uploads\/2013\/09\/Seneca_piezaDcha-180x300.jpg 180w, https:\/\/www.marianagurza.ro\/blog\/wp-content\/uploads\/2013\/09\/Seneca_piezaDcha.jpg 544w\" sizes=\"auto, (max-width: 180px) 100vw, 180px\" \/><\/a><\/p>\n<p style=\"text-align: center;\">\n<p><strong><em>\u00a0\u00a0\u00a0\u00a0\u00a0\u00a0\u00a0\u00a0\u00a0\u00a0\u00a0 Menirea fiin\u021bei<\/em><\/strong><\/p>\n<p>Menirea fiin\u021bei este a-l afla pe Dumnezeu!<\/p>\n<p>\u0218i ce e Dumnezeu? O For\u021b\u0103 atotputernic\u0103<\/p>\n<p>Mare, nem\u0103rginit\u0103, a c\u0103rei aspr\u0103 voie<\/p>\n<p>Duce la \u00eendeplinire ce-\u0219i dore\u0219te.<\/p>\n<p>El este numai spirit. Fiin\u021b\u0103 infinit\u0103,<\/p>\n<p>Tot ce vedem \u0219i tot ce nu vedem.<\/p>\n<p>St\u0103p\u00e2n pe cer \u0219i p\u0103m\u00e2nt, Zeul Zeilor.<\/p>\n<p>F\u0103r\u0103 El nimic nu e. Ci noi nu cunoa\u0219tem<\/p>\n<p>Ce este El! C\u00e2nd \u00eencerc\u0103m a \u00een\u021belege,<\/p>\n<p>Ghicelile ne pierd mai toat\u0103 taina.<\/p>\n<p>Lui dator\u0103m\u00a0 bunul numit al nostru,<\/p>\n<p>Tr\u0103im ai Lui, ai Lui \u00eeng\u0103duindu-ne.<\/p>\n<p>El e un prieten mereu de partea noastr\u0103.<\/p>\n<p>Ce-i pas\u0103 Lui de jertfa s\u00e2ngeroas\u0103?<\/p>\n<p>Cu inim\u0103 curat\u0103 du-\u021bi via\u021ba \u00eentru bine!<\/p>\n<p>Nu-n fala templelor de piatr\u0103<\/p>\n<p>E placul S\u0103u, ci \u00eentru pietatea<\/p>\n<p><em>sufletelor sacrate, a vie\u021bilor crez\u00e2nd.<\/em><\/p>\n<p>&nbsp;<\/p>\n<p>George Anca<\/p>\n","protected":false},"excerpt":{"rendered":"<p>\u00a0\u00a0\u00a0\u00a0\u00a0\u00a0\u00a0\u00a0\u00a0\u00a0\u00a0 Menirea fiin\u021bei Menirea fiin\u021bei este a-l afla pe Dumnezeu! \u0218i ce e Dumnezeu? O For\u021b\u0103 atotputernic\u0103 Mare, nem\u0103rginit\u0103, a [&#038;hellip<\/p>\n","protected":false},"author":1,"featured_media":0,"comment_status":"closed","ping_status":"closed","sticky":false,"template":"","format":"standard","meta":{"footnotes":""},"categories":[3],"tags":[],"class_list":["post-15142","post","type-post","status-publish","format-standard","hentry","category-articole"],"_links":{"self":[{"href":"https:\/\/www.marianagurza.ro\/blog\/wp-json\/wp\/v2\/posts\/15142","targetHints":{"allow":["GET"]}}],"collection":[{"href":"https:\/\/www.marianagurza.ro\/blog\/wp-json\/wp\/v2\/posts"}],"about":[{"href":"https:\/\/www.marianagurza.ro\/blog\/wp-json\/wp\/v2\/types\/post"}],"author":[{"embeddable":true,"href":"https:\/\/www.marianagurza.ro\/blog\/wp-json\/wp\/v2\/users\/1"}],"replies":[{"embeddable":true,"href":"https:\/\/www.marianagurza.ro\/blog\/wp-json\/wp\/v2\/comments?post=15142"}],"version-history":[{"count":2,"href":"https:\/\/www.marianagurza.ro\/blog\/wp-json\/wp\/v2\/posts\/15142\/revisions"}],"predecessor-version":[{"id":15145,"href":"https:\/\/www.marianagurza.ro\/blog\/wp-json\/wp\/v2\/posts\/15142\/revisions\/15145"}],"wp:attachment":[{"href":"https:\/\/www.marianagurza.ro\/blog\/wp-json\/wp\/v2\/media?parent=15142"}],"wp:term":[{"taxonomy":"category","embeddable":true,"href":"https:\/\/www.marianagurza.ro\/blog\/wp-json\/wp\/v2\/categories?post=15142"},{"taxonomy":"post_tag","embeddable":true,"href":"https:\/\/www.marianagurza.ro\/blog\/wp-json\/wp\/v2\/tags?post=15142"}],"curies":[{"name":"wp","href":"https:\/\/api.w.org\/{rel}","templated":true}]}}