{"id":15233,"date":"2013-09-06T12:05:38","date_gmt":"2013-09-06T12:05:38","guid":{"rendered":"http:\/\/www.marianagurza.ro\/blog\/?p=15233"},"modified":"2013-09-06T12:16:31","modified_gmt":"2013-09-06T12:16:31","slug":"adrian-fageteanu-%e2%80%9cvine-timpul-rabdarii-si-al-cernerii-numai-rugaciunea-ne-mai-scapa%e2%80%a6%e2%80%9d","status":"publish","type":"post","link":"https:\/\/www.marianagurza.ro\/blog\/2013\/09\/06\/adrian-fageteanu-%e2%80%9cvine-timpul-rabdarii-si-al-cernerii-numai-rugaciunea-ne-mai-scapa%e2%80%a6%e2%80%9d\/","title":{"rendered":"P\u0103rintele Adrian: \u201cVine timpul r\u0103bd\u0103rii \u0219i al cernerii! Numai rug\u0103ciunea ne mai scap\u0103\u2026\u201d"},"content":{"rendered":"<p style=\"text-align: center;\"><a href=\"http:\/\/www.marianagurza.ro\/blog\/wp-content\/uploads\/2013\/09\/adrian-fageteanu2.jpg\"><img loading=\"lazy\" decoding=\"async\" class=\"size-full wp-image-15234\" title=\"adrian fageteanu,,,\" src=\"http:\/\/www.marianagurza.ro\/blog\/wp-content\/uploads\/2013\/09\/adrian-fageteanu2.jpg\" alt=\"\" width=\"259\" height=\"194\" \/><\/a><\/p>\n<p style=\"text-align: center;\"><strong>P\u0103rintele Adrian F\u0103ge\u021beanu<\/strong><\/p>\n<p style=\"text-align: center;\"><strong>(16 noiembrie 1912 &#8211; 27 septembrie 2011)<\/strong><\/p>\n<p style=\"text-align: center;\">***<\/p>\n<p style=\"text-align: justify;\"><em>&#8211; Parinte, cum sa ne mai pazim de intinaciunile perverse ale necuratului din vremurile de astazi?<\/em><\/p>\n<p style=\"text-align: justify;\">&#8211; <strong>Orice plan omenesc, (facut) dupa legile noastre, n-are sorti de izbanda. V-am spus: numai rugaciunea si Dumnezeu il mai pot salva pe om.<\/strong><span style=\"color: #000000;\"> <a href=\"http:\/\/www.razbointrucuvant.ro\/2007\/08\/23\/parintele-adrian-fageteanu-e-vremea-lui-scapa-cine-poate\/\" target=\"_blank\"><span style=\"color: #000000;\">Am comparat situatia (din zilele noastre) cu ceea ce s-a-ntamplat cand au navalit nemtii peste linia Maginot. Atunci, cei mai buni dintre francezi au strigat catre toti: <strong>\u201c<\/strong><em><strong>Sauve qui peut!\u201d.<\/strong><\/em><\/span><\/a><\/span><\/p>\n<p style=\"text-align: justify;\"><em><strong>&#8211; Scapa cine poate!<\/strong><\/em><\/p>\n<p style=\"text-align: justify;\">&#8211; Da. Dar <strong>la noi, singurul lucru care ne mai scapa \u2013 am mai spus \u2013 este rugaciunea.<\/strong><\/p>\n<p style=\"text-align: justify;\">&#8211; [&#8230;]<em> O sa ajungem si noi vreodata sa fim o natie unita, parinte?<\/em><\/p>\n<p style=\"text-align: justify;\"><strong>&#8211; Va spun ceva: <\/strong><em><strong>\u201cnumai cei care vor rabda pana la sfarsit se vor mantui\u201d.<\/strong><\/em><\/p>\n<p style=\"text-align: justify;\"><em>&#8211; Si vine timpul rabdarii, nu?<\/em><\/p>\n<p style=\"text-align: justify;\"><strong>&#8211; Trebuie sa vie! Voi ati vrea ca Dumnezeu sa nu-i fi dat voie lui Irod sa-l omoare pe Ioan? Sa nu-i fi dat voie sa ucida pruncii?<\/strong> Atunci el ar fi fost sarbatorit ca sfant!<\/p>\n<p style=\"text-align: justify;\"><em>&#8211; Dar nu se plineau Scripturile\u2026<\/em><\/p>\n<p style=\"text-align: justify;\"><span style=\"color: #000000;\"><a href=\"http:\/\/www.razbointrucuvant.ro\/2008\/07\/04\/vremea-este-a-cernerii\/\" target=\"_blank\"><span style=\"color: #000000;\"><strong>&#8211; Trebuia ca fiecare sa-si arate arama, nu? Si ca treburile sa se cearna\u2026<\/strong><\/span><\/a><\/span><\/p>\n<p style=\"text-align: justify;\">&#8211; Nicolae Burdea: <em>\u00a0Va mai aduceti aminte parinte cand a fost cel mai greu moment al vietii dumneavoastra si, daca va mai amintiti, cum ati reusit sa treceti peste el?<\/em><\/p>\n<p style=\"text-align: justify;\"><strong>&#8211; Eu n-am reusit niciodata sa rezolv o problema! Atunci cand a fost mai greu am vazut mana lui Dumnezeu! Eu, cu \u201cdovleacul\u201d (capul) meu, n-am reusit niciodata.<\/strong><\/p>\n<p style=\"text-align: justify;\"><em>&#8211; V-o tinut Dumnezeu!<\/em><\/p>\n<p style=\"text-align: justify;\"><strong>&#8211; M-a tinut \u2013 nu pentru meritele mele, ci ca sa atraga atentia altora!<\/strong><\/p>\n<p style=\"text-align: justify;\"><em>&#8211; Deci ati fost pilda pentru altii\u2026<\/em><\/p>\n<p style=\"text-align: justify;\">&#8211; Nu. Nu pilda\u2026<\/p>\n<p style=\"text-align: justify;\"><em>&#8211; Am inteles, parinte. Nu trebuie sa gasim noi solutiile. Ele sunt la Dumnezeu.<\/em><\/p>\n<p style=\"text-align: justify;\">&#8211; Sa va mai spun ceva. Cand mucenicii erau aruncati la fiare, acestea erau infometate inainte de a fi asmutite asupra lor. Alergau ele sa-i sfasie, insa instinctual le spunea ca sunt oameni si\u2026le lingeau picioarele.<\/p>\n<p style=\"text-align: justify;\">&#8211; Nicolae Burdea:\u00a0 <em>Fiind dobitoc, animalul nu poate sa distinga lucrurile\u2026<\/em><\/p>\n<p style=\"text-align: justify;\">&#8211; Ba da. Fiindca<strong> Dumnezeu era Cel care ii \u201cdadea\u201d si la magarita ce sa vorbeasca. Deci, cand leii dadeau de Daniil, nu-l mai sfasiau. O singura exceptie este \u2013 dar asta fiindca el si-a dorit-o -, a<span style=\"color: #000000;\"><a href=\"http:\/\/www.razbointrucuvant.ro\/category\/vietile-sfintilor-proloage\/sfantul-ignatie-teoforul\/\" target=\"_blank\"><span style=\"color: #000000;\"> sfantului Ignatie Teoforul<\/span><\/a>,<\/span><\/strong> <strong><span style=\"color: #000000;\">c<\/span>are a tanjit sa fie sfasiat de fiare, ca nu cumva acestea sa-i linga picioarele si el sa creada ca este sfant!<\/strong> Ca sa nu-i vina aceasta idee \u2013 ca el este mai bun decat altii -, s-a rugat Domnului ca mai bine sa fie sfasiat decat sa se socoteasca pe sine mai drept (decat ceilalti).<\/p>\n<p style=\"text-align: right;\">(Extrase din materialul lui George Crasnean, <em><strong>\u201cUn an fara avva Adrian\u201d<\/strong><\/em><strong><em>)<\/em><\/strong><\/p>\n<p>Aici\u00a0 <a href=\"http:\/\/www.razbointrucuvant.ro\/2012\/09\/28\/parintele-adrian-fageteanu-apoftegme-george-crasnean-parintele-mihail\/\">http:\/\/www.razbointrucuvant.ro\/2012\/09\/28\/parintele-adrian-fageteanu-apoftegme-george-crasnean-parintele-mihail\/<\/a><\/p>\n<p>&nbsp;<\/p>\n<p>Sursa: <a href=\"http:\/\/www.razbointrucuvant.ro\/\">R\u0103zboi \u00eentru Cuv\u00e2nt<\/a><\/p>\n","protected":false},"excerpt":{"rendered":"<p>P\u0103rintele Adrian F\u0103ge\u021beanu (16 noiembrie 1912 &#8211; 27 septembrie 2011) *** &#8211; Parinte, cum sa ne mai pazim de intinaciunile [&#038;hellip<\/p>\n","protected":false},"author":1,"featured_media":0,"comment_status":"closed","ping_status":"closed","sticky":false,"template":"","format":"standard","meta":{"footnotes":""},"categories":[3,6],"tags":[],"class_list":["post-15233","post","type-post","status-publish","format-standard","hentry","category-articole","category-linkuri-externe"],"_links":{"self":[{"href":"https:\/\/www.marianagurza.ro\/blog\/wp-json\/wp\/v2\/posts\/15233","targetHints":{"allow":["GET"]}}],"collection":[{"href":"https:\/\/www.marianagurza.ro\/blog\/wp-json\/wp\/v2\/posts"}],"about":[{"href":"https:\/\/www.marianagurza.ro\/blog\/wp-json\/wp\/v2\/types\/post"}],"author":[{"embeddable":true,"href":"https:\/\/www.marianagurza.ro\/blog\/wp-json\/wp\/v2\/users\/1"}],"replies":[{"embeddable":true,"href":"https:\/\/www.marianagurza.ro\/blog\/wp-json\/wp\/v2\/comments?post=15233"}],"version-history":[{"count":5,"href":"https:\/\/www.marianagurza.ro\/blog\/wp-json\/wp\/v2\/posts\/15233\/revisions"}],"predecessor-version":[{"id":15236,"href":"https:\/\/www.marianagurza.ro\/blog\/wp-json\/wp\/v2\/posts\/15233\/revisions\/15236"}],"wp:attachment":[{"href":"https:\/\/www.marianagurza.ro\/blog\/wp-json\/wp\/v2\/media?parent=15233"}],"wp:term":[{"taxonomy":"category","embeddable":true,"href":"https:\/\/www.marianagurza.ro\/blog\/wp-json\/wp\/v2\/categories?post=15233"},{"taxonomy":"post_tag","embeddable":true,"href":"https:\/\/www.marianagurza.ro\/blog\/wp-json\/wp\/v2\/tags?post=15233"}],"curies":[{"name":"wp","href":"https:\/\/api.w.org\/{rel}","templated":true}]}}