{"id":15255,"date":"2013-09-07T12:35:02","date_gmt":"2013-09-07T12:35:02","guid":{"rendered":"http:\/\/www.marianagurza.ro\/blog\/?p=15255"},"modified":"2013-09-07T15:46:30","modified_gmt":"2013-09-07T15:46:30","slug":"eugen-emeric-chvala","status":"publish","type":"post","link":"https:\/\/www.marianagurza.ro\/blog\/2013\/09\/07\/eugen-emeric-chvala\/","title":{"rendered":"Eugen Emeric Chvala: M\u0103 doare&#8230;"},"content":{"rendered":"<p style=\"text-align: center;\"><a href=\"http:\/\/www.marianagurza.ro\/blog\/wp-content\/uploads\/2013\/09\/of.jpg\"><img loading=\"lazy\" decoding=\"async\" class=\"size-medium wp-image-15256\" title=\"of\" src=\"http:\/\/www.marianagurza.ro\/blog\/wp-content\/uploads\/2013\/09\/of-300x300.jpg\" alt=\"\" width=\"300\" height=\"300\" srcset=\"https:\/\/www.marianagurza.ro\/blog\/wp-content\/uploads\/2013\/09\/of-300x300.jpg 300w, https:\/\/www.marianagurza.ro\/blog\/wp-content\/uploads\/2013\/09\/of-150x150.jpg 150w, https:\/\/www.marianagurza.ro\/blog\/wp-content\/uploads\/2013\/09\/of.jpg 600w\" sizes=\"auto, (max-width: 300px) 100vw, 300px\" \/><\/a><\/p>\n<p><strong>\u00a0\u00a0\u00a0\u00a0\u00a0\u00a0\u00a0\u00a0\u00a0\u00a0\u00a0\u00a0\u00a0\u00a0 M\u0103 doare&#8230;<\/strong><\/p>\n<p>&nbsp;<\/p>\n<p>&nbsp;<\/p>\n<p>m\u0103 doare c\u00e2nd \u00e2n jur ciule\u0219te ura,<br \/>\nc\u00e2nd nouri negrii cad de-a valma peste ei.<br \/>\nm\u0103 doare soarta ce \u00eei d\u0103 de-a dura<br \/>\nprin colb de parc-ar fi ni\u0219te mi\u0219ei.<\/p>\n<p>sunt ei at\u00e2t de mici \u0219i efemeri ?<br \/>\ntriste f\u0103r\u00e2me f\u0103r\u0103 rost &#8230; ?<br \/>\nm\u00e2ine al lor e tot un fel de ieri,<br \/>\niar sufletul &#8230; le este unic ad\u0103post.<\/p>\n<p>nu are cin&#8217; le pl\u00e2nge mila<br \/>\n\u0219i nici un z\u00e2mbet nimeni nu le d\u0103.<br \/>\nau fost primi\u021bi \u00een lume cu de-a sila.<br \/>\nOh, via\u021b\u0103 crud\u0103&#8230; ve\u0219ted\u0103 &#8230;<\/p>\n<p>te miri, tu, cel ce treci pe l\u00e2ng\u0103 ei<br \/>\nte-ntrebi: de unde oare-au ap\u0103rut ?<br \/>\n\u0219i-i ocole\u0219ti, c\u0103t\u00e2nd \u00een jur alte alei<br \/>\nde\u0219i &#8230; nimic nu \u021bi-au cerut&#8230;<\/p>\n<p>&nbsp;<\/p>\n<p><strong>\u00a0 Eugen Emeric Chvala<\/strong><\/p>\n","protected":false},"excerpt":{"rendered":"<p>\u00a0\u00a0\u00a0\u00a0\u00a0\u00a0\u00a0\u00a0\u00a0\u00a0\u00a0\u00a0\u00a0\u00a0 M\u0103 doare&#8230; &nbsp; &nbsp; m\u0103 doare c\u00e2nd \u00e2n jur ciule\u0219te ura, c\u00e2nd nouri negrii cad de-a valma peste ei. [&#038;hellip<\/p>\n","protected":false},"author":1,"featured_media":0,"comment_status":"closed","ping_status":"closed","sticky":false,"template":"","format":"standard","meta":{"footnotes":""},"categories":[3],"tags":[],"class_list":["post-15255","post","type-post","status-publish","format-standard","hentry","category-articole"],"_links":{"self":[{"href":"https:\/\/www.marianagurza.ro\/blog\/wp-json\/wp\/v2\/posts\/15255","targetHints":{"allow":["GET"]}}],"collection":[{"href":"https:\/\/www.marianagurza.ro\/blog\/wp-json\/wp\/v2\/posts"}],"about":[{"href":"https:\/\/www.marianagurza.ro\/blog\/wp-json\/wp\/v2\/types\/post"}],"author":[{"embeddable":true,"href":"https:\/\/www.marianagurza.ro\/blog\/wp-json\/wp\/v2\/users\/1"}],"replies":[{"embeddable":true,"href":"https:\/\/www.marianagurza.ro\/blog\/wp-json\/wp\/v2\/comments?post=15255"}],"version-history":[{"count":5,"href":"https:\/\/www.marianagurza.ro\/blog\/wp-json\/wp\/v2\/posts\/15255\/revisions"}],"predecessor-version":[{"id":15258,"href":"https:\/\/www.marianagurza.ro\/blog\/wp-json\/wp\/v2\/posts\/15255\/revisions\/15258"}],"wp:attachment":[{"href":"https:\/\/www.marianagurza.ro\/blog\/wp-json\/wp\/v2\/media?parent=15255"}],"wp:term":[{"taxonomy":"category","embeddable":true,"href":"https:\/\/www.marianagurza.ro\/blog\/wp-json\/wp\/v2\/categories?post=15255"},{"taxonomy":"post_tag","embeddable":true,"href":"https:\/\/www.marianagurza.ro\/blog\/wp-json\/wp\/v2\/tags?post=15255"}],"curies":[{"name":"wp","href":"https:\/\/api.w.org\/{rel}","templated":true}]}}