{"id":15283,"date":"2013-09-08T15:48:52","date_gmt":"2013-09-08T15:48:52","guid":{"rendered":"http:\/\/www.marianagurza.ro\/blog\/?p=15283"},"modified":"2013-09-08T15:48:52","modified_gmt":"2013-09-08T15:48:52","slug":"un-dar-gand-de-noapte-din-partea-unui-prieten-boris-david","status":"publish","type":"post","link":"https:\/\/www.marianagurza.ro\/blog\/2013\/09\/08\/un-dar-gand-de-noapte-din-partea-unui-prieten-boris-david\/","title":{"rendered":"Un dar&#8230;G\u00e2nd de noapte din partea unui prieten &#8211; Boris David"},"content":{"rendered":"<p style=\"text-align: center;\"><a href=\"http:\/\/www.marianagurza.ro\/blog\/wp-content\/uploads\/2013\/09\/pomul-vietii.jpg\"><img loading=\"lazy\" decoding=\"async\" class=\"size-medium wp-image-15284\" title=\"pomul vietii\" src=\"http:\/\/www.marianagurza.ro\/blog\/wp-content\/uploads\/2013\/09\/pomul-vietii-300x199.jpg\" alt=\"\" width=\"300\" height=\"199\" srcset=\"https:\/\/www.marianagurza.ro\/blog\/wp-content\/uploads\/2013\/09\/pomul-vietii-300x199.jpg 300w, https:\/\/www.marianagurza.ro\/blog\/wp-content\/uploads\/2013\/09\/pomul-vietii-1024x680.jpg 1024w\" sizes=\"auto, (max-width: 300px) 100vw, 300px\" \/><\/a><\/p>\n<p><strong>Matusalemici ani\u2026<\/strong><\/p>\n<p>&nbsp;<\/p>\n<p>Matusalemici ani am adunat<\/p>\n<p>Z\u00e2mbind la orice \u201dLa Mul\u0163i Ani!\u201d<\/p>\n<p>Dar amintirile \u00eemi spun<\/p>\n<p>C\u0103 nu prea multe-am \u00eenv\u0103\u0163at.<\/p>\n<p>&nbsp;<\/p>\n<p>Utopic \u00een tot ce-am visat<\/p>\n<p>Nu m-am oprit \u015fi hoin\u0103rind<\/p>\n<p>Printre tenta\u0163ii de tot fel<\/p>\n<p>M-am strecurat pe s\u0103turat.<\/p>\n<p>&nbsp;<\/p>\n<p>Cum n-am \u015ftiut s\u0103 m\u0103 opresc<\/p>\n<p>M\u0103 las cuprins de tot ce-i dor<\/p>\n<p>Ce-n vis mi-apare \u015fi-l doresc<\/p>\n<p>\u015etiind c\u0103 m\u00e2ine, poate, mor\u2026<\/p>\n<p>&nbsp;<\/p>\n<p>8 septembrie 2013<\/p>\n<p>Boris David<\/p>\n<p>&nbsp;<\/p>\n<p>P.S. Multumesc dragul meu prieten Boris David!<\/p>\n<p>&nbsp;<\/p>\n","protected":false},"excerpt":{"rendered":"<p>Matusalemici ani\u2026 &nbsp; Matusalemici ani am adunat Z\u00e2mbind la orice \u201dLa Mul\u0163i Ani!\u201d Dar amintirile \u00eemi spun C\u0103 nu prea [&#038;hellip<\/p>\n","protected":false},"author":1,"featured_media":0,"comment_status":"closed","ping_status":"closed","sticky":false,"template":"","format":"standard","meta":{"footnotes":""},"categories":[3],"tags":[],"class_list":["post-15283","post","type-post","status-publish","format-standard","hentry","category-articole"],"_links":{"self":[{"href":"https:\/\/www.marianagurza.ro\/blog\/wp-json\/wp\/v2\/posts\/15283","targetHints":{"allow":["GET"]}}],"collection":[{"href":"https:\/\/www.marianagurza.ro\/blog\/wp-json\/wp\/v2\/posts"}],"about":[{"href":"https:\/\/www.marianagurza.ro\/blog\/wp-json\/wp\/v2\/types\/post"}],"author":[{"embeddable":true,"href":"https:\/\/www.marianagurza.ro\/blog\/wp-json\/wp\/v2\/users\/1"}],"replies":[{"embeddable":true,"href":"https:\/\/www.marianagurza.ro\/blog\/wp-json\/wp\/v2\/comments?post=15283"}],"version-history":[{"count":2,"href":"https:\/\/www.marianagurza.ro\/blog\/wp-json\/wp\/v2\/posts\/15283\/revisions"}],"predecessor-version":[{"id":15286,"href":"https:\/\/www.marianagurza.ro\/blog\/wp-json\/wp\/v2\/posts\/15283\/revisions\/15286"}],"wp:attachment":[{"href":"https:\/\/www.marianagurza.ro\/blog\/wp-json\/wp\/v2\/media?parent=15283"}],"wp:term":[{"taxonomy":"category","embeddable":true,"href":"https:\/\/www.marianagurza.ro\/blog\/wp-json\/wp\/v2\/categories?post=15283"},{"taxonomy":"post_tag","embeddable":true,"href":"https:\/\/www.marianagurza.ro\/blog\/wp-json\/wp\/v2\/tags?post=15283"}],"curies":[{"name":"wp","href":"https:\/\/api.w.org\/{rel}","templated":true}]}}