{"id":15314,"date":"2013-09-10T19:30:09","date_gmt":"2013-09-10T19:30:09","guid":{"rendered":"http:\/\/www.marianagurza.ro\/blog\/?p=15314"},"modified":"2013-09-10T19:30:19","modified_gmt":"2013-09-10T19:30:19","slug":"mihaela-markus-semne-de-toamna","status":"publish","type":"post","link":"https:\/\/www.marianagurza.ro\/blog\/2013\/09\/10\/mihaela-markus-semne-de-toamna\/","title":{"rendered":"Mihaela Markus: Semne de toamn\u0103"},"content":{"rendered":"<p style=\"text-align: center;\"><a href=\"http:\/\/www.marianagurza.ro\/blog\/wp-content\/uploads\/2013\/09\/543446_229964573824376_954945012_n.jpg\"><img loading=\"lazy\" decoding=\"async\" class=\"size-medium wp-image-15316\" title=\"543446_229964573824376_954945012_n\" src=\"http:\/\/www.marianagurza.ro\/blog\/wp-content\/uploads\/2013\/09\/543446_229964573824376_954945012_n-300x187.jpg\" alt=\"\" width=\"300\" height=\"187\" srcset=\"https:\/\/www.marianagurza.ro\/blog\/wp-content\/uploads\/2013\/09\/543446_229964573824376_954945012_n-300x187.jpg 300w, https:\/\/www.marianagurza.ro\/blog\/wp-content\/uploads\/2013\/09\/543446_229964573824376_954945012_n.jpg 768w\" sizes=\"auto, (max-width: 300px) 100vw, 300px\" \/><\/a><\/p>\n<p style=\"text-align: left;\"><strong>\u00a0\u00a0\u00a0\u00a0\u00a0\u00a0\u00a0\u00a0\u00a0\u00a0\u00a0\u00a0\u00a0\u00a0\u00a0\u00a0\u00a0\u00a0\u00a0 Semne de toamn\u0103<\/strong><\/p>\n<p style=\"text-align: left;\">\n<p style=\"text-align: left;\">\n<p style=\"text-align: left;\">P\u0103\u0219esc peste iarba ars\u0103 de soare,<br \/>\nPrivesc spre p\u0103m\u00e2ntul a c\u0103rui culoare,<br \/>\nDin verde ar\u0103miu se schimb\u0103 u\u0219or,<br \/>\n\u00cen cel str\u0103veziu cu chip p\u0103m\u00e2ntiu&#8230;<\/p>\n<p>E rece afar\u0103 \u0219i soarele pare,<br \/>\nC\u0103 st\u0103 cam pitit, ascuns la-nt\u00e2mplare,<br \/>\nRefuz\u0103 de zile s\u0103 arunce spre mare,<br \/>\nC\u0103ldura din raze, sclipiri \u0219i visare&#8230;<\/p>\n<p>Grabit\u0103 e toamna s\u0103 vin\u0103 la noi,<br \/>\n\u00cencep iar s\u0103 cada frunze \u0219i ploi,<br \/>\nSe schimb\u0103 natura din verde vioi,<br \/>\n\u00cen culori pam\u00e2ntii \u0219i flori argintii..<\/p>\n<p><strong>Mihaela Markus<\/strong><\/p>\n","protected":false},"excerpt":{"rendered":"<p>\u00a0\u00a0\u00a0\u00a0\u00a0\u00a0\u00a0\u00a0\u00a0\u00a0\u00a0\u00a0\u00a0\u00a0\u00a0\u00a0\u00a0\u00a0\u00a0 Semne de toamn\u0103 P\u0103\u0219esc peste iarba ars\u0103 de soare, Privesc spre p\u0103m\u00e2ntul a c\u0103rui culoare, Din verde ar\u0103miu se [&#038;hellip<\/p>\n","protected":false},"author":1,"featured_media":0,"comment_status":"closed","ping_status":"closed","sticky":false,"template":"","format":"standard","meta":{"footnotes":""},"categories":[3],"tags":[],"class_list":["post-15314","post","type-post","status-publish","format-standard","hentry","category-articole"],"_links":{"self":[{"href":"https:\/\/www.marianagurza.ro\/blog\/wp-json\/wp\/v2\/posts\/15314","targetHints":{"allow":["GET"]}}],"collection":[{"href":"https:\/\/www.marianagurza.ro\/blog\/wp-json\/wp\/v2\/posts"}],"about":[{"href":"https:\/\/www.marianagurza.ro\/blog\/wp-json\/wp\/v2\/types\/post"}],"author":[{"embeddable":true,"href":"https:\/\/www.marianagurza.ro\/blog\/wp-json\/wp\/v2\/users\/1"}],"replies":[{"embeddable":true,"href":"https:\/\/www.marianagurza.ro\/blog\/wp-json\/wp\/v2\/comments?post=15314"}],"version-history":[{"count":3,"href":"https:\/\/www.marianagurza.ro\/blog\/wp-json\/wp\/v2\/posts\/15314\/revisions"}],"predecessor-version":[{"id":15319,"href":"https:\/\/www.marianagurza.ro\/blog\/wp-json\/wp\/v2\/posts\/15314\/revisions\/15319"}],"wp:attachment":[{"href":"https:\/\/www.marianagurza.ro\/blog\/wp-json\/wp\/v2\/media?parent=15314"}],"wp:term":[{"taxonomy":"category","embeddable":true,"href":"https:\/\/www.marianagurza.ro\/blog\/wp-json\/wp\/v2\/categories?post=15314"},{"taxonomy":"post_tag","embeddable":true,"href":"https:\/\/www.marianagurza.ro\/blog\/wp-json\/wp\/v2\/tags?post=15314"}],"curies":[{"name":"wp","href":"https:\/\/api.w.org\/{rel}","templated":true}]}}